{"id":13295,"date":"2024-08-21T14:05:03","date_gmt":"2024-08-21T17:05:03","guid":{"rendered":"http:\/\/aarquiteta.com.br\/?p=13295"},"modified":"2024-08-21T14:05:03","modified_gmt":"2024-08-21T17:05:03","slug":"premio-influenciadores-digitais-2017","status":"publish","type":"post","link":"https:\/\/www.aarquiteta.com.br\/blog\/premio-influenciadores-digitais-2017\/","title":{"rendered":"Influenciadores Digitais 2017 &#8211; N\u00f3s vencemos de novo!"},"content":{"rendered":"<p>Influenciadores Digitais 2017 &#8211; N\u00f3s vencemos!<\/p><p>O portal A Arquiteta participa do 2\u00ba Pr\u00eamio influenciadores.<\/p><p>A <a href=\"https:\/\/portaldacomunicacao.com.br\/revistas\/\" target=\"_blank\" rel=\"noopener\">Revista Neg\u00f3cios da Comunica\u00e7\u00e3o<\/a> \u00a0realizou em 03 de julho de 2017 no Teatro CIEE em S\u00e3o Paulo a segunda edi\u00e7\u00e3o do <a href=\"https:\/\/premioinfluenciadores.com.br\/\" target=\"_blank\" rel=\"noopener\">Pr\u00eamio Influenciadores<\/a> Digitais.<\/p><p><img decoding=\"async\" class=\"aligncenter wp-image-13296 size-post-thumbnail-size\" src=\"https:\/\/www.aarquiteta.com.br\/blog\/wp-content\/uploads\/2018\/02\/premio-auditoriociee-700x330.jpg\" alt=\"\" width=\"700\" height=\"330\" title=\"\"><\/p><p style=\"text-align: center;\">Audit\u00f3rio CIEE, come\u00e7a a receber os convidados para a premia\u00e7\u00e3o<\/p><h2>Influenciadores Digitais 2017 &#8211; N\u00f3s vencemos!<\/h2><p>O Pr\u00eamio Influenciadores Digitais \u00e9 promovido pelo CECOM \u2013 Centro de Estudos da Comunica\u00e7\u00e3o e pela revista Neg\u00f3cios da Comunica\u00e7\u00e3o, com objetivo de <strong>reconhecer e valorizar o empreendedorismo<\/strong> e a <a href=\"https:\/\/portaldacomunicacao.com.br\/2017\/07\/premiacao-reune-grandes-nomes-da-internet\/\" target=\"_blank\" rel=\"noopener\"><strong>habilidade das pessoas<\/strong><\/a> que perceberam nas novas tecnologias uma oportunidade n\u00e3o s\u00f3 para se comunicar de forma inovadora, mas de fazer bons neg\u00f3cios.<\/p><h3>Os 6 indicados:<\/h3><p><img decoding=\"async\" class=\"aligncenter size-full wp-image-13297\" src=\"https:\/\/www.aarquiteta.com.br\/blog\/wp-content\/uploads\/2018\/02\/indicados-premios.jpg\" alt=\"\" width=\"987\" height=\"353\" title=\"\" srcset=\"https:\/\/www.aarquiteta.com.br\/blog\/wp-content\/uploads\/2018\/02\/indicados-premios.jpg 987w, https:\/\/www.aarquiteta.com.br\/blog\/wp-content\/uploads\/2018\/02\/indicados-premios-696x249.jpg 696w, https:\/\/www.aarquiteta.com.br\/blog\/wp-content\/uploads\/2018\/02\/indicados-premios-150x54.jpg 150w\" sizes=\"(max-width: 987px) 100vw, 987px\" \/><\/p><p style=\"text-align: center;\"><a href=\"https:\/\/premioinfluenciadores.com.br\/premiacao\/\" target=\"_blank\" rel=\"noopener\">Sempre uma satisfa\u00e7\u00e3o estar concorrendo com profissionais como esses!<\/a><\/p><p>Nessa edi\u00e7\u00e3o foram inclu\u00eddas duas novas categorias, totalizando 22 categorias com 6 participantes em cada uma.<\/p><p>E o portal A Arquiteta teve a felicidade de estar novamente concorrendo na <strong>categoria Cidades, <a href=\"https:\/\/www.aarquiteta.com.br\/blog\/?s=ARQUITETURA\">Arquitetura<\/a> e Urbanismo<\/strong>, que passou pelo mesmo procedimento de verifica\u00e7\u00e3o e avalia\u00e7\u00f5es de Audi\u00eancia atrav\u00e9s da <strong>METODOLOGIA A2ad.<\/strong><\/p><p>A agencia apontou os <strong>3 melhores comunicadores<\/strong> tanto na vota\u00e7\u00e3o t\u00e9cnica como popular e entre eles est\u00e1vamos n\u00f3s novamente!<\/p><h3>Os 3 vencedores do pr\u00eamio influenciadores digitais foram:<\/h3><p><img decoding=\"async\" class=\"aligncenter size-full wp-image-13298\" src=\"https:\/\/www.aarquiteta.com.br\/blog\/wp-content\/uploads\/2018\/02\/vencedores-premios.jpg\" alt=\"\" width=\"967\" height=\"575\" title=\"\" srcset=\"https:\/\/www.aarquiteta.com.br\/blog\/wp-content\/uploads\/2018\/02\/vencedores-premios.jpg 967w, https:\/\/www.aarquiteta.com.br\/blog\/wp-content\/uploads\/2018\/02\/vencedores-premios-696x414.jpg 696w, https:\/\/www.aarquiteta.com.br\/blog\/wp-content\/uploads\/2018\/02\/vencedores-premios-150x89.jpg 150w\" sizes=\"(max-width: 967px) 100vw, 967px\" \/><\/p><p style=\"text-align: center;\"><a href=\"https:\/\/premioinfluenciadores.com.br\/edicoes-anteriores\/vencedores-edicao-2016\/\" target=\"_blank\" rel=\"noopener\">A Arquiteta entre outros vencedores da Edi\u00e7\u00e3o 2017<\/a><\/p><p>A sele\u00e7\u00e3o dos participantes \u00e9 rigorosa e <strong>o m\u00e9todo de pesquisa \u00e9 desenvolvido pela ag\u00eancia digital A2ad<\/strong>, que combina informa\u00e7\u00f5es das principais ferramentas digitais dispon\u00edveis no mercado, associadas \u00e0 an\u00e1lise de uma equipe de Business Intelligence, com expertise em transformar dados em estrat\u00e9gias e insights criativos.<\/p><p>Assim como na edi\u00e7\u00e3o anterior: na primeira fase, por meio de<strong> m\u00e9tricas de audi\u00eancia, influ\u00eancia e relev\u00e2ncia<\/strong> foram selecionados os seis mais relevantes influenciadores digitais de 22 categorias, escolhidos ap\u00f3s duas etapas.<\/p><p>J\u00e1 na <strong>segunda etapa<\/strong>, foi promovida uma <strong>a\u00e7\u00e3o de vota\u00e7\u00f5es e premia\u00e7\u00f5es distintas:<\/strong> a do voto t\u00e9cnico, formado por profissionais de comunica\u00e7\u00e3o de todo o pa\u00eds, e a do voto popular, que d<strong>ecidir\u00e3o os 3 melhores entre os melhores,<\/strong> por categoria, para cada p\u00fablico.<\/p><p>E o nome do nosso portal A Arquiteta \u00a0n\u00e3o s\u00f3 esteve novamente presente entre os 6 mais relevantes como tamb\u00e9m<strong> teve a honra de ganhar outra vez o pr\u00eamio<\/strong> pelo voto t\u00e9cnico e popular levando tamb\u00e9m o <strong>pr\u00eamio Destaque<\/strong> na categoria.<\/p><h3>Novidades da edi\u00e7\u00e3o<\/h3><p>Nessa edi\u00e7\u00e3o de 2017 al\u00e9m do premia\u00e7\u00e3o o <a href=\"https:\/\/www.aarquiteta.com.br\/blog\/eventos-a-arquiteta\/\" class=\"ilj-generated-link\">evento<\/a> contou com 4 pain\u00e9is sobre o papel do influenciador digital, com palestras direcionadas aos influenciadores.<\/p><ul><li><strong>Painel 1\u00a0| <a href=\"https:\/\/youtu.be\/J0TvlnGjzPA\" target=\"_blank\" rel=\"noopener\">O que as marcas esperam dos influenciadores?<\/a><\/strong><\/li><li><strong>Painel 2 |\u00a0<a href=\"https:\/\/youtu.be\/a0e45KKrdL8\" target=\"_blank\" rel=\"noopener\">ROI: como mensurar o retorno de um influenciador?<\/a><\/strong><\/li><li><strong>Painel 3 | <a href=\"https:\/\/youtu.be\/iMfPpYzwWDc\" target=\"_blank\" rel=\"noopener\">A escolha ideal: quais fatores considerar ao selecionar um ID para sua marca<\/a><\/strong><\/li><li><strong>Painel 4 | <a href=\"https:\/\/youtu.be\/UcAf2bF98Ws\" target=\"_blank\" rel=\"noopener\">Comunica\u00e7\u00e3o e marketing: por que apostar em um microinfluenciador dentro da sua estrat\u00e9gia?<\/a><\/strong><\/li><\/ul><p>Depois das palestras os influenciadores forem agraciados com um coquetel que antecederam os momentos da t\u00e3o esperada premia\u00e7\u00e3o.<\/p><figure id=\"attachment_13305\" aria-describedby=\"caption-attachment-13305\" style=\"width: 700px\" class=\"wp-caption aligncenter\"><img decoding=\"async\" class=\"wp-image-13305 size-full\" title=\"Influenciadores Digitais 2017 - N\u00f3s vencemos!\" src=\"https:\/\/www.aarquiteta.com.br\/blog\/wp-content\/uploads\/2017\/07\/coquetel-de-premiacao.jpg\" alt=\"Influenciadores Digitais 2017 - N\u00f3s vencemos!\" width=\"700\" height=\"480\" srcset=\"https:\/\/www.aarquiteta.com.br\/blog\/wp-content\/uploads\/2017\/07\/coquetel-de-premiacao.jpg 700w, https:\/\/www.aarquiteta.com.br\/blog\/wp-content\/uploads\/2017\/07\/coquetel-de-premiacao-696x477.jpg 696w, https:\/\/www.aarquiteta.com.br\/blog\/wp-content\/uploads\/2017\/07\/coquetel-de-premiacao-150x103.jpg 150w\" sizes=\"(max-width: 700px) 100vw, 700px\" \/><figcaption id=\"caption-attachment-13305\" class=\"wp-caption-text\">Influenciadores Digitais 2017 &#8211; N\u00f3s vencemos!<\/figcaption><\/figure><p style=\"text-align: center;\"><a href=\"https:\/\/portaldacomunicacao.com.br\/2017\/07\/premiacao-reune-grandes-nomes-da-internet\/\" target=\"_blank\" rel=\"noopener\">Coquetel com os maiores influenciadores do Brasil<\/a><\/p><p>A festa ainda foi destaque no <strong><a href=\"https:\/\/portaldacomunicacao.com.br\/2017\/10\/empreendedorismo-e-talento-celebrados\/\" target=\"_blank\" rel=\"noopener\">portal da comunica\u00e7\u00e3o<\/a>\u00a0<\/strong> que tamb\u00e9m publicou\u00a0uma reportagem sobre os <strong><a href=\"https:\/\/portaldacomunicacao.com.br\/2017\/06\/para-quem-faz-uma-cidade-mais-bonita\/\" target=\"_blank\" rel=\"noopener\">vencedores da categoria Arquitetura<\/a>,<\/strong> <a href=\"https:\/\/www.aarquiteta.com.br\/blog\/arquitetura\/cidades-e-curiosidades\/\" class=\"ilj-generated-link\">Cidades<\/a> e Urbanismo e imagine s\u00f3 se n\u00e3o ficamos felizes.\u00a0Foi a oportunidade que tivemos de estar em contato com grandes nomes da internet.<\/p><p>Como n\u00e3o poderia deixar de ser , a equipe A Arquiteta agradece ao centro de estudos da comunica\u00e7\u00e3o-CECOM e a Revista Neg\u00f3cios da Comunica\u00e7\u00e3o,<strong> especialmente ao <a href=\"https:\/\/premioinfluenciadores.com.br\/o-premio\/\" target=\"_blank\" rel=\"noopener\">Marcio Cardeal<\/a><\/strong>\u00a0pela oportunidade nos dada e pela confian\u00e7a e reconhecimento que o pr\u00eamio nos d\u00e1 a respeito do nosso trabalho.<\/p><p>&nbsp;<\/p><figure id=\"attachment_13306\" aria-describedby=\"caption-attachment-13306\" style=\"width: 1162px\" class=\"wp-caption aligncenter\"><img decoding=\"async\" class=\"wp-image-13306 size-full\" title=\"Influenciadores Digitais 2017 - N\u00f3s vencemos!\" src=\"https:\/\/www.aarquiteta.com.br\/blog\/wp-content\/uploads\/2017\/07\/premio-com-44.jpg\" alt=\"Influenciadores Digitais 2017 - N\u00f3s vencemos!\" width=\"1162\" height=\"654\" srcset=\"https:\/\/www.aarquiteta.com.br\/blog\/wp-content\/uploads\/2017\/07\/premio-com-44.jpg 1162w, https:\/\/www.aarquiteta.com.br\/blog\/wp-content\/uploads\/2017\/07\/premio-com-44-1024x576.jpg 1024w, https:\/\/www.aarquiteta.com.br\/blog\/wp-content\/uploads\/2017\/07\/premio-com-44-696x392.jpg 696w, https:\/\/www.aarquiteta.com.br\/blog\/wp-content\/uploads\/2017\/07\/premio-com-44-150x84.jpg 150w\" sizes=\"(max-width: 1162px) 100vw, 1162px\" \/><figcaption id=\"caption-attachment-13306\" class=\"wp-caption-text\">Influenciadores Digitais 2017 &#8211; N\u00f3s vencemos!<\/figcaption><\/figure><p>E <strong>agrademos novamente tamb\u00e9m a todos<\/strong> os votos recebidos dos nossos seguidores, assim como os leitores do blog, alunos dos <a href=\"https:\/\/www.aarquiteta.com.br\/blog\/cursos-de-arquitetura-e-decoracao\/\" class=\"ilj-generated-link\">cursos<\/a>, amigos, colegas, professores, parceiros e todos que formam a equipe, sem cada um o nosso trabalho n\u00e3o seria o que \u00e9 hoje.<\/p><p>Muito obrigada a todos!<\/p><p>Confira o trecho da premia\u00e7\u00e3o:<\/p><p><iframe src=\"https:\/\/www.youtube.com\/embed\/vkKc1KZbkmY\" width=\"560\" height=\"315\" frameborder=\"0\" allowfullscreen=\"allowfullscreen\"><\/iframe><\/p><p>Se voc\u00ea desejar assistir a todo o evento e conferir quem esteve presente nessa grande festa \u00e9 s\u00f3 assistir o v\u00eddeo abaixo:<\/p><p><iframe src=\"https:\/\/www.youtube.com\/embed\/3HzhU5kFFVg\" width=\"560\" height=\"315\" frameborder=\"0\" allowfullscreen=\"allowfullscreen\"><\/iframe><\/p><p>&nbsp;<\/p><h2>E a\u00ed, gostou do artigo sobre Influenciadores Digitais 2017 &#8211; N\u00f3s vencemos?<\/h2><p>Ent\u00e3o deslize a tela para baixo e<a href=\"https:\/\/br.pinterest.com\/aarquitetapinterest\/_created\/\" target=\"_blank\" rel=\"noopener\"> confira mais dicas<\/a> como esta e n\u00e3o se esque\u00e7a de compartilhar com os amigos!<\/p><p>Quer mais dicas sobre o mundo da Arquitetura e Decora\u00e7\u00e3o? Ent\u00e3o decore f\u00e1cil sem mist\u00e9rios, confira alguns dos nossos artigos em:<\/p><ul><li style=\"list-style-type: none;\"><ul><li><a href=\"https:\/\/www.aarquiteta.com.br\/blog\/paisagismo\/\" target=\"_blank\" rel=\"noopener\">Casa e Jardim<\/a><\/li><li><a href=\"https:\/\/www.aarquiteta.com.br\/blog\/arquitetura\/mundo-arquitetura\/\" target=\"_blank\" rel=\"noopener\">Mundo Arquitetura<\/a><\/li><li><a href=\"https:\/\/www.aarquiteta.com.br\/decoracao\/\" target=\"_blank\" rel=\"noopener\">Decora\u00e7\u00e3o<br \/>\n<\/a><\/li><\/ul><\/li><\/ul><p>&nbsp;<\/p>","protected":false},"excerpt":{"rendered":"<p>Influenciadores Digitais 2017 &#8211; N\u00f3s vencemos!O portal A Arquiteta participa do 2\u00ba Pr\u00eamio influenciadores.A Revista Neg\u00f3cios da Comunica\u00e7\u00e3o \u00a0realizou em 03 de julho de 2017 no Teatro CIEE em S\u00e3o Paulo a segunda edi\u00e7\u00e3o do Pr\u00eamio Influenciadores Digitais.Audit\u00f3rio CIEE, come\u00e7a a receber os convidados para a premia\u00e7\u00e3oInfluenciadores Digitais 2017 &#8211; N\u00f3s vencemos!O Pr\u00eamio Influenciadores Digitais [&hellip;]<\/p>\n","protected":false},"author":102,"featured_media":13308,"comment_status":"closed","ping_status":"closed","sticky":false,"template":"","format":"standard","meta":{"footnotes":""},"categories":[11,20256],"tags":[1049,868,1054,1050],"class_list":["post-13295","post","type-post","status-publish","format-standard","has-post-thumbnail","category-eventos-a-arquiteta","category-premio-influenciadores-digitais","tag-influenciadores-digitais","tag-luciana-paixao","tag-portal-aarquiteta","tag-premio-influenciadores"],"_wp_attached_file":null,"_wp_attachment_metadata":null,"_wp_attachment_context":null,"_wp_attachment_is_custom_header":null,"geo_longitude":null,"geo_public":null,"geo_latitude":null,"_publicize_done_external":null,"_wpas_done_3897181":null,"publicize_twitter_user":null,"_wpas_done_3897175":null,"_wpas_skip_3897181":null,"_wpas_skip_3897175":null,"_wpas_skip_3924723":null,"_wpas_mess":null,"_wpas_done_3924723":null,"wps_subtitle":"Confira nossa participa\u00e7\u00e3o no evento Influenciadores Digitais 2017! Veja quem estava l\u00e1 e quem foram os vencedores!","_links":{"self":[{"href":"https:\/\/www.aarquiteta.com.br\/blog\/wp-json\/wp\/v2\/posts\/13295","targetHints":{"allow":["GET"]}}],"collection":[{"href":"https:\/\/www.aarquiteta.com.br\/blog\/wp-json\/wp\/v2\/posts"}],"about":[{"href":"https:\/\/www.aarquiteta.com.br\/blog\/wp-json\/wp\/v2\/types\/post"}],"author":[{"embeddable":true,"href":"https:\/\/www.aarquiteta.com.br\/blog\/wp-json\/wp\/v2\/users\/102"}],"replies":[{"embeddable":true,"href":"https:\/\/www.aarquiteta.com.br\/blog\/wp-json\/wp\/v2\/comments?post=13295"}],"version-history":[{"count":0,"href":"https:\/\/www.aarquiteta.com.br\/blog\/wp-json\/wp\/v2\/posts\/13295\/revisions"}],"wp:featuredmedia":[{"embeddable":true,"href":"https:\/\/www.aarquiteta.com.br\/blog\/wp-json\/wp\/v2\/media\/13308"}],"wp:attachment":[{"href":"https:\/\/www.aarquiteta.com.br\/blog\/wp-json\/wp\/v2\/media?parent=13295"}],"wp:term":[{"taxonomy":"category","embeddable":true,"href":"https:\/\/www.aarquiteta.com.br\/blog\/wp-json\/wp\/v2\/categories?post=13295"},{"taxonomy":"post_tag","embeddable":true,"href":"https:\/\/www.aarquiteta.com.br\/blog\/wp-json\/wp\/v2\/tags?post=13295"}],"curies":[{"name":"wp","href":"https:\/\/api.w.org\/{rel}","templated":true}]}}