{"id":132882,"date":"2024-10-20T10:22:25","date_gmt":"2024-10-20T13:22:25","guid":{"rendered":"https:\/\/www.aarquiteta.com.br\/blog\/organizadores-temperos-6-solucoes-praticas-cozinhas\/"},"modified":"2024-10-20T10:22:25","modified_gmt":"2024-10-20T13:22:25","slug":"organizadores-temperos-6-solucoes-praticas-cozinhas","status":"publish","type":"post","link":"https:\/\/www.aarquiteta.com.br\/blog\/organizadores-temperos-6-solucoes-praticas-cozinhas\/","title":{"rendered":"Organizadores de Temperos: 6 Solu\u00e7\u00f5es Pr\u00e1ticas para Cozinhas"},"content":{"rendered":"<p>Descubra 6 solu\u00e7\u00f5es pr\u00e1ticas para organizar seus temperos e otimizar o espa\u00e7o na sua cozinha, tornando o seu dia a dia mais eficiente e agrad\u00e1vel.<\/p>\n<h2>Destaques principais<\/h2>\n<ul>\n<li><b>Prateleiras Magn\u00e9ticas:<\/b> Uma solu\u00e7\u00e3o inovadora que economiza espa\u00e7o e facilita o acesso aos temperos.<\/li>\n<li><b>Organizadores de Gaveta:<\/b> Essenciais para manter a ordem e a praticidade na hora de cozinhar.<\/li>\n<li><b>Frascos Transparentes:<\/b> Aumentam a visibilidade e ajudam na identifica\u00e7\u00e3o r\u00e1pida dos temperos.<\/li>\n<\/ul>\n<h2>1. Prateleiras Magn\u00e9ticas<\/h2>\n<p>As <b>prateleiras magn\u00e9ticas<\/b> s\u00e3o uma excelente maneira de manter seus temperos \u00e0 vista e organizados. Elas podem ser fixadas na parede, liberando espa\u00e7o nas prateleiras tradicionais. Al\u00e9m disso, a instala\u00e7\u00e3o \u00e9 simples e r\u00e1pida, permitindo que voc\u00ea aproveite ao m\u00e1ximo a verticalidade da sua cozinha.<\/p>\n<h3>Vantagens das Prateleiras Magn\u00e9ticas<\/h3>\n<figure style=\"width: 1024px\" class=\"wp-caption aligncenter\"><img decoding=\"async\" src=\"https:\/\/www.aarquiteta.com.br\/blog\/wp-content\/uploads\/2024\/10\/organizadores-temperos-6-solucoes-praticas-cozinhas04.jpg\" alt=\"Organizadores de Temperos: 6 Solu\u00e7\u00f5es Pr\u00e1ticas para Cozinhas\" width=\"1024\" height=\"1024\" title=\"\"><figcaption class=\"wp-caption-text\">Organizadores de Temperos: 6 Solu\u00e7\u00f5es Pr\u00e1ticas para Cozinhas<\/figcaption><\/figure>\n<p>Uma das principais vantagens \u00e9 a <b>facilidade de acesso<\/b>. Voc\u00ea pode ver todos os temperos de uma s\u00f3 vez, o que torna a hora de cozinhar muito mais pr\u00e1tica. Al\u00e9m disso, elas s\u00e3o uma op\u00e7\u00e3o est\u00e9tica, trazendo um toque moderno \u00e0 sua cozinha.<\/p>\n<h3>Como Instalar<\/h3>\n<figure style=\"width: 1024px\" class=\"wp-caption aligncenter\"><img decoding=\"async\" src=\"https:\/\/www.aarquiteta.com.br\/blog\/wp-content\/uploads\/2024\/10\/organizadores-temperos-6-solucoes-praticas-cozinhas03.jpg\" alt=\"Organizadores de Temperos: 6 Solu\u00e7\u00f5es Pr\u00e1ticas para Cozinhas\" width=\"1024\" height=\"1024\" title=\"\"><figcaption class=\"wp-caption-text\">Organizadores de Temperos: 6 Solu\u00e7\u00f5es Pr\u00e1ticas para Cozinhas<\/figcaption><\/figure>\n<p>Para instalar prateleiras magn\u00e9ticas, voc\u00ea s\u00f3 precisa de um <b>kit de instala\u00e7\u00e3o<\/b> que geralmente vem com \u00edm\u00e3s e suportes. Escolha um local de f\u00e1cil acesso e siga as instru\u00e7\u00f5es do fabricante. Em poucos minutos, voc\u00ea ter\u00e1 uma nova forma de organizar seus temperos!<\/p>\n<h2>2. Organizadores de Gaveta<\/h2>\n<p>Os <b>organizadores de gaveta<\/b> s\u00e3o perfeitos para quem tem pouco espa\u00e7o. Eles ajudam a manter os temperos em ordem e evitam que voc\u00ea perca tempo procurando o que precisa.<\/p>\n<h3>Tipos de Organizadores<\/h3>\n<figure style=\"width: 1024px\" class=\"wp-caption aligncenter\"><img decoding=\"async\" src=\"https:\/\/www.aarquiteta.com.br\/blog\/wp-content\/uploads\/2024\/10\/organizadores-temperos-6-solucoes-praticas-cozinhas02.jpg\" alt=\"Organizadores de Temperos: 6 Solu\u00e7\u00f5es Pr\u00e1ticas para Cozinhas\" width=\"1024\" height=\"1024\" title=\"\"><figcaption class=\"wp-caption-text\">Organizadores de Temperos: 6 Solu\u00e7\u00f5es Pr\u00e1ticas para Cozinhas<\/figcaption><\/figure>\n<p>Existem diversos tipos de organizadores, como os de <b>pl\u00e1stico<\/b>, <b>madeira<\/b> ou <b>metal<\/b>. Escolha o que melhor se adapta ao seu estilo e \u00e0s suas necessidades. Alguns modelos possuem divis\u00f3rias ajust\u00e1veis, permitindo que voc\u00ea personalize o espa\u00e7o.<\/p>\n<h3>Dicas de Uso<\/h3>\n<figure style=\"width: 1024px\" class=\"wp-caption aligncenter\"><img decoding=\"async\" src=\"https:\/\/www.aarquiteta.com.br\/blog\/wp-content\/uploads\/2024\/10\/organizadores-temperos-6-solucoes-praticas-cozinhas01.jpg\" alt=\"Organizadores de Temperos: 6 Solu\u00e7\u00f5es Pr\u00e1ticas para Cozinhas\" width=\"1024\" height=\"1024\" title=\"\"><figcaption class=\"wp-caption-text\">Organizadores de Temperos: 6 Solu\u00e7\u00f5es Pr\u00e1ticas para Cozinhas<\/figcaption><\/figure>\n<p>Uma dica valiosa \u00e9 organizar os temperos por <b>categoria<\/b> ou frequ\u00eancia de uso. Assim, voc\u00ea sempre encontrar\u00e1 o que precisa sem complica\u00e7\u00f5es. Al\u00e9m disso, mantenha os frascos limpos e etiquetados para facilitar ainda mais a identifica\u00e7\u00e3o.<\/p>\n<h2>3. Frascos Transparentes<\/h2>\n<p>Os <b>frascos transparentes<\/b> s\u00e3o uma \u00f3tima maneira de visualizar seus temperos. Eles n\u00e3o s\u00f3 ajudam na organiza\u00e7\u00e3o, mas tamb\u00e9m trazem um toque de eleg\u00e2ncia \u00e0 sua cozinha.<\/p>\n<h3>Benef\u00edcios dos Frascos Transparentes<\/h3>\n<p>Com frascos transparentes, voc\u00ea pode ver rapidamente o que tem dispon\u00edvel. Isso evita compras desnecess\u00e1rias e garante que voc\u00ea sempre tenha os temperos que mais usa \u00e0 m\u00e3o.<\/p>\n<h3>Etiquetas e Identifica\u00e7\u00e3o<\/h3>\n<h3>Assista agora a minha recomenda\u00e7\u00e3o de video abaixo sobre o tema que estamos tratando neste artigo: <\/h3>\n<p>https:\/\/www.youtube.com\/watch?v=<\/p>\n<p>Utilizar <b>etiquetas<\/b> \u00e9 fundamental para a organiza\u00e7\u00e3o. Voc\u00ea pode optar por etiquetas adesivas ou at\u00e9 mesmo fazer uma rotulagem mais criativa com canetas permanentes. O importante \u00e9 que voc\u00ea consiga identificar cada tempero rapidamente.<\/p>\n<h2>4. Suportes de Parede<\/h2>\n<p>Os <b>suportes de parede<\/b> s\u00e3o uma solu\u00e7\u00e3o pr\u00e1tica e decorativa. Eles permitem que voc\u00ea exponha seus temperos de forma organizada e acess\u00edvel.<\/p>\n<h3>Modelos Dispon\u00edveis<\/h3>\n<p>Existem diversos modelos de suportes, desde os mais simples at\u00e9 os mais elaborados, que podem incluir prateleiras ou ganchos. Escolha um que combine com a decora\u00e7\u00e3o da sua cozinha.<\/p>\n<h3>Como Escolher o Melhor Suporte<\/h3>\n<p>Ao escolher um suporte, considere o <b>tamanho<\/b> e o <b>peso<\/b> dos frascos que voc\u00ea pretende usar. Certifique-se de que o suporte \u00e9 resistente o suficiente para suportar o peso dos temperos.<\/p>\n<h2>5. Caixas Organizadoras<\/h2>\n<p>As <b>caixas organizadoras<\/b> s\u00e3o uma excelente op\u00e7\u00e3o para quem tem muitos temperos. Elas ajudam a manter tudo em ordem e podem ser facilmente armazenadas em prateleiras ou gavetas.<\/p>\n<h3>Materiais e Estilos<\/h3>\n<p>As caixas podem ser feitas de <b>pl\u00e1stico<\/b>, <b>madeira<\/b> ou <b>metal<\/b>. Escolha um material que combine com o restante da sua cozinha e que seja f\u00e1cil de limpar.<\/p>\n<h3>Organiza\u00e7\u00e3o por Categoria<\/h3>\n<p>Uma boa pr\u00e1tica \u00e9 organizar os temperos por <b>categoria<\/b>, como ervas, especiarias e sais. Isso facilita a busca e torna a cozinha mais funcional.<\/p>\n<h2>6. Carrinhos de Cozinha<\/h2>\n<p>Os <b>carrinhos de cozinha<\/b> s\u00e3o uma solu\u00e7\u00e3o vers\u00e1til e pr\u00e1tica. Eles podem ser movidos para onde voc\u00ea precisar e oferecem espa\u00e7o extra para armazenar temperos e outros utens\u00edlios.<\/p>\n<h3>Vantagens do Carrinho<\/h3>\n<p>Uma das grandes vantagens \u00e9 a <b>mobilidade<\/b>. Voc\u00ea pode levar o carrinho para a mesa na hora das refei\u00e7\u00f5es ou para a \u00e1rea de preparo, facilitando o acesso aos temperos.<\/p>\n<h3>Como Utilizar no Dia a Dia<\/h3>\n","protected":false},"excerpt":{"rendered":"<p>Mantenha seus temperos organizados com 6 solu\u00e7\u00f5es pr\u00e1ticas de organizadores para cozinhas funcionais.<\/p>\n","protected":false},"author":102,"featured_media":132879,"comment_status":"closed","ping_status":"closed","sticky":false,"template":"","format":"standard","meta":{"footnotes":""},"categories":[1484,971,18792,18794],"tags":[],"class_list":["post-132882","post","type-post","status-publish","format-standard","has-post-thumbnail","category-decoracao","category-design-de-interiores","category-decoracao-de-apartamento","category-projetos-de-decoracao-de-casas"],"_wp_attached_file":null,"_wp_attachment_metadata":null,"_wp_attachment_context":null,"_wp_attachment_is_custom_header":null,"geo_longitude":null,"geo_public":null,"geo_latitude":null,"_publicize_done_external":null,"_wpas_done_3897181":null,"publicize_twitter_user":null,"_wpas_done_3897175":null,"_wpas_skip_3897181":null,"_wpas_skip_3897175":null,"_wpas_skip_3924723":null,"_wpas_mess":null,"_wpas_done_3924723":null,"wps_subtitle":"","_links":{"self":[{"href":"https:\/\/www.aarquiteta.com.br\/blog\/wp-json\/wp\/v2\/posts\/132882","targetHints":{"allow":["GET"]}}],"collection":[{"href":"https:\/\/www.aarquiteta.com.br\/blog\/wp-json\/wp\/v2\/posts"}],"about":[{"href":"https:\/\/www.aarquiteta.com.br\/blog\/wp-json\/wp\/v2\/types\/post"}],"author":[{"embeddable":true,"href":"https:\/\/www.aarquiteta.com.br\/blog\/wp-json\/wp\/v2\/users\/102"}],"replies":[{"embeddable":true,"href":"https:\/\/www.aarquiteta.com.br\/blog\/wp-json\/wp\/v2\/comments?post=132882"}],"version-history":[{"count":0,"href":"https:\/\/www.aarquiteta.com.br\/blog\/wp-json\/wp\/v2\/posts\/132882\/revisions"}],"wp:featuredmedia":[{"embeddable":true,"href":"https:\/\/www.aarquiteta.com.br\/blog\/wp-json\/wp\/v2\/media\/132879"}],"wp:attachment":[{"href":"https:\/\/www.aarquiteta.com.br\/blog\/wp-json\/wp\/v2\/media?parent=132882"}],"wp:term":[{"taxonomy":"category","embeddable":true,"href":"https:\/\/www.aarquiteta.com.br\/blog\/wp-json\/wp\/v2\/categories?post=132882"},{"taxonomy":"post_tag","embeddable":true,"href":"https:\/\/www.aarquiteta.com.br\/blog\/wp-json\/wp\/v2\/tags?post=132882"}],"curies":[{"name":"wp","href":"https:\/\/api.w.org\/{rel}","templated":true}]}}