{"id":132877,"date":"2024-10-20T10:29:20","date_gmt":"2024-10-20T13:29:20","guid":{"rendered":"https:\/\/www.aarquiteta.com.br\/blog\/?p=132877"},"modified":"2024-10-20T10:39:53","modified_gmt":"2024-10-20T13:39:53","slug":"10-coisas-que-nao-podem-faltar-no-projeto-arquitetonico-da-sua-casa","status":"publish","type":"post","link":"https:\/\/www.aarquiteta.com.br\/blog\/10-coisas-que-nao-podem-faltar-no-projeto-arquitetonico-da-sua-casa\/","title":{"rendered":"10 Coisas que N\u00e3o Podem Faltar no Projeto Arquitet\u00f4nico da Sua Casa."},"content":{"rendered":"<p>Quando se trata de planejar o <a href=\"https:\/\/www.aarquiteta.com.br\/blog\/?s=PROJETO\">projeto<\/a> arquitet\u00f4nico de uma casa, \u00e9 fundamental pensar em cada detalhe para garantir que o resultado final seja <strong>funcional<\/strong>, <strong>confort\u00e1vel<\/strong> e <strong>esteticamente agrad\u00e1vel<\/strong>. Aqui est\u00e3o 10 elementos essenciais que <strong>n\u00e3o podem faltar<\/strong> no projeto da sua casa:<\/p><hr \/><h3>1. <strong>Boa Circula\u00e7\u00e3o e Setoriza\u00e7\u00e3o dos Ambientes<\/strong><\/h3><p>Uma das primeiras coisas a considerar \u00e9 a <strong>circula\u00e7\u00e3o<\/strong> dentro da casa. Isso significa que o layout precisa ser pensado para que as \u00e1reas de uso comum, como sala, <a href=\"https:\/\/www.aarquiteta.com.br\/blog\/decoracao\/ambientes-na-decoracao\/decoracao-de-cozinha\/\">cozinha<\/a> e varanda, tenham um fluxo natural e sejam bem conectadas. A setoriza\u00e7\u00e3o dos ambientes \u2014 como separar \u00e1reas <strong>sociais<\/strong> das \u00e1reas <strong>\u00edntimas<\/strong> (quartos e banheiros) \u2014 tamb\u00e9m \u00e9 crucial para garantir <strong>privacidade<\/strong> e <strong>funcionalidade<\/strong>.<\/p><ul><li><strong>Dica pr\u00e1tica<\/strong>: Use corredores curtos ou abertos, evitando desperd\u00edcio de espa\u00e7o com longos corredores desnecess\u00e1rios. Deixe \u00e1reas com alto fluxo de pessoas, como sala e cozinha, com acesso f\u00e1cil entre si.<\/li><\/ul><hr \/><figure id=\"attachment_131079\" aria-describedby=\"caption-attachment-131079\" style=\"width: 1024px\" class=\"wp-caption alignnone\"><img decoding=\"async\" class=\"size-full wp-image-131079\" src=\"https:\/\/www.aarquiteta.com.br\/blog\/wp-content\/uploads\/2024\/09\/iluminacao-natural-maximizar-luz-casa02.jpg\" alt=\"Ilumina\u00e7\u00e3o Natural: Como Maximizar a Luz em Casa\" width=\"1024\" height=\"1024\" title=\"\"><figcaption id=\"caption-attachment-131079\" class=\"wp-caption-text\"><a href=\"https:\/\/www.aarquiteta.com.br\/blog\/?s=ILUMINA%C3%87%C3%83O\">Ilumina\u00e7\u00e3o<\/a> Natural: Como Maximizar a Luz em Casa<\/figcaption><\/figure><h3>2. <strong>Ilumina\u00e7\u00e3o Natural e Ventila\u00e7\u00e3o<\/strong><\/h3><p>Uma boa ilumina\u00e7\u00e3o natural faz <strong>toda a diferen\u00e7a<\/strong> no conforto t\u00e9rmico e visual de uma casa. Grandes janelas, aberturas estrat\u00e9gicas e at\u00e9 mesmo a utiliza\u00e7\u00e3o de claraboias ajudam a trazer mais luz do sol para dentro da casa, o que reduz o uso de ilumina\u00e7\u00e3o artificial durante o dia. Al\u00e9m disso, a <strong>ventila\u00e7\u00e3o cruzada<\/strong> \u00e9 essencial para manter a casa fresca e arejada.<\/p><ul><li><strong>Dica pr\u00e1tica<\/strong>: Planeje janelas em <strong><a href=\"https:\/\/www.aarquiteta.com.br\/blog\/?s=PAREDE\">paredes<\/a> opostas<\/strong> para permitir que o ar circule de forma eficiente. Al\u00e9m de melhorar o conforto t\u00e9rmico, isso tamb\u00e9m ajuda a economizar energia com ventiladores ou ar-condicionado.<\/li><\/ul><hr \/><h3>3. <strong>Espa\u00e7o para Armazenamento<\/strong><\/h3><p>A falta de <strong>espa\u00e7o de armazenamento<\/strong> \u00e9 uma das queixas mais comuns em projetos mal planejados. Desde arm\u00e1rios embutidos at\u00e9 \u00e1reas espec\u00edficas como despensa e dep\u00f3sito, \u00e9 importante prever <strong>onde<\/strong> e <strong>como<\/strong> voc\u00ea vai armazenar os pertences da casa. Isso evita bagun\u00e7a e ajuda a manter a casa organizada no dia a dia.<\/p><ul><li><strong>Dica pr\u00e1tica<\/strong>: Inclua arm\u00e1rios em \u00e1reas como <strong>corredores<\/strong>, <strong>sob escadas<\/strong> e at\u00e9 mesmo nos banheiros. Essas \u00e1reas podem ser aproveitadas sem comprometer o design ou a circula\u00e7\u00e3o.<\/li><\/ul><hr \/><figure id=\"attachment_107662\" aria-describedby=\"caption-attachment-107662\" style=\"width: 1024px\" class=\"wp-caption alignnone\"><img decoding=\"async\" class=\"size-full wp-image-107662\" src=\"https:\/\/www.aarquiteta.com.br\/blog\/wp-content\/uploads\/2024\/03\/quintal-com-grama04.jpg\" alt=\"quintal com grama\" width=\"1024\" height=\"1024\" title=\"\" srcset=\"https:\/\/www.aarquiteta.com.br\/blog\/wp-content\/uploads\/2024\/03\/quintal-com-grama04.jpg 1024w, https:\/\/www.aarquiteta.com.br\/blog\/wp-content\/uploads\/2024\/03\/quintal-com-grama04-696x696.jpg 696w, https:\/\/www.aarquiteta.com.br\/blog\/wp-content\/uploads\/2024\/03\/quintal-com-grama04-96x96.jpg 96w, https:\/\/www.aarquiteta.com.br\/blog\/wp-content\/uploads\/2024\/03\/quintal-com-grama04-150x150.jpg 150w\" sizes=\"(max-width: 1024px) 100vw, 1024px\" \/><figcaption id=\"caption-attachment-107662\" class=\"wp-caption-text\"><a href=\"https:\/\/www.aarquiteta.com.br\/blog\/?s=QUINTAL\">quintal<\/a> com grama<\/figcaption><\/figure><h3>4. <strong>\u00c1rea Externa Funcional<\/strong><\/h3><p>A \u00e1rea externa \u00e9 uma parte importante do projeto arquitet\u00f4nico de uma casa. Seja um pequeno quintal, varanda ou at\u00e9 um jardim espa\u00e7oso, ter um espa\u00e7o ao ar livre para lazer, descanso ou receber visitas faz toda a diferen\u00e7a na <strong>qualidade de vida<\/strong>. Al\u00e9m disso, o <strong>paisagismo<\/strong> bem pensado ajuda a valorizar a est\u00e9tica e o clima da resid\u00eancia.<\/p><ul><li><strong>Dica pr\u00e1tica<\/strong>: Considere uma <strong>\u00e1rea gourmet<\/strong> com churrasqueira e espa\u00e7o para refei\u00e7\u00f5es externas, ou um <strong>jardim integrado<\/strong> com a sala de estar para criar uma sensa\u00e7\u00e3o de amplitude.<\/li><\/ul><hr \/><h3>5. <strong>Infraestrutura e Sustentabilidade<\/strong><\/h3><p>Por \u00faltimo, mas n\u00e3o menos importante, a <strong>infraestrutura<\/strong> da casa \u00e9 fundamental. Isso inclui o <strong>planejamento el\u00e9trico<\/strong> e <strong>hidr\u00e1ulico<\/strong>, que devem estar de acordo com as necessidades atuais e futuras da casa, al\u00e9m da possibilidade de integrar <strong>tecnologias sustent\u00e1veis<\/strong>. Pain\u00e9is solares, sistemas de capta\u00e7\u00e3o de \u00e1gua da chuva e ilumina\u00e7\u00e3o LED podem ser inseridos no projeto para reduzir os impactos ambientais e gerar economia a longo prazo.<\/p><ul><li><strong>Dica pr\u00e1tica<\/strong>: Prepare a casa para o uso de <strong>tecnologia sustent\u00e1vel<\/strong> desde o in\u00edcio. Um exemplo \u00e9 a previs\u00e3o de instala\u00e7\u00e3o de <strong>pain\u00e9is solares<\/strong> no telhado ou um sistema de irriga\u00e7\u00e3o eficiente no jardim.<\/li><\/ul><h3><strong>6. Flexibilidade para Expans\u00f5es Futuras<\/strong><\/h3><p>Algo que muitas pessoas esquecem ao planejar um projeto arquitet\u00f4nico \u00e9 deixar espa\u00e7o para <strong>expans\u00f5es futuras<\/strong>. Seja a chegada de novos membros da fam\u00edlia ou a necessidade de criar um novo c\u00f4modo, como um escrit\u00f3rio ou \u00e1rea de lazer, prever poss\u00edveis expans\u00f5es ajuda a evitar reformas dispendiosas no futuro.<\/p><ul><li><strong>Dica pr\u00e1tica<\/strong>: Durante o projeto, reserve \u00e1reas que podem ser convertidas ou ampliadas. Por exemplo, espa\u00e7os no quintal ou at\u00e9 mesmo um mezanino que pode virar um quarto extra.<\/li><\/ul><hr \/><figure id=\"attachment_113636\" aria-describedby=\"caption-attachment-113636\" style=\"width: 1024px\" class=\"wp-caption alignnone\"><img decoding=\"async\" class=\"size-full wp-image-113636\" src=\"https:\/\/www.aarquiteta.com.br\/blog\/wp-content\/uploads\/2024\/05\/Cozinha-verde-e-sustentavel-tendencias-para-202401.jpg\" alt=\"Cozinha verde e sustent\u00e1vel: tend\u00eancias para 2024\" width=\"1024\" height=\"1024\" title=\"\" srcset=\"https:\/\/www.aarquiteta.com.br\/blog\/wp-content\/uploads\/2024\/05\/Cozinha-verde-e-sustentavel-tendencias-para-202401.jpg 1024w, https:\/\/www.aarquiteta.com.br\/blog\/wp-content\/uploads\/2024\/05\/Cozinha-verde-e-sustentavel-tendencias-para-202401-696x696.jpg 696w, https:\/\/www.aarquiteta.com.br\/blog\/wp-content\/uploads\/2024\/05\/Cozinha-verde-e-sustentavel-tendencias-para-202401-96x96.jpg 96w, https:\/\/www.aarquiteta.com.br\/blog\/wp-content\/uploads\/2024\/05\/Cozinha-verde-e-sustentavel-tendencias-para-202401-150x150.jpg 150w\" sizes=\"(max-width: 1024px) 100vw, 1024px\" \/><figcaption id=\"caption-attachment-113636\" class=\"wp-caption-text\">Cozinha verde e sustent\u00e1vel: tend\u00eancias para 2024<\/figcaption><\/figure><h3><strong>7. Uso de Materiais Sustent\u00e1veis e Inovadores<\/strong><\/h3><p>Outro ponto que pode agregar valor ao artigo \u00e9 incluir informa\u00e7\u00f5es sobre a <strong>escolha de materiais sustent\u00e1veis<\/strong> e <strong>inovadores<\/strong> no projeto arquitet\u00f4nico. Al\u00e9m de serem mais ecol\u00f3gicos, materiais como <strong>tijolos ecol\u00f3gicos<\/strong>, <strong>madeira certificada<\/strong> e <strong>tintas n\u00e3o t\u00f3xicas<\/strong> ajudam a criar um ambiente mais saud\u00e1vel e sustent\u00e1vel para os moradores.<\/p><ul><li><strong>Dica pr\u00e1tica<\/strong>: Informe-se sobre as novidades no mercado de constru\u00e7\u00e3o. Hoje, h\u00e1 materiais reciclados ou de baixo impacto ambiental que podem reduzir o consumo de energia durante a obra e melhorar a <strong>efici\u00eancia energ\u00e9tica<\/strong> da casa a longo prazo.<\/li><\/ul><hr \/><h3><strong>8. Planejamento de Automa\u00e7\u00e3o Residencial<\/strong><\/h3><p>A <strong>automa\u00e7\u00e3o residencial<\/strong> est\u00e1 cada vez mais acess\u00edvel, e incluir no projeto pontos de automa\u00e7\u00e3o, como o controle de ilumina\u00e7\u00e3o, climatiza\u00e7\u00e3o e at\u00e9 sistemas de seguran\u00e7a, pode aumentar o conforto e a efici\u00eancia da casa. Hoje, dispositivos de <strong>casa inteligente<\/strong> podem ser integrados de maneira simples, melhorando a praticidade e at\u00e9 mesmo a seguran\u00e7a.<\/p><ul><li><strong>Dica pr\u00e1tica<\/strong>: Ao planejar a infraestrutura el\u00e9trica, reserve <strong>espa\u00e7os para automa\u00e7\u00e3o<\/strong> futura, como sistemas de ilumina\u00e7\u00e3o inteligente ou sensores de movimento, que ajudam a otimizar o consumo de energia e trazem mais praticidade.<\/li><\/ul><hr \/><h3><strong>9. Ac\u00fastica e Conforto Sonoro<\/strong><\/h3><p>Um fator frequentemente negligenciado, mas essencial para o conforto em casa, \u00e9 o <strong>isolamento ac\u00fastico<\/strong>. Garantir que o projeto inclua paredes e materiais que reduzem a propaga\u00e7\u00e3o do som melhora a <strong>qualidade de vida<\/strong>, especialmente em \u00e1reas urbanas ou em casas com \u00e1reas sociais pr\u00f3ximas dos quartos.<\/p><ul><li><strong>Dica pr\u00e1tica<\/strong>: Incluir materiais isolantes em paredes, tetos e janelas nas \u00e1reas de maior barulho, como a sala de estar ou cozinhas integradas. Isso melhora o conforto sonoro e torna os ambientes mais tranquilos.<\/li><\/ul><hr \/><h3><strong>10. Personaliza\u00e7\u00e3o e Identidade Visual<\/strong><\/h3><p>Outro diferencial no projeto arquitet\u00f4nico\u00a0\u00e9 abordar a <strong>personaliza\u00e7\u00e3o<\/strong> do design, de acordo com o estilo de vida e gosto dos moradores. Cada projeto deve refletir a <strong>identidade visual<\/strong> da fam\u00edlia, seja no uso de cores, texturas ou na escolha de detalhes arquitet\u00f4nicos, como revestimentos, fachadas e ilumina\u00e7\u00e3o.<\/p><ul><li><strong>Dica pr\u00e1tica<\/strong>: Trabalhar com arquitetos que possam incluir <strong>elementos \u00fanicos<\/strong> no design da casa, como fachadas diferenciadas, uso criativo de materiais ou at\u00e9 personaliza\u00e7\u00e3o interna dos ambientes, garantindo que o projeto tenha uma personalidade \u00fanica.<\/li><\/ul><hr \/><h3>Conclus\u00e3o<\/h3><p>Ao planejar o projeto arquitet\u00f4nico da sua casa, \u00e9 essencial pensar em <strong>funcionalidade<\/strong>, <strong>conforto<\/strong> e <strong>sustentabilidade<\/strong>. Uma boa circula\u00e7\u00e3o, aproveitamento da luz natural, armazenamento inteligente, espa\u00e7os externos agrad\u00e1veis e uma infraestrutura sustent\u00e1vel s\u00e3o os pilares para criar uma casa que n\u00e3o apenas atenda \u00e0s suas necessidades di\u00e1rias, mas tamb\u00e9m traga mais qualidade de vida para voc\u00ea e sua fam\u00edlia.<\/p>","protected":false},"excerpt":{"rendered":"<p>Quando se trata de planejar o projeto arquitet\u00f4nico de uma casa, \u00e9 fundamental pensar em cada detalhe para garantir que o resultado final seja funcional, confort\u00e1vel e esteticamente agrad\u00e1vel. Aqui est\u00e3o 10 elementos essenciais que n\u00e3o podem faltar no projeto da sua casa:1. Boa Circula\u00e7\u00e3o e Setoriza\u00e7\u00e3o dos AmbientesUma das primeiras coisas a considerar \u00e9 [&hellip;]<\/p>\n","protected":false},"author":20,"featured_media":132883,"comment_status":"closed","ping_status":"closed","sticky":false,"template":"","format":"standard","meta":{"footnotes":""},"categories":[1507,6,35354],"tags":[],"class_list":["post-132877","post","type-post","status-publish","format-standard","has-post-thumbnail","category-arquitetura","category-carreira-de-arquitetura","category-desenvolvimento-de-projetos-de-arquitetura"],"_wp_attached_file":null,"_wp_attachment_metadata":null,"_wp_attachment_context":null,"_wp_attachment_is_custom_header":null,"geo_longitude":null,"geo_public":null,"geo_latitude":null,"_publicize_done_external":null,"_wpas_done_3897181":null,"publicize_twitter_user":null,"_wpas_done_3897175":null,"_wpas_skip_3897181":null,"_wpas_skip_3897175":null,"_wpas_skip_3924723":null,"_wpas_mess":null,"_wpas_done_3924723":null,"wps_subtitle":"","_links":{"self":[{"href":"https:\/\/www.aarquiteta.com.br\/blog\/wp-json\/wp\/v2\/posts\/132877","targetHints":{"allow":["GET"]}}],"collection":[{"href":"https:\/\/www.aarquiteta.com.br\/blog\/wp-json\/wp\/v2\/posts"}],"about":[{"href":"https:\/\/www.aarquiteta.com.br\/blog\/wp-json\/wp\/v2\/types\/post"}],"author":[{"embeddable":true,"href":"https:\/\/www.aarquiteta.com.br\/blog\/wp-json\/wp\/v2\/users\/20"}],"replies":[{"embeddable":true,"href":"https:\/\/www.aarquiteta.com.br\/blog\/wp-json\/wp\/v2\/comments?post=132877"}],"version-history":[{"count":0,"href":"https:\/\/www.aarquiteta.com.br\/blog\/wp-json\/wp\/v2\/posts\/132877\/revisions"}],"wp:featuredmedia":[{"embeddable":true,"href":"https:\/\/www.aarquiteta.com.br\/blog\/wp-json\/wp\/v2\/media\/132883"}],"wp:attachment":[{"href":"https:\/\/www.aarquiteta.com.br\/blog\/wp-json\/wp\/v2\/media?parent=132877"}],"wp:term":[{"taxonomy":"category","embeddable":true,"href":"https:\/\/www.aarquiteta.com.br\/blog\/wp-json\/wp\/v2\/categories?post=132877"},{"taxonomy":"post_tag","embeddable":true,"href":"https:\/\/www.aarquiteta.com.br\/blog\/wp-json\/wp\/v2\/tags?post=132877"}],"curies":[{"name":"wp","href":"https:\/\/api.w.org\/{rel}","templated":true}]}}