{"id":132863,"date":"2024-10-20T09:40:49","date_gmt":"2024-10-20T12:40:49","guid":{"rendered":"https:\/\/www.aarquiteta.com.br\/blog\/parede-de-madeira\/"},"modified":"2024-10-20T09:40:49","modified_gmt":"2024-10-20T12:40:49","slug":"parede-de-madeira","status":"publish","type":"post","link":"https:\/\/www.aarquiteta.com.br\/blog\/parede-de-madeira\/","title":{"rendered":"10 Ideias de Parede de Madeira para um Espa\u00e7o Aconchegante"},"content":{"rendered":"<p><body><\/p>\n<p>Integrar uma <b>parede de madeira<\/b> em sua casa n\u00e3o \u00e9 s\u00f3 uma tend\u00eancia, \u00e9 uma forma de dar um toque especial \u00e0 sua decora\u00e7\u00e3o. Neste artigo, apresento as vantagens desse material encantador, ideias criativas para sua aplica\u00e7\u00e3o e dicas pr\u00e1ticas para sua instala\u00e7\u00e3o e manuten\u00e7\u00e3o. Vamos juntos transformar seu espa\u00e7o!<\/p>\n<h2>Introdu\u00e7\u00e3o<\/h2>\n<p>Ao considerar o design interno, a <b>parede de madeira<\/b> surge como uma excelente alternativa para quem busca um ambiente acolhedor. A versatilidade da madeira permite que ela se encaixe em diversos estilos, do r\u00fastico ao moderno. Nesse artigo, exploraremos como fazer essa escolha e maximizar seus benef\u00edcios.<\/p>\n<h2>Benef\u00edcios da parede de madeira<\/h2>\n<h3>1. Est\u00e9tica r\u00fastica e natural<\/h3>\n<figure style=\"width: 1024px\" class=\"wp-caption aligncenter\"><img decoding=\"async\" src=\"https:\/\/www.aarquiteta.com.br\/blog\/wp-content\/uploads\/2024\/10\/parede-de-madeira-5.webp\" alt=\"Mandril Arquitetura\" title=\"\"><figcaption class=\"wp-caption-text\">Mandril Arquitetura<\/figcaption><\/figure>\n<p>A <b>parede de madeira<\/b> traz uma <b>est\u00e9tica r\u00fastica<\/b> inconfund\u00edvel. Imagine a sensa\u00e7\u00e3o de estar em um chal\u00e9 nas montanhas, onde a natureza se faz presente em todas as formas. Essa sensa\u00e7\u00e3o de conex\u00e3o com a natureza \u00e9 algo que muitos buscam em seus lares, e a madeira \u00e9 o material perfeito para isso.<\/p>\n<h3>2. Versatilidade de uso em ambientes<\/h3>\n<figure style=\"width: 1024px\" class=\"wp-caption aligncenter\"><img decoding=\"async\" src=\"https:\/\/www.aarquiteta.com.br\/blog\/wp-content\/uploads\/2024\/10\/parede-de-madeira01.jpg\" alt=\"70 Ideias de Parede de Madeira para um Espa\u00e7o Aconchegante\" width=\"1024\" height=\"1024\" title=\"\"><figcaption class=\"wp-caption-text\">70 Ideias de Parede de Madeira para um Espa\u00e7o Aconchegante<\/figcaption><\/figure>\n<p>Um dos grandes trunfos da madeira \u00e9 a sua <b>versatilidade de uso<\/b>. Seja em quartos, salas de estar ou at\u00e9 cozinhas, esse material se adaptar\u00e1 ao seu estilo. Voc\u00ea pode usar pain\u00e9is, ripado, ou at\u00e9 mesmo t\u00e1buas expostas. Essa capacidade de se integrar a diferentes decora\u00e7\u00f5es \u00e9 algo que a madeira proporciona de forma \u00fanica.<\/p>\n<h3>3. Contribui\u00e7\u00e3o para a ac\u00fastica<\/h3>\n<figure style=\"width: 1024px\" class=\"wp-caption aligncenter\"><img decoding=\"async\" src=\"https:\/\/www.aarquiteta.com.br\/blog\/wp-content\/uploads\/2024\/10\/parede-de-madeira.webp\" alt=\"Manuela Senna Arquitetura\" title=\"\"><figcaption class=\"wp-caption-text\">Manuela Senna Arquitetura<\/figcaption><\/figure>\n<p>Um aspecto frequentemente esquecido \u00e9 a <b>contribui\u00e7\u00e3o que a madeira oferece para a ac\u00fastica<\/b> do ambiente. Ao optar por uma parede de madeira, voc\u00ea tem um efeito diretamente positivo na qualidade sonora do espa\u00e7o, amortecendo barulhos e criando um ambiente mais tranquilo.<\/p>\n<h2>Ideias criativas para aplicar a parede de madeira<\/h2>\n<h3>1. No quarto para um toque aconchegante<\/h3>\n<figure style=\"width: 1024px\" class=\"wp-caption aligncenter\"><img decoding=\"async\" src=\"https:\/\/www.aarquiteta.com.br\/blog\/wp-content\/uploads\/2024\/10\/parede-de-madeira02.jpg\" alt=\"70 Ideias de Parede de Madeira para um Espa\u00e7o Aconchegante\" width=\"1024\" height=\"1024\" title=\"\"><figcaption class=\"wp-caption-text\">70 Ideias de Parede de Madeira para um Espa\u00e7o Aconchegante<\/figcaption><\/figure>\n<p>Imagine acordar todos os dias em um quarto que abra\u00e7a voc\u00ea com suas paredes de madeira. O <b>toque aconchegante<\/b> que isso proporciona \u00e9 insuper\u00e1vel. Para uma experi\u00eancia singular, pode-se combin\u00e1-la com uma ilumina\u00e7\u00e3o suave, criando um ref\u00fagio perfeito.<\/p>\n<h3>2. Na sala de estar como destaque<\/h3>\n<figure style=\"width: 1024px\" class=\"wp-caption aligncenter\"><img decoding=\"async\" src=\"https:\/\/www.aarquiteta.com.br\/blog\/wp-content\/uploads\/2024\/10\/parede-de-madeira-1.webp\" alt=\"Katharina Barkmeyer\" title=\"\"><figcaption class=\"wp-caption-text\">Katharina Barkmeyer<\/figcaption><\/figure>\n<p>Transformar a sala de estar em um espa\u00e7o convidativo \u00e9 f\u00e1cil com uma <b>parede de madeira<\/b> como destaque. Integrar outros elementos, como almofadas e quadros, com madeira pode criar um ambiente harmonioso e cheio de personalidade.<\/p>\n<h3>3. Em ambientes externos para harmonizar com a natureza<\/h3>\n<figure style=\"width: 1024px\" class=\"wp-caption aligncenter\"><img decoding=\"async\" src=\"https:\/\/www.aarquiteta.com.br\/blog\/wp-content\/uploads\/2024\/10\/parede-de-madeira03.jpg\" alt=\"70 Ideias de Parede de Madeira para um Espa\u00e7o Aconchegante\" width=\"1024\" height=\"1024\" title=\"\"><figcaption class=\"wp-caption-text\">70 Ideias de Parede de Madeira para um Espa\u00e7o Aconchegante<\/figcaption><\/figure>\n<p>Voc\u00ea j\u00e1 pensou em usar a <b>madeira em \u00e1reas externas<\/b>? Seja em uma varanda ou na \u00e1rea do jardim, a madeira se harmoniza de maneira incr\u00edvel com o ambiente exterior, criando uma extens\u00e3o do seu lar que parece emergir da natureza.<\/p>\n<h2>Dicas para escolher o tipo de madeira<\/h2>\n<h3>1. Madeiras de demoli\u00e7\u00e3o<\/h3>\n<figure style=\"width: 1024px\" class=\"wp-caption aligncenter\"><img decoding=\"async\" src=\"https:\/\/www.aarquiteta.com.br\/blog\/wp-content\/uploads\/2024\/10\/parede-de-madeira-2.webp\" alt=\"Maur\u00edcio Karam Arquitetura\" title=\"\"><figcaption class=\"wp-caption-text\">Maur\u00edcio Karam Arquitetura<\/figcaption><\/figure>\n<p>As <b>madeiras de demoli\u00e7\u00e3o<\/b> trazem hist\u00f3rias e texturas \u00fanicas. Usar esse tipo de madeira em seu projeto \u00e9 como dar uma nova vida a algo antigo, trazendo um toque de hist\u00f3ria e rusticidade para seu espa\u00e7o.<\/p>\n<h3>2. Madeiras tratadas<\/h3>\n<figure style=\"width: 1024px\" class=\"wp-caption aligncenter\"><img decoding=\"async\" src=\"https:\/\/www.aarquiteta.com.br\/blog\/wp-content\/uploads\/2024\/10\/parede-de-madeira4.jpg\" alt=\"70 Ideias de Parede de Madeira para um Espa\u00e7o Aconchegante\" width=\"1024\" height=\"1024\" title=\"\"><figcaption class=\"wp-caption-text\">70 Ideias de Parede de Madeira para um Espa\u00e7o Aconchegante<\/figcaption><\/figure>\n<p>Se voc\u00ea busca durabilidade, considere as <b>madeiras tratadas<\/b>. Elas s\u00e3o mais resistentes a umidade e insetos, garantindo que sua parede preserve a beleza e a funcionalidade ao longo do tempo.<\/p>\n<h3>3. Cores e acabamentos para diferentes estilos<\/h3>\n<figure style=\"width: 1024px\" class=\"wp-caption aligncenter\"><img decoding=\"async\" src=\"https:\/\/www.aarquiteta.com.br\/blog\/wp-content\/uploads\/2024\/10\/parede-de-madeira-3.webp\" alt=\"Thaisa Bohrer\" title=\"\"><figcaption class=\"wp-caption-text\">Thaisa Bohrer<\/figcaption><\/figure>\n<p>O <b>acabamento da madeira<\/b> pode alterar completamente a atmosfera de um ambiente. Que tal optar por um tom mais escuro para um visual sofisticado ou um mais claro para uma pegada mais leve e arejada? As op\u00e7\u00f5es s\u00e3o in\u00fameras!<\/p>\n<h2>Como construir uma parede de madeira<\/h2>\n<h3>1. Materiais necess\u00e1rios<\/h3>\n<h3>Para se aprofundar mais sobre o tema, veja a minha recomenda\u00e7\u00e3o sobre o tema deste artigo no v\u00eddeo a seguir abaixo:<\/h3>\n<p><iframe title=\"YouTube video player\" src=\"https:\/\/www.youtube.com\/embed\/\" width=\"560\" height=\"315\" frameborder=\"0\" allowfullscreen=\"allowfullscreen\"><\/iframe><\/p>\n<p>Antes de iniciar, \u00e9 essencial saber quais s\u00e3o os <b>materiais necess\u00e1rios<\/b>. Eles podem incluir madeira (claro!), pregos, cola, n\u00edveis, e ferramentas b\u00e1sicas. Estar preparado \u00e9 meio caminho andado para o sucesso do projeto!<\/p>\n<h3>2. Passo a passo para montagem<\/h3>\n<figure style=\"width: 1024px\" class=\"wp-caption aligncenter\"><img decoding=\"async\" src=\"https:\/\/www.aarquiteta.com.br\/blog\/wp-content\/uploads\/2024\/10\/parede-de-madeira-4-960x1200.webp\" alt=\"Triplex Arquitetura\" title=\"\"><figcaption class=\"wp-caption-text\">Triplex Arquitetura<\/figcaption><\/figure>\n<p>Para a <b>montagem<\/b>, comece medindo corretamente o espa\u00e7o. Certifique-se de que a base est\u00e1 nivelada e siga com a fixa\u00e7\u00e3o das madeiras. Se n\u00e3o se sentir seguro, chame um amigo que manja das ferramentas. Afinal, \u00e9 sempre bom ter uma segunda opini\u00e3o!<\/p>\n<h2>Manuten\u00e7\u00e3o da parede de madeira<\/h2>\n<h3>1. Como manter a durabilidade<\/h3>\n<p>Essa parte \u00e9 crucial! Para garantir a <b>durabilidade da sua parede de madeira<\/b>, evite a exposi\u00e7\u00e3o excessiva \u00e0 umidade. \u00c1reas externas requerem um tratamento espec\u00edfico para resistir \u00e0s intemp\u00e9ries.<\/p>\n<h3>2. Limpeza e cuidados especiais<\/h3>\n<p>Limpar a madeira n\u00e3o precisa ser complicado. Um pano \u00famido e, ocasionalmente, um produto espec\u00edfico para madeira s\u00e3o suficientes para mant\u00ea-la em perfeito estado. Lembre-se: menos \u00e9 mais!<\/p>\n<h2>Considera\u00e7\u00f5es finais sobre a parede de madeira<\/h2>\n<p>Investir na <b>parede de madeira<\/b> \u00e9 uma decis\u00e3o que transforma qualquer espa\u00e7o, levando conforto e beleza a um novo patamar. Com as ideias e dicas apresentadas, voc\u00ea est\u00e1 pronto para fazer essa escolha com confian\u00e7a, criando um ambiente que reflete seu estilo e personalidade.<\/p>\n<p><\/body><\/p>\n","protected":false},"excerpt":{"rendered":"<p>Explore 70 ideias criativas de parede de madeira, trazendo aconchego e charme para sua casa. Inspire-se e transforme seus ambientes!<\/p>\n","protected":false},"author":102,"featured_media":132855,"comment_status":"closed","ping_status":"closed","sticky":false,"template":"","format":"standard","meta":{"footnotes":""},"categories":[1484],"tags":[],"class_list":["post-132863","post","type-post","status-publish","format-standard","has-post-thumbnail","category-decoracao"],"_wp_attached_file":null,"_wp_attachment_metadata":null,"_wp_attachment_context":null,"_wp_attachment_is_custom_header":null,"geo_longitude":null,"geo_public":null,"geo_latitude":null,"_publicize_done_external":null,"_wpas_done_3897181":null,"publicize_twitter_user":null,"_wpas_done_3897175":null,"_wpas_skip_3897181":null,"_wpas_skip_3897175":null,"_wpas_skip_3924723":null,"_wpas_mess":null,"_wpas_done_3924723":null,"wps_subtitle":"","_links":{"self":[{"href":"https:\/\/www.aarquiteta.com.br\/blog\/wp-json\/wp\/v2\/posts\/132863","targetHints":{"allow":["GET"]}}],"collection":[{"href":"https:\/\/www.aarquiteta.com.br\/blog\/wp-json\/wp\/v2\/posts"}],"about":[{"href":"https:\/\/www.aarquiteta.com.br\/blog\/wp-json\/wp\/v2\/types\/post"}],"author":[{"embeddable":true,"href":"https:\/\/www.aarquiteta.com.br\/blog\/wp-json\/wp\/v2\/users\/102"}],"replies":[{"embeddable":true,"href":"https:\/\/www.aarquiteta.com.br\/blog\/wp-json\/wp\/v2\/comments?post=132863"}],"version-history":[{"count":0,"href":"https:\/\/www.aarquiteta.com.br\/blog\/wp-json\/wp\/v2\/posts\/132863\/revisions"}],"wp:featuredmedia":[{"embeddable":true,"href":"https:\/\/www.aarquiteta.com.br\/blog\/wp-json\/wp\/v2\/media\/132855"}],"wp:attachment":[{"href":"https:\/\/www.aarquiteta.com.br\/blog\/wp-json\/wp\/v2\/media?parent=132863"}],"wp:term":[{"taxonomy":"category","embeddable":true,"href":"https:\/\/www.aarquiteta.com.br\/blog\/wp-json\/wp\/v2\/categories?post=132863"},{"taxonomy":"post_tag","embeddable":true,"href":"https:\/\/www.aarquiteta.com.br\/blog\/wp-json\/wp\/v2\/tags?post=132863"}],"curies":[{"name":"wp","href":"https:\/\/api.w.org\/{rel}","templated":true}]}}