{"id":132815,"date":"2024-10-19T10:37:33","date_gmt":"2024-10-19T13:37:33","guid":{"rendered":"https:\/\/www.aarquiteta.com.br\/blog\/apartamento-decorado\/"},"modified":"2024-10-19T10:37:33","modified_gmt":"2024-10-19T13:37:33","slug":"apartamento-decorado","status":"publish","type":"post","link":"https:\/\/www.aarquiteta.com.br\/blog\/apartamento-decorado\/","title":{"rendered":"Apartamento Decorado: 10 Refer\u00eancias para Inspirar sua Decora\u00e7\u00e3o"},"content":{"rendered":"<p><body><\/p>\n<p>Descubra 50 inspira\u00e7\u00f5es de apartamentos decorados que refletem personalidade e estilo, desde o cl\u00e1ssico ao r\u00fastico, ajudando voc\u00ea a transformar seu espa\u00e7o em um lar aconchegante e \u00fanico.<\/p>\n<h2>Principais Pontos a Serem Abordados<\/h2>\n<ul>\n<li><b>A import\u00e2ncia da personalidade:<\/b> Como a decora\u00e7\u00e3o deve refletir quem voc\u00ea \u00e9, levando em conta seu estilo pessoal.<\/li>\n<li><b>Escolhendo elementos:<\/b> Dicas sobre revestimentos, m\u00f3veis e objetos que criam harmonia.<\/li>\n<li><b>Dicas para cada c\u00f4modo:<\/b> Sugest\u00f5es para decorar a sala, cozinha, quartos e banheiro.<\/li>\n<li><b>Poder das plantas:<\/b> A influ\u00eancia positiva das plantas na sua decora\u00e7\u00e3o e bem-estar.<\/li>\n<li><b>Ambientes integrados:<\/b> Vantagens de integrar espa\u00e7os e como fazer isso.<\/li>\n<li><b>Tend\u00eancias de decora\u00e7\u00e3o:<\/b> Explora\u00e7\u00e3o de estilos modernos e as \u00faltimas tend\u00eancias.<\/li>\n<\/ul>\n<h2>1. A Import\u00e2ncia da Personalidade na Decora\u00e7\u00e3o<\/h2>\n<p><b>Decora\u00e7\u00e3o n\u00e3o \u00e9 apenas sobre est\u00e9tica;<\/b> \u00e9 a alma de um lar. Ao projetar um ambiente, tudo o que escolhemos deve ressoar com nossa ess\u00eancia. Desde quadros que nos fazem sorrir at\u00e9 m\u00f3veis que nos confortam, essas escolhas revelam nossa hist\u00f3ria. Seu apartamento deve ecoar quem voc\u00ea \u00e9, onde suas experi\u00eancias se encontram com uma paleta de cores e texturas que falam profundamente ao seu cora\u00e7\u00e3o.<\/p>\n<p>Depois de muitos anos ouvindo hist\u00f3rias sobre o que as pessoas buscam, percebo que a autenticidade \u00e9 o que h\u00e1 de mais precioso. Cada canto do seu apartamento pode contar uma parte de voc\u00ea; ent\u00e3o, leve isso em considera\u00e7\u00e3o ao escolher o que vai habitar seu espa\u00e7o.<\/p>\n<h2>2. Escolhendo os Elementos Certos<\/h2>\n<p><b>Os detalhes s\u00e3o fundamentais!<\/b> O que \u00e0s vezes parece apenas um objeto \u00e9, na verdade, uma pe\u00e7a-chave que pode transformar um ambiente. Pense nos revestimentos, por exemplo. Op\u00e7\u00f5es como cer\u00e2mica, madeira ou metal n\u00e3o apenas t\u00eam um impacto visual, mas tamb\u00e9m sensorial. Cada material traz uma atmosfera pr\u00f3pria e deve ser escolhido com carinho.<\/p>\n<p>A roupa da sua casa, sem d\u00favida, define o ambiente. M\u00f3veis confort\u00e1veis e funcionais s\u00e3o essenciais, mas n\u00e3o se esque\u00e7a dos pequenos objetos. Uma jarra, um livro, uma vela arom\u00e1tica podem ser essenciais para criar esse ar de aconchego que todos desejamos. Ah, e n\u00e3o tenha medo de ousar! Um detalhe inusitado pode fazer toda a diferen\u00e7a.<\/p>\n<h2>3. Dicas de Decora\u00e7\u00e3o para Cada C\u00f4modo<\/h2>\n<h3>3.1. Sala de Estar<\/h3>\n<figure style=\"width: 1024px\" class=\"wp-caption aligncenter\"><img decoding=\"async\" src=\"https:\/\/www.aarquiteta.com.br\/blog\/wp-content\/uploads\/2024\/10\/apartamento-decorado-5-2-961x1200.jpg\" alt=\"Cozinha decorada com v\u00e1rios tons de azul, trazendo divers\u00e3o ao espa\u00e7o.\" title=\"\"><figcaption class=\"wp-caption-text\">Cozinha decorada com v\u00e1rios tons de azul, trazendo divers\u00e3o ao espa\u00e7o.<\/figcaption><\/figure>\n<p>A sala \u00e9 o cora\u00e7\u00e3o da casa, e <b>dar vida a esse ambiente<\/b> \u00e9 fundamental. Pense em um sof\u00e1 confort\u00e1vel que convida a momentos de relaxamento. E que tal um tapete macio que abra\u00e7a seus p\u00e9s? A ilumina\u00e7\u00e3o tamb\u00e9m desempenha um papel vital. Um pendant que brilha suavemente pode mudar o clima de um encontro entre amigos.<\/p>\n<h3>3.2. Cozinha<\/h3>\n<figure style=\"width: 1024px\" class=\"wp-caption aligncenter\"><img decoding=\"async\" src=\"https:\/\/www.aarquiteta.com.br\/blog\/wp-content\/uploads\/2024\/10\/apartamento-decorado01.jpg\" alt=\"Apartamento Decorado: 50 Refer\u00eancias para Inspirar sua Decora\u00e7\u00e3o\" width=\"1024\" height=\"1024\" title=\"\"><figcaption class=\"wp-caption-text\">Apartamento Decorado: 50 Refer\u00eancias para Inspirar sua Decora\u00e7\u00e3o<\/figcaption><\/figure>\n<p>Uma cozinha funcional e estilosa \u00e9 o sonho de qualquer pessoa que ama cozinhar. Use uma paleta de cores que inspire criatividade; <b>cozinhas alegres!<\/b> Opte por revestimentos dur\u00e1veis e f\u00e1ceis de limpar. N\u00e3o esque\u00e7a de um bom balc\u00e3o, onde voc\u00ea poder\u00e1 preparar pratos deliciosos \u2013 ou quem sabe, um caf\u00e9 da manh\u00e3 relaxante.<\/p>\n<h3>3.3. Quarto e Banheiro<\/h3>\n<figure style=\"width: 1024px\" class=\"wp-caption aligncenter\"><img decoding=\"async\" src=\"https:\/\/www.aarquiteta.com.br\/blog\/wp-content\/uploads\/2024\/10\/apartamento-decorado-00.jpg\" alt=\"Imagem de um apartamento decorado com detalhes modernos e aconchegantes.\" title=\"\"><figcaption class=\"wp-caption-text\">Imagem de um apartamento decorado com detalhes modernos e aconchegantes.<\/figcaption><\/figure>\n<p>Um quarto deve ser um santu\u00e1rio de paz. <b>Invista em uma cama confort\u00e1vel<\/b> e em ilumina\u00e7\u00e3o suave. Cores neutras podem trazer serenidade, enquanto um quadro especial pode trazer aquele toque de personalidade. No banheiro, um espa\u00e7o bem organizado com plantas e produtos que voc\u00ea adora tamb\u00e9m torna tudo mais agrad\u00e1vel. Lembre-se, tudo deve ressoar com o que lhe traz felicidade.<\/p>\n<h2>4. O Poder das Plantas na Decora\u00e7\u00e3o<\/h2>\n<p><b>As plantas n\u00e3o s\u00e3o apenas decorativas<\/b>, elas trazem vida ao espa\u00e7o! Adicionam cor e frescor enquanto purificam o ar. Al\u00e9m disso, cuidar delas pode ser uma atividade terap\u00eautica. Desde suculentas em pequenos vasos at\u00e9 \u00e1rvores que preenchem o espa\u00e7o verticalmente, as plantas t\u00eam o poder de transformar qualquer ambiente. Escolha as que melhor se adaptam ao seu estilo de vida e aproveite o presente que a natureza nos oferece.<\/p>\n<h2>5. Ambientes Integrados: Vantagens e Sugest\u00f5es<\/h2>\n<p><b>Integrar ambientes \u00e9 uma tend\u00eancia irresist\u00edvel<\/b> que proporciona uma verdadeira sensa\u00e7\u00e3o de liberdade. Uma sala de estar que se conecta \u00e0 cozinha, por exemplo, proporciona intera\u00e7\u00e3o e fluidez. Isso tamb\u00e9m faz com que o espa\u00e7o pare\u00e7a maior. Pense em como pode utilizar m\u00f3veis e divis\u00f3rias para criar \u00e1reas espec\u00edficas sem perder o conceito de um espa\u00e7o aberto.<\/p>\n<h2>6. Tend\u00eancias e Estilos de Decora\u00e7\u00e3o<\/h2>\n<p>O mundo da decora\u00e7\u00e3o est\u00e1 em constante evolu\u00e7\u00e3o. Mantenha-se atualizado e n\u00e3o hesite em experimentar novas ideias. Um estilo minimalista pode trazer leveza, enquanto um toque industrial pode adicionar personalidade. \u00daltimas tend\u00eancias incluem o uso de cores mais vibrantes e a mistura de estilos. <b>\u00c9 seu espa\u00e7o, ent\u00e3o sinta-se livre para inovar<\/b> e criar um ambiente que seja verdadeiramente seu.<\/p>\n<h2>Conclus\u00e3o: Crie Seu Espa\u00e7o \u00danico<\/h2>\n<p>Combinando todas essas dicas e inspira\u00e7\u00f5es, voc\u00ea estar\u00e1 pronto para <b>transformar seu apartamento<\/b> em um lar que reflete sua personalidade. Se lembre, a decora\u00e7\u00e3o \u00e9 uma extens\u00e3o de quem voc\u00ea \u00e9 e, acima de tudo, deve fazer voc\u00ea se sentir confort\u00e1vel e feliz. N\u00e3o tenha medo de errar, isso faz parte do processo criativo. Boa sorte na sua jornada de decora\u00e7\u00e3o!<\/p>\n<p><\/body><br \/>\n<figure style=\"width: 1024px\" class=\"wp-caption aligncenter\"><img decoding=\"async\" src=\"https:\/\/www.aarquiteta.com.br\/blog\/wp-content\/uploads\/2024\/10\/apartamento-decorado02.jpg\" alt=\"Apartamento Decorado: 50 Refer\u00eancias para Inspirar sua Decora\u00e7\u00e3o\" width=\"1024\" height=\"1024\" title=\"\"><figcaption class=\"wp-caption-text\">Apartamento Decorado: 50 Refer\u00eancias para Inspirar sua Decora\u00e7\u00e3o<\/figcaption><\/figure>\n<figure style=\"width: 1024px\" class=\"wp-caption aligncenter\"><img decoding=\"async\" src=\"https:\/\/www.aarquiteta.com.br\/blog\/wp-content\/uploads\/2024\/10\/apartamento-decorado-1-1-960x1200.jpg\" alt=\"Foto de um rack planejado que ajuda a harmonizar o ambiente.\" title=\"\"><figcaption class=\"wp-caption-text\">Foto de um rack planejado que ajuda a harmonizar o ambiente.<\/figcaption><\/figure>\n<figure style=\"width: 1024px\" class=\"wp-caption aligncenter\"><img decoding=\"async\" src=\"https:\/\/www.aarquiteta.com.br\/blog\/wp-content\/uploads\/2024\/10\/apartamento-decorado03.jpg\" alt=\"Apartamento Decorado: 50 Refer\u00eancias para Inspirar sua Decora\u00e7\u00e3o\" width=\"1024\" height=\"1024\" title=\"\"><figcaption class=\"wp-caption-text\">Apartamento Decorado: 50 Refer\u00eancias para Inspirar sua Decora\u00e7\u00e3o<\/figcaption><\/figure>\n<figure style=\"width: 1024px\" class=\"wp-caption aligncenter\"><img decoding=\"async\" src=\"https:\/\/www.aarquiteta.com.br\/blog\/wp-content\/uploads\/2024\/10\/apartamento-decorado-2-1.jpg\" alt=\"Imagem de um quarto do casal decorado com cores claras e um toque de eleg\u00e2ncia.\" title=\"\"><figcaption class=\"wp-caption-text\">Imagem de um quarto do casal decorado com cores claras e um toque de eleg\u00e2ncia.<\/figcaption><\/figure>\n<figure style=\"width: 1024px\" class=\"wp-caption aligncenter\"><img decoding=\"async\" src=\"https:\/\/www.aarquiteta.com.br\/blog\/wp-content\/uploads\/2024\/10\/apartamento-decorado4.jpg\" alt=\"Apartamento Decorado: 50 Refer\u00eancias para Inspirar sua Decora\u00e7\u00e3o\" width=\"1024\" height=\"1024\" title=\"\"><figcaption class=\"wp-caption-text\">Apartamento Decorado: 50 Refer\u00eancias para Inspirar sua Decora\u00e7\u00e3o<\/figcaption><\/figure>\n<figure style=\"width: 1024px\" class=\"wp-caption aligncenter\"><img decoding=\"async\" src=\"https:\/\/www.aarquiteta.com.br\/blog\/wp-content\/uploads\/2024\/10\/apartamento-decorado-3-960x1200.jpg\" alt=\"Um sof\u00e1 rosinha \u00e9 o destaque na sala decorada.\" title=\"\"><figcaption class=\"wp-caption-text\">Um sof\u00e1 rosinha \u00e9 o destaque na sala decorada.<\/figcaption><\/figure>\n<h3>Para se aprofundar mais sobre o tema, veja a minha recomenda\u00e7\u00e3o sobre o tema deste artigo no v\u00eddeo a seguir abaixo:<\/h3>\n<p><iframe title=\"YouTube video player\" src=\"https:\/\/www.youtube.com\/embed\/\" width=\"560\" height=\"315\" frameborder=\"0\" allowfullscreen=\"allowfullscreen\"><\/iframe><\/p>\n<figure style=\"width: 1024px\" class=\"wp-caption aligncenter\"><img decoding=\"async\" src=\"https:\/\/www.aarquiteta.com.br\/blog\/wp-content\/uploads\/2024\/10\/apartamento-decorado-4.jpg\" alt=\"Cabeceira da cama que se alonga at\u00e9 o teto, adicionando charme ao ambiente.\" title=\"\"><figcaption class=\"wp-caption-text\">Cabeceira da cama que se alonga at\u00e9 o teto, adicionando charme ao ambiente.<\/figcaption><\/figure>\n","protected":false},"excerpt":{"rendered":"<p>Explore 50 ideias criativas de apartamentos decorados e encontre inspira\u00e7\u00e3o para deixar seu espa\u00e7o ainda mais aconchegante.<\/p>\n","protected":false},"author":102,"featured_media":132805,"comment_status":"closed","ping_status":"closed","sticky":false,"template":"","format":"standard","meta":{"footnotes":""},"categories":[1484],"tags":[],"class_list":["post-132815","post","type-post","status-publish","format-standard","has-post-thumbnail","category-decoracao"],"_wp_attached_file":null,"_wp_attachment_metadata":null,"_wp_attachment_context":null,"_wp_attachment_is_custom_header":null,"geo_longitude":null,"geo_public":null,"geo_latitude":null,"_publicize_done_external":null,"_wpas_done_3897181":null,"publicize_twitter_user":null,"_wpas_done_3897175":null,"_wpas_skip_3897181":null,"_wpas_skip_3897175":null,"_wpas_skip_3924723":null,"_wpas_mess":null,"_wpas_done_3924723":null,"wps_subtitle":"","_links":{"self":[{"href":"https:\/\/www.aarquiteta.com.br\/blog\/wp-json\/wp\/v2\/posts\/132815","targetHints":{"allow":["GET"]}}],"collection":[{"href":"https:\/\/www.aarquiteta.com.br\/blog\/wp-json\/wp\/v2\/posts"}],"about":[{"href":"https:\/\/www.aarquiteta.com.br\/blog\/wp-json\/wp\/v2\/types\/post"}],"author":[{"embeddable":true,"href":"https:\/\/www.aarquiteta.com.br\/blog\/wp-json\/wp\/v2\/users\/102"}],"replies":[{"embeddable":true,"href":"https:\/\/www.aarquiteta.com.br\/blog\/wp-json\/wp\/v2\/comments?post=132815"}],"version-history":[{"count":0,"href":"https:\/\/www.aarquiteta.com.br\/blog\/wp-json\/wp\/v2\/posts\/132815\/revisions"}],"wp:featuredmedia":[{"embeddable":true,"href":"https:\/\/www.aarquiteta.com.br\/blog\/wp-json\/wp\/v2\/media\/132805"}],"wp:attachment":[{"href":"https:\/\/www.aarquiteta.com.br\/blog\/wp-json\/wp\/v2\/media?parent=132815"}],"wp:term":[{"taxonomy":"category","embeddable":true,"href":"https:\/\/www.aarquiteta.com.br\/blog\/wp-json\/wp\/v2\/categories?post=132815"},{"taxonomy":"post_tag","embeddable":true,"href":"https:\/\/www.aarquiteta.com.br\/blog\/wp-json\/wp\/v2\/tags?post=132815"}],"curies":[{"name":"wp","href":"https:\/\/api.w.org\/{rel}","templated":true}]}}