{"id":132732,"date":"2024-10-18T13:46:01","date_gmt":"2024-10-18T16:46:01","guid":{"rendered":"https:\/\/www.aarquiteta.com.br\/blog\/revestimento-para-sala-4\/"},"modified":"2024-10-18T13:46:01","modified_gmt":"2024-10-18T16:46:01","slug":"revestimento-para-sala-4","status":"publish","type":"post","link":"https:\/\/www.aarquiteta.com.br\/blog\/revestimento-para-sala-4\/","title":{"rendered":"Revestimento para sala: dicas de um especialista e 85 ideias incr\u00edveis"},"content":{"rendered":"<p><body><\/p>\n<p>Transformar a sala em um local acolhedor e com estilo passa, sem d\u00favida, pela escolha do <b>revestimento<\/b> certo. Aqui, voc\u00ea vai encontrar dicas valiosas, desde op\u00e7\u00f5es mais t\u00edpicas como cer\u00e2micas e madeiras, at\u00e9 alternativas inusitadas com 85 ideias que v\u00e3o inspirar sua criatividade.<\/p>\n<h2>Principais dicas para revestimentos de sala<\/h2>\n<ul>\n<li><b>Cer\u00e2micos<\/b> oferecem versatilidade e facilidade de manuten\u00e7\u00e3o.<\/li>\n<li>A escolha do <b>cimento queimado<\/b> traz um ar industrial e contempor\u00e2neo.<\/li>\n<li>Optar pelo <b>MDF<\/b> proporciona modernidade e charme ao ambiente.<\/li>\n<li>Revestimentos <b>3D<\/b> s\u00e3o ideais para quem quer destaque visual.<\/li>\n<li>Vin\u00edlicos e laminados oferecem op\u00e7\u00f5es quentes e acess\u00edveis.<\/li>\n<li>Metal traz uma sensa\u00e7\u00e3o industrial para a sala, mas deve ser usado com cuidado.<\/li>\n<\/ul>\n<h2>O que considerar na escolha do revestimento<\/h2>\n<p>Como arquiteto, sempre oriento meus clientes a pensarem no <b>uso<\/b> que far\u00e3o da sala. Cada material possui caracter\u00edsticas \u00fanicas que podem influenciar n\u00e3o apenas a est\u00e9tica, mas tamb\u00e9m a funcionalidade do espa\u00e7o. Neste sentido, \u00e9 fundamental avaliar o estilo de vida e a <b>frequ\u00eancia<\/b> de uso do ambiente.<\/p>\n<h2>Revestimentos Cer\u00e2micos<\/h2>\n<h3>Por que escolher cer\u00e2mica?<\/h3>\n<figure style=\"width: 1024px\" class=\"wp-caption aligncenter\"><img decoding=\"async\" src=\"https:\/\/www.aarquiteta.com.br\/blog\/wp-content\/uploads\/2024\/10\/revestimento-para-sala-cimento-queimado-730x449.webp\" alt=\"Foto de Revestimento para sala\" title=\"\"><figcaption class=\"wp-caption-text\">Foto de Revestimento para sala<\/figcaption><\/figure>\n<p>Os revestimentos <b>cer\u00e2micos<\/b> s\u00e3o uma escolha cl\u00e1ssica. Eles oferecem <b>durabilidade<\/b> e uma ampla gama de op\u00e7\u00f5es de cores e padr\u00f5es. Para quem busca um ambiente aconchegante, indicaria o uso de <b>porcelanato que imita madeira<\/b>.<\/p>\n<p>Al\u00e9m disso, a cer\u00e2mica \u00e9 bastante <b>pr\u00e1tica<\/b> quando o assunto \u00e9 limpeza, o que \u00e9 \u00f3timo para quem tem crian\u00e7as ou animais de estima\u00e7\u00e3o.<\/p>\n<h2>Cimento Queimado<\/h2>\n<h3>Um toque industrial<\/h3>\n<figure style=\"width: 1024px\" class=\"wp-caption aligncenter\"><img decoding=\"async\" src=\"https:\/\/www.aarquiteta.com.br\/blog\/wp-content\/uploads\/2024\/10\/revestimento-para-sala01.jpg\" alt=\"Revestimento para sala: dicas de um especialista e 85 ideias incr\u00edveis\" width=\"1024\" height=\"1024\" title=\"\"><figcaption class=\"wp-caption-text\">Revestimento para sala: dicas de um especialista e 85 ideias incr\u00edveis<\/figcaption><\/figure>\n<p>O <b>cimento queimado<\/b> se destaca pelo seu ar despojado e contempor\u00e2neo. Ele pode ser aplicado em pisos e paredes, levando um toque de rusticidade ao ambiente. Eu sempre digo que o cimento queimado \u00e9 como aquele amigo que combina com tudo \u2013 funciona em projetos industriais, mas tamb\u00e9m se adapta bem a outros estilos com a ilumina\u00e7\u00e3o certa.<\/p>\n<p>Uma dica valiosa: existem op\u00e7\u00f5es de <b>textura<\/b> e cores diferentes, ent\u00e3o n\u00e3o precisa se limitar ao cinza. Use a criatividade!<\/p>\n<h2>MDF<\/h2>\n<h3>Versatilidade e estilo<\/h3>\n<figure style=\"width: 1024px\" class=\"wp-caption aligncenter\"><img decoding=\"async\" src=\"https:\/\/www.aarquiteta.com.br\/blog\/wp-content\/uploads\/2024\/10\/Revestimento-para-sala-0.webp\" alt=\"Foto de revestimento para sala de jantar\" title=\"\"><figcaption class=\"wp-caption-text\">Foto de revestimento para sala de jantar<\/figcaption><\/figure>\n<p>Utilizar <b>MDF<\/b> nos tetos e paredes pode dar uma sensa\u00e7\u00e3o de aconchego e modernidade \u00e0 sala. O MDF circular aprimora o apelo est\u00e9tico e permite uma infinidade de acabamentos. Em projetos, gosto de brincar com <b>texturas<\/b> e padr\u00f5es para obter efeitos interessantes.<\/p>\n<p>Tamb\u00e9m recomendo o uso do MDF ripado, que traz um ar sofisticado e contempor\u00e2neo. O espa\u00e7o ganha um charme especial com detalhes simples.<\/p>\n<h2>Revestimento 3D<\/h2>\n<h3>Destaque e impacto<\/h3>\n<figure style=\"width: 1024px\" class=\"wp-caption aligncenter\"><img decoding=\"async\" src=\"https:\/\/www.aarquiteta.com.br\/blog\/wp-content\/uploads\/2024\/10\/revestimento-para-sala02.jpg\" alt=\"Revestimento para sala: dicas de um especialista e 85 ideias incr\u00edveis\" width=\"1024\" height=\"1024\" title=\"\"><figcaption class=\"wp-caption-text\">Revestimento para sala: dicas de um especialista e 85 ideias incr\u00edveis<\/figcaption><\/figure>\n<p>Para quem busca <b>impacto visual<\/b>, os revestimentos 3D s\u00e3o a pedida certa. No entanto, \u00e9 importante usar com modera\u00e7\u00e3o para n\u00e3o poluir o ambiente. O efeito tridimensional pode trazer incr\u00edvel profundidade, mas deve ser cuidadosamente combinado com outros elementos do espa\u00e7o.<\/p>\n<p>Eu sugiro que o revestimento 3D seja mais utilizado em <b>salas comerciais<\/b> ou locais onde se deseja um forte impacto visual, mas em resid\u00eancias \u00e9 legal equilibr\u00e1-lo com elementos mais neutros.<\/p>\n<h2>Vin\u00edlico e Laminado<\/h2>\n<h3>Escolhas quentes e pr\u00e1ticas<\/h3>\n<figure style=\"width: 1024px\" class=\"wp-caption aligncenter\"><img decoding=\"async\" src=\"https:\/\/www.aarquiteta.com.br\/blog\/wp-content\/uploads\/2024\/10\/lustre-para-sala-de-jantar-00-286x160.jpg\" alt=\"Foto de como decorar salas pequenas\" title=\"\"><figcaption class=\"wp-caption-text\">Foto de como decorar salas pequenas<\/figcaption><\/figure>\n<p>Os materiais <b>vin\u00edlicos<\/b> e <b>laminados<\/b> s\u00e3o super pr\u00e1ticos e funcionais. Aqui, a grande sacada \u00e9 que s\u00e3o op\u00e7\u00f5es mais <b>quentes<\/b>, e isso pode fazer toda a diferen\u00e7a na cria\u00e7\u00e3o de um ambiente acolhedor. Ambos imitam a madeira, que \u00e9 sempre uma op\u00e7\u00e3o <b>bela<\/b> e sofisticada.<\/p>\n<p>Recomendo que usem em espa\u00e7os como salas de jantar ou \u00e1reas de conviv\u00eancia, onde o conforto e a est\u00e9tica caminham juntos.<\/p>\n<h2>Revestimentos de Metal<\/h2>\n<h3>Um toque de ousadia<\/h3>\n<figure style=\"width: 1024px\" class=\"wp-caption aligncenter\"><img decoding=\"async\" src=\"https:\/\/www.aarquiteta.com.br\/blog\/wp-content\/uploads\/2024\/10\/revestimento-para-sala03.jpg\" alt=\"Revestimento para sala: dicas de um especialista e 85 ideias incr\u00edveis\" width=\"1024\" height=\"1024\" title=\"\"><figcaption class=\"wp-caption-text\">Revestimento para sala: dicas de um especialista e 85 ideias incr\u00edveis<\/figcaption><\/figure>\n<p>Os metais trazem um charme \u00fanico e proporcionam um aspecto industrial \u00e0 sala. As <b>placas met\u00e1licas<\/b> podem ser \u00f3timas op\u00e7\u00f5es, principalmente se voc\u00ea procura um ambiente moderno. Contudo, use com cuidado, pois os metais podem esfriar a atmosfera. Um detalhe que n\u00e3o podia faltar: um toque de cor pode trazer o equil\u00edbrio que o espa\u00e7o precisa.<\/p>\n<h2>Considera\u00e7\u00f5es Finais<\/h2>\n<p>Na hora de escolher o <b>revestimento<\/b> certo para sua sala, pense no <b>conjunto<\/b> do espa\u00e7o e no que voc\u00ea quer expressar. Cada material tem sua pr\u00f3pria linguagem visual, e escolher a que mais se alinha ao seu estilo pode fazer toda a diferen\u00e7a. Al\u00e9m disso, n\u00e3o hesite em consultar um profissional para otimizar a sua escolha e investimentos.<\/p>\n<p>Agora que voc\u00ea j\u00e1 tem essas dicas, que tal come\u00e7ar a planejar a transforma\u00e7\u00e3o do seu espa\u00e7o? Com criatividade e um olhar atento, sua sala pode se tornar um verdadeiro ref\u00fagio de estilo!<\/p>\n<p><\/body><br \/>\n<figure style=\"width: 1024px\" class=\"wp-caption aligncenter\"><img decoding=\"async\" src=\"https:\/\/www.aarquiteta.com.br\/blog\/wp-content\/uploads\/2024\/10\/como-decorar-salas-pequenas-286x160.webp\" alt=\"Foto de lustre para sala pequena\" title=\"\"><figcaption class=\"wp-caption-text\">Foto de lustre para sala pequena<\/figcaption><\/figure>\n<figure style=\"width: 1024px\" class=\"wp-caption aligncenter\"><img decoding=\"async\" src=\"https:\/\/www.aarquiteta.com.br\/blog\/wp-content\/uploads\/2024\/10\/revestimento-para-sala4.jpg\" alt=\"Revestimento para sala: dicas de um especialista e 85 ideias incr\u00edveis\" width=\"1024\" height=\"1024\" title=\"\"><figcaption class=\"wp-caption-text\">Revestimento para sala: dicas de um especialista e 85 ideias incr\u00edveis<\/figcaption><\/figure>\n<figure style=\"width: 1024px\" class=\"wp-caption aligncenter\"><img decoding=\"async\" src=\"https:\/\/www.aarquiteta.com.br\/blog\/wp-content\/uploads\/2024\/10\/lustre-para-sala-pequena-1-1-286x160.webp\" alt=\"Foto de Revestimento para sala\" title=\"\"><figcaption class=\"wp-caption-text\">Foto de Revestimento para sala<\/figcaption><\/figure>\n<h3>Para se aprofundar mais sobre o tema, veja a minha recomenda\u00e7\u00e3o sobre o tema deste artigo no v\u00eddeo a seguir abaixo:<\/h3>\n<p><iframe title=\"YouTube video player\" src=\"https:\/\/www.youtube.com\/embed\/\" width=\"560\" height=\"315\" frameborder=\"0\" allowfullscreen=\"allowfullscreen\"><\/iframe><\/p>\n<figure style=\"width: 1024px\" class=\"wp-caption aligncenter\"><img decoding=\"async\" src=\"https:\/\/www.aarquiteta.com.br\/blog\/wp-content\/uploads\/2024\/10\/Revestimento-para-sala-86-730x449.webp\" alt=\"Foto de revestimento para sala cimento queimado\" title=\"\"><figcaption class=\"wp-caption-text\">Foto de revestimento para sala cimento queimado<\/figcaption><\/figure>\n","protected":false},"excerpt":{"rendered":"<p>Descubra dicas e inspira\u00e7\u00f5es para revestir sua sala com estilo e personalidade. Transforme seu ambiente com as melhores op\u00e7\u00f5es!<\/p>\n","protected":false},"author":102,"featured_media":132725,"comment_status":"closed","ping_status":"closed","sticky":false,"template":"","format":"standard","meta":{"footnotes":""},"categories":[1484],"tags":[],"class_list":["post-132732","post","type-post","status-publish","format-standard","has-post-thumbnail","category-decoracao"],"_wp_attached_file":null,"_wp_attachment_metadata":null,"_wp_attachment_context":null,"_wp_attachment_is_custom_header":null,"geo_longitude":null,"geo_public":null,"geo_latitude":null,"_publicize_done_external":null,"_wpas_done_3897181":null,"publicize_twitter_user":null,"_wpas_done_3897175":null,"_wpas_skip_3897181":null,"_wpas_skip_3897175":null,"_wpas_skip_3924723":null,"_wpas_mess":null,"_wpas_done_3924723":null,"wps_subtitle":"","_links":{"self":[{"href":"https:\/\/www.aarquiteta.com.br\/blog\/wp-json\/wp\/v2\/posts\/132732","targetHints":{"allow":["GET"]}}],"collection":[{"href":"https:\/\/www.aarquiteta.com.br\/blog\/wp-json\/wp\/v2\/posts"}],"about":[{"href":"https:\/\/www.aarquiteta.com.br\/blog\/wp-json\/wp\/v2\/types\/post"}],"author":[{"embeddable":true,"href":"https:\/\/www.aarquiteta.com.br\/blog\/wp-json\/wp\/v2\/users\/102"}],"replies":[{"embeddable":true,"href":"https:\/\/www.aarquiteta.com.br\/blog\/wp-json\/wp\/v2\/comments?post=132732"}],"version-history":[{"count":0,"href":"https:\/\/www.aarquiteta.com.br\/blog\/wp-json\/wp\/v2\/posts\/132732\/revisions"}],"wp:featuredmedia":[{"embeddable":true,"href":"https:\/\/www.aarquiteta.com.br\/blog\/wp-json\/wp\/v2\/media\/132725"}],"wp:attachment":[{"href":"https:\/\/www.aarquiteta.com.br\/blog\/wp-json\/wp\/v2\/media?parent=132732"}],"wp:term":[{"taxonomy":"category","embeddable":true,"href":"https:\/\/www.aarquiteta.com.br\/blog\/wp-json\/wp\/v2\/categories?post=132732"},{"taxonomy":"post_tag","embeddable":true,"href":"https:\/\/www.aarquiteta.com.br\/blog\/wp-json\/wp\/v2\/tags?post=132732"}],"curies":[{"name":"wp","href":"https:\/\/api.w.org\/{rel}","templated":true}]}}