{"id":132661,"date":"2024-10-17T15:40:45","date_gmt":"2024-10-17T18:40:45","guid":{"rendered":"https:\/\/www.aarquiteta.com.br\/blog\/cerca-viva-na-praia\/"},"modified":"2024-10-17T15:40:45","modified_gmt":"2024-10-17T18:40:45","slug":"cerca-viva-na-praia","status":"publish","type":"post","link":"https:\/\/www.aarquiteta.com.br\/blog\/cerca-viva-na-praia\/","title":{"rendered":"Dicas para Montar uma Cerca Viva na Praia"},"content":{"rendered":"<p>Descubra como criar uma cerca-viva perfeita na praia, com dicas sobre preparo do solo e escolha das plantas ideais para terrenos arenosos em Florian\u00f3polis.<\/p>\n<h2>Destaques principais<\/h2>\n<ul>\n<li><b>Prepara\u00e7\u00e3o do Solo:<\/b> A incorpora\u00e7\u00e3o de mat\u00e9ria org\u00e2nica \u00e9 essencial para garantir a sa\u00fade do solo arenoso.<\/li>\n<li><b>Escolha das Plantas:<\/b> Optar por esp\u00e9cies nativas, como a Cl\u00fasia, \u00e9 fundamental para o sucesso da cerca-viva.<\/li>\n<li><b>Manuten\u00e7\u00e3o Regular:<\/b> A reposi\u00e7\u00e3o de mat\u00e9ria org\u00e2nica e podas frequentes s\u00e3o necess\u00e1rias para manter a beleza e a sa\u00fade da cerca-viva.<\/li>\n<\/ul>\n<h2>Prepara\u00e7\u00e3o do Solo para Cerca-Viva na Praia<\/h2>\n<p>Quando se trata de <b>preparar o solo<\/b> para uma cerca-viva na praia, a primeira coisa a considerar \u00e9 a <b>natureza arenosa<\/b> do terreno. Este tipo de solo, embora tenha boa drenagem, pode ser desafiador para o cultivo de plantas. Portanto, a <b>incorpora\u00e7\u00e3o de mat\u00e9ria org\u00e2nica<\/b> \u00e9 crucial.<\/p>\n<h3>Import\u00e2ncia da Mat\u00e9ria Org\u00e2nica<\/h3>\n<figure style=\"width: 1024px\" class=\"wp-caption aligncenter\"><img decoding=\"async\" src=\"https:\/\/www.aarquiteta.com.br\/blog\/wp-content\/uploads\/2024\/10\/cerca-viva-na-praia-04.jpg\" alt=\"Dicas para Montar uma Cerca Viva na Praia\" width=\"1024\" height=\"1024\" title=\"\"><figcaption class=\"wp-caption-text\">Dicas para Montar uma Cerca Viva na Praia<\/figcaption><\/figure>\n<p>A mat\u00e9ria org\u00e2nica atua como um <b>melhorador do solo<\/b>, retendo umidade e nutrientes. Misturas de <b>terra vegetal<\/b>, <b>casca de arroz carbonizada<\/b> e <b>fibra de coco<\/b> s\u00e3o \u00f3timas op\u00e7\u00f5es para enriquecer o solo. Al\u00e9m disso, o uso de <b>composto org\u00e2nico<\/b> caseiro pode ser uma alternativa econ\u00f4mica e eficaz.<\/p>\n<h3>Melhores Misturas para Terrenos Arenosos<\/h3>\n<figure style=\"width: 1024px\" class=\"wp-caption aligncenter\"><img decoding=\"async\" src=\"https:\/\/www.aarquiteta.com.br\/blog\/wp-content\/uploads\/2024\/10\/cerca-viva-na-praia-03.jpg\" alt=\"Dicas para Montar uma Cerca Viva na Praia\" width=\"1024\" height=\"1024\" title=\"\"><figcaption class=\"wp-caption-text\">Dicas para Montar uma Cerca Viva na Praia<\/figcaption><\/figure>\n<p>Uma boa mistura para o solo arenoso deve incluir componentes que ajudem na <b>reten\u00e7\u00e3o de umidade<\/b>. A combina\u00e7\u00e3o de <b>terra vegetal<\/b> com <b>materiais org\u00e2nicos<\/b> \u00e9 ideal. \u00c9 importante realizar essa mistura no momento do plantio e continuar a <b>repor a mat\u00e9ria org\u00e2nica<\/b> durante as manuten\u00e7\u00f5es.<\/p>\n<h2>Escolha das Plantas para Cerca-Viva<\/h2>\n<p>A escolha das plantas \u00e9 um dos passos mais importantes na cria\u00e7\u00e3o de uma cerca-viva. Optar por <b>esp\u00e9cies nativas<\/b> e adaptadas ao ambiente \u00e9 fundamental para garantir o sucesso do projeto.<\/p>\n<h3>Esp\u00e9cies Nativas e Adaptadas<\/h3>\n<figure style=\"width: 1024px\" class=\"wp-caption aligncenter\"><img decoding=\"async\" src=\"https:\/\/www.aarquiteta.com.br\/blog\/wp-content\/uploads\/2024\/10\/cerca-viva-na-praia-02.jpg\" alt=\"Dicas para Montar uma Cerca Viva na Praia\" width=\"1024\" height=\"1024\" title=\"\"><figcaption class=\"wp-caption-text\">Dicas para Montar uma Cerca Viva na Praia<\/figcaption><\/figure>\n<p>As plantas nativas, como a <b>Cl\u00fasia (Clusia fluminensis)<\/b>, s\u00e3o ideais para cercas-vivas em regi\u00f5es de restinga. Elas s\u00e3o adaptadas ao clima e ao solo da regi\u00e3o, o que aumenta as chances de sobreviv\u00eancia e crescimento saud\u00e1vel.<\/p>\n<h3>Vantagens da Cl\u00fasia (Clusia fluminensis)<\/h3>\n<figure style=\"width: 1024px\" class=\"wp-caption aligncenter\"><img decoding=\"async\" src=\"https:\/\/www.aarquiteta.com.br\/blog\/wp-content\/uploads\/2024\/10\/cerca-viva-na-praia-01.jpg\" alt=\"Dicas para Montar uma Cerca Viva na Praia\" width=\"1024\" height=\"1024\" title=\"\"><figcaption class=\"wp-caption-text\">Dicas para Montar uma Cerca Viva na Praia<\/figcaption><\/figure>\n<p>A Cl\u00fasia \u00e9 uma planta que se destaca por sua <b>resist\u00eancia<\/b> e <b>facilidade de manuten\u00e7\u00e3o<\/b>. Al\u00e9m de ser nativa, ela tolera podas, permitindo que voc\u00ea molde a cerca-viva conforme desejado. Isso a torna uma escolha popular entre os jardineiros.<\/p>\n<h2>Manuten\u00e7\u00e3o da Cerca-Viva<\/h2>\n<p>Uma cerca-viva requer cuidados regulares para se manter saud\u00e1vel e bonita. A manuten\u00e7\u00e3o \u00e9 um aspecto que n\u00e3o deve ser negligenciado.<\/p>\n<h3>Reposi\u00e7\u00e3o de Mat\u00e9ria Org\u00e2nica<\/h3>\n<p>\u00c9 essencial realizar a <b>reposi\u00e7\u00e3o de mat\u00e9ria org\u00e2nica<\/b> periodicamente. Isso ajuda a manter o solo f\u00e9rtil e a planta saud\u00e1vel. A cada manuten\u00e7\u00e3o, adicione uma camada de composto ou outro material org\u00e2nico para garantir que as plantas tenham os nutrientes necess\u00e1rios.<\/p>\n<h3>Podas e Cuidados Regulares<\/h3>\n<h3>Assista agora a minha recomenda\u00e7\u00e3o de video abaixo sobre o tema que estamos tratando neste artigo: <\/h3>\n<p>https:\/\/www.youtube.com\/watch?v=<\/p>\n<p>As podas s\u00e3o fundamentais para a <b>forma\u00e7\u00e3o e est\u00e9tica<\/b> da cerca-viva. Realizar podas regulares ajuda a manter a forma desejada e estimula o crescimento saud\u00e1vel das plantas. Al\u00e9m disso, \u00e9 importante ficar atento a pragas e doen\u00e7as, realizando o controle sempre que necess\u00e1rio.<\/p>\n<h2>Benef\u00edcios de uma Cerca-Viva na Praia<\/h2>\n<p>Uma cerca-viva n\u00e3o s\u00f3 embeleza o espa\u00e7o, mas tamb\u00e9m oferece diversos benef\u00edcios. Ela pode atuar como uma <b>barreira natural<\/b> contra ventos fortes e areia, al\u00e9m de proporcionar privacidade e seguran\u00e7a.<\/p>\n<h2>Conclus\u00e3o<\/h2>\n<p>Em resumo, criar uma cerca-viva na praia \u00e9 um projeto que requer aten\u00e7\u00e3o especial ao <b>preparo do solo<\/b>, escolha das <b>plantas<\/b> e manuten\u00e7\u00e3o regular. Com as dicas certas, voc\u00ea pode transformar seu espa\u00e7o em um verdadeiro <b>o\u00e1sis<\/b> de beleza e funcionalidade. N\u00e3o hesite em investir tempo e esfor\u00e7o nesse projeto, pois os resultados certamente valer\u00e3o a pena!<\/p>\n","protected":false},"excerpt":{"rendered":"<p>Descubra como criar uma cerca-viva perfeita na praia, com dicas sobre preparo do solo e escolha das plantas ideais para terrenos arenosos em Florian\u00f3polis. Destaques principais Prepara\u00e7\u00e3o do Solo: A incorpora\u00e7\u00e3o de mat\u00e9ria org\u00e2nica \u00e9 essencial para garantir a sa\u00fade do solo arenoso. Escolha das Plantas: Optar por esp\u00e9cies nativas, como a Cl\u00fasia, \u00e9 fundamental [&hellip;]<\/p>\n","protected":false},"author":102,"featured_media":132658,"comment_status":"closed","ping_status":"closed","sticky":false,"template":"","format":"standard","meta":{"footnotes":""},"categories":[9612,18792,18794],"tags":[],"class_list":["post-132661","post","type-post","status-publish","format-standard","has-post-thumbnail","category-jardinagem","category-decoracao-de-apartamento","category-projetos-de-decoracao-de-casas"],"_wp_attached_file":null,"_wp_attachment_metadata":null,"_wp_attachment_context":null,"_wp_attachment_is_custom_header":null,"geo_longitude":null,"geo_public":null,"geo_latitude":null,"_publicize_done_external":null,"_wpas_done_3897181":null,"publicize_twitter_user":null,"_wpas_done_3897175":null,"_wpas_skip_3897181":null,"_wpas_skip_3897175":null,"_wpas_skip_3924723":null,"_wpas_mess":null,"_wpas_done_3924723":null,"wps_subtitle":"","_links":{"self":[{"href":"https:\/\/www.aarquiteta.com.br\/blog\/wp-json\/wp\/v2\/posts\/132661","targetHints":{"allow":["GET"]}}],"collection":[{"href":"https:\/\/www.aarquiteta.com.br\/blog\/wp-json\/wp\/v2\/posts"}],"about":[{"href":"https:\/\/www.aarquiteta.com.br\/blog\/wp-json\/wp\/v2\/types\/post"}],"author":[{"embeddable":true,"href":"https:\/\/www.aarquiteta.com.br\/blog\/wp-json\/wp\/v2\/users\/102"}],"replies":[{"embeddable":true,"href":"https:\/\/www.aarquiteta.com.br\/blog\/wp-json\/wp\/v2\/comments?post=132661"}],"version-history":[{"count":0,"href":"https:\/\/www.aarquiteta.com.br\/blog\/wp-json\/wp\/v2\/posts\/132661\/revisions"}],"wp:featuredmedia":[{"embeddable":true,"href":"https:\/\/www.aarquiteta.com.br\/blog\/wp-json\/wp\/v2\/media\/132658"}],"wp:attachment":[{"href":"https:\/\/www.aarquiteta.com.br\/blog\/wp-json\/wp\/v2\/media?parent=132661"}],"wp:term":[{"taxonomy":"category","embeddable":true,"href":"https:\/\/www.aarquiteta.com.br\/blog\/wp-json\/wp\/v2\/categories?post=132661"},{"taxonomy":"post_tag","embeddable":true,"href":"https:\/\/www.aarquiteta.com.br\/blog\/wp-json\/wp\/v2\/tags?post=132661"}],"curies":[{"name":"wp","href":"https:\/\/api.w.org\/{rel}","templated":true}]}}