{"id":132656,"date":"2024-10-17T15:29:02","date_gmt":"2024-10-17T18:29:02","guid":{"rendered":"https:\/\/www.aarquiteta.com.br\/blog\/almofadas-para-cama\/"},"modified":"2024-10-18T07:15:23","modified_gmt":"2024-10-18T10:15:23","slug":"almofadas-para-cama","status":"publish","type":"post","link":"https:\/\/www.aarquiteta.com.br\/blog\/almofadas-para-cama\/","title":{"rendered":"10 Inspira\u00e7\u00f5es de Almofadas para Cama que Elevam a Decora\u00e7\u00e3o"},"content":{"rendered":"<p><body><\/p>\n<p>Almofadas para cama s\u00e3o vers\u00e1teis e podem mudar todo o aspecto do seu quarto. Vou mostrar como escolher o melhor estilo e o tamanho certo para criar um ambiente acolhedor e estiloso, tudo isso com dicas pr\u00e1ticas e ideias inspiradoras!<\/p>\n<h2>Introdu\u00e7\u00e3o<\/h2>\n<p>Almofadas para cama s\u00e3o como a cereja do bolo na decora\u00e7\u00e3o do quarto. Al\u00e9m de darem um toque de beleza, elas s\u00e3o superfuncionais, aumentando nosso conforto na hora de relaxar. Como arquiteto, sempre busco trazer dicas pr\u00e1ticas e criativas que podem fazer toda a diferen\u00e7a na hora de compor um ambiente que seja tanto bonito quanto acolhedor. Vamos juntos descobrir tudo sobre esse acess\u00f3rio incr\u00edvel?<\/p>\n<h2>Como escolher almofadas para cama<\/h2>\n<h3>Quantas almofadas usar?<\/h3>\n<figure style=\"width: 1024px\" class=\"wp-caption aligncenter\"><img decoding=\"async\" src=\"https:\/\/www.aarquiteta.com.br\/blog\/wp-content\/uploads\/2024\/10\/almofadas-para-cama-2-730x449.webp\" alt=\"Almofadas de cama com diferentes texturas e cores.\" title=\"\"><figcaption class=\"wp-caption-text\">Almofadas de cama com diferentes texturas e cores.<\/figcaption><\/figure>\n<p>Ah, a eterna d\u00favida da quantidade! A quantidade ideal de almofadas depende bastante do tamanho da sua cama e do efeito que voc\u00ea deseja alcan\u00e7ar. Para camas de casal, <b>normalmente<\/b>, duas almofadas maiores mais uma ou duas menores criam um efeito bem elegante. Para camas de solteiro, n\u00e3o precisamos ter medo de usar mais almofadas diferentes, afinal, quanto mais, melhor \u2014 desde que n\u00e3o vire um acampamento, claro!<\/p>\n<h3>Qual estilo escolher?<\/h3>\n<figure style=\"width: 1024px\" class=\"wp-caption aligncenter\"><img decoding=\"async\" src=\"https:\/\/www.aarquiteta.com.br\/blog\/wp-content\/uploads\/2024\/10\/almofadas-para-cama01.jpg\" alt=\"60 Inspira\u00e7\u00f5es de Almofadas para Cama que Elevam a Decora\u00e7\u00e3o\" width=\"1024\" height=\"1024\" title=\"\"><figcaption class=\"wp-caption-text\">60 Inspira\u00e7\u00f5es de Almofadas para Cama que Elevam a Decora\u00e7\u00e3o<\/figcaption><\/figure>\n<p>Quando falo sobre estilo, a combina\u00e7\u00e3o \u00e9 tudo! As almofadas devem <b>refletir<\/b> o seu gosto pessoal e harmonizar com o restante da decora\u00e7\u00e3o. Se o seu quarto \u00e9 mais moderninho, por que n\u00e3o apostar em almofadas geom\u00e9tricas? J\u00e1 para um espa\u00e7o mais cl\u00e1ssico, almofadas com estampas florais ou bordados delicados podem ser uma \u00f3tima pedida. A receita \u00e9 misturar, combinar, e transmitir um pouco da sua ess\u00eancia atrav\u00e9s delas!<\/p>\n<h3>Quais tamanhos usar?<\/h3>\n<figure style=\"width: 1024px\" class=\"wp-caption aligncenter\"><img decoding=\"async\" src=\"https:\/\/www.aarquiteta.com.br\/blog\/wp-content\/uploads\/2024\/10\/almofadas-para-cama-capa.webp\" alt=\"Capa do artigo com diversas almofadas sobre uma cama.\" title=\"\"><figcaption class=\"wp-caption-text\">Capa do artigo com diversas almofadas sobre uma cama.<\/figcaption><\/figure>\n<p>Vou te contar um segredo: o tamanho das almofadas faz muita diferen\u00e7a na composi\u00e7\u00e3o! Uma boa regra \u00e9 escolher almofadas grandes em camas maiores e, na d\u00favida, sempre manter a propor\u00e7\u00e3o. <b>Evite<\/b> almofadas min\u00fasculas em camas king, assim como almofadas gigantes em camas de solteiro \u2014 parece piada, mas gera uma sensa\u00e7\u00e3o de caos. A harmonia est\u00e1 na propor\u00e7\u00e3o e na justa medida!<\/p>\n<h3>Quais cores escolher?<\/h3>\n<figure style=\"width: 1024px\" class=\"wp-caption aligncenter\"><img decoding=\"async\" src=\"https:\/\/www.aarquiteta.com.br\/blog\/wp-content\/uploads\/2024\/10\/almofadas-para-cama02.jpg\" alt=\"60 Inspira\u00e7\u00f5es de Almofadas para Cama que Elevam a Decora\u00e7\u00e3o\" width=\"1024\" height=\"1024\" title=\"\"><figcaption class=\"wp-caption-text\">60 Inspira\u00e7\u00f5es de Almofadas para Cama que Elevam a Decora\u00e7\u00e3o<\/figcaption><\/figure>\n<p>As cores, ah, as cores! Elas t\u00eam o poder de transformar o ambiente. Se a sua cama for com uma colcha neutra, as almofadas podem ser o toque de cor que faltava. Use <b>cores que conversam<\/b> entre si \u2014 n\u00e3o precisa ser tudo combinando, mas que tragam uma harmonia visual. Almofadas em cores vibrantes trazem vida ao ambiente, enquanto tons mais escuros proporcionam um clima aconchegante. O que \u00e9 que voc\u00ea prefere?<\/p>\n<h3>Onde dispor as almofadas?<\/h3>\n<figure style=\"width: 1024px\" class=\"wp-caption aligncenter\"><img decoding=\"async\" src=\"https:\/\/www.aarquiteta.com.br\/blog\/wp-content\/uploads\/2024\/10\/quartos-modernos-0.jpg\" alt=\"Foto de quarto moderno decorado.\" title=\"\"><figcaption class=\"wp-caption-text\">Foto de quarto moderno decorado.<\/figcaption><\/figure>\n<p>A disposi\u00e7\u00e3o das almofadas pode mudar completamente a cara da sua cama. Se a sua cama est\u00e1 encostada na parede, criar um arranjo em camadas lhe proporciona um visual incr\u00edvel. Para camas centralizadas no ambiente, arrumar as almofadas recostadas nos travesseiros \u00e9 o caminho mais tradicional e elegante. <b>Brinque com a disposi\u00e7\u00e3o<\/b> e descubra o que combina melhor com o seu quarto!<\/p>\n<h2>Inspira\u00e7\u00f5es para almofadas na cama<\/h2>\n<p>Inspira\u00e7\u00e3o \u00e9 o que n\u00e3o falta! Desde composi\u00e7\u00f5es super tradicionais at\u00e9 as mais despojadas, as almofadas t\u00eam uma infinidade de estilos e formas de usar. <b>Misturas de tecidos<\/b>, combina\u00e7\u00f5es de texturas e estilos diferentes podem criar um visual estonteante. O que acha de dar uma olhadinha em algumas ideias?<\/p>\n<h3>Almofadas com texturas diferentes<\/h3>\n<figure style=\"width: 1024px\" class=\"wp-caption aligncenter\"><img decoding=\"async\" src=\"https:\/\/www.aarquiteta.com.br\/blog\/wp-content\/uploads\/2024\/10\/almofadas-para-cama03.jpg\" alt=\"60 Inspira\u00e7\u00f5es de Almofadas para Cama que Elevam a Decora\u00e7\u00e3o\" width=\"1024\" height=\"1024\" title=\"\"><figcaption class=\"wp-caption-text\">60 Inspira\u00e7\u00f5es de Almofadas para Cama que Elevam a Decora\u00e7\u00e3o<\/figcaption><\/figure>\n<p>Combinar almofadas de diferentes texturas &#8211; como veludo, linho e algod\u00e3o &#8211; pode trazer profundidade e um toque chic ao seu espa\u00e7o. Elas parecem conversar entre si, criando uma composi\u00e7\u00e3o cheia de personalidade! E quem n\u00e3o ama um pouco de conforto extra, n\u00e3o \u00e9 mesmo?<\/p>\n<h3>Almofadas com estampas<\/h3>\n<figure style=\"width: 1024px\" class=\"wp-caption aligncenter\"><img decoding=\"async\" src=\"https:\/\/www.aarquiteta.com.br\/blog\/wp-content\/uploads\/2024\/10\/quartos-pequenos-286x160.webp\" alt=\"Imagem de um quarto pequeno com decora\u00e7\u00e3o minimalist.\" title=\"\"><figcaption class=\"wp-caption-text\">Imagem de um quarto pequeno com decora\u00e7\u00e3o minimalist.<\/figcaption><\/figure>\n<p>Se voc\u00ea \u00e9 f\u00e3 de estampas, pode apostar sem medo! Misturar almofadas com padr\u00f5es florais, geom\u00e9tricos e at\u00e9 listrados pode resultar em um visual ousado e cheio de energia. <b>A chave<\/b> \u00e9 manter um elemento comum, como a paleta de cores ou um padr\u00e3o, para que tudo converse entre si.<\/p>\n<h3>Almofadas personalizadas<\/h3>\n<figure style=\"width: 1024px\" class=\"wp-caption aligncenter\"><img decoding=\"async\" src=\"https:\/\/www.aarquiteta.com.br\/blog\/wp-content\/uploads\/2024\/10\/almofadas-para-cama4.jpg\" alt=\"60 Inspira\u00e7\u00f5es de Almofadas para Cama que Elevam a Decora\u00e7\u00e3o\" width=\"1024\" height=\"1024\" title=\"\"><figcaption class=\"wp-caption-text\">60 Inspira\u00e7\u00f5es de Almofadas para Cama que Elevam a Decora\u00e7\u00e3o<\/figcaption><\/figure>\n<p>O que acha de dar um toque mais pessoal ao seu espa\u00e7o? Almofadas com fotos ou mensagens <b>personalizadas<\/b> podem trazer um significado especial para o seu quarto. Afinal, seu espa\u00e7o deve refletir quem voc\u00ea \u00e9 e o que voc\u00ea ama!<\/p>\n<h3>Combina\u00e7\u00f5es monochromes<\/h3>\n<figure style=\"width: 1024px\" class=\"wp-caption aligncenter\"><img decoding=\"async\" src=\"https:\/\/www.aarquiteta.com.br\/blog\/wp-content\/uploads\/2024\/10\/camas-de-casal-modernas-286x160.webp\" alt=\"Camas de casal modernas e estilosas.\" title=\"\"><figcaption class=\"wp-caption-text\">Camas de casal modernas e estilosas.<\/figcaption><\/figure>\n<p>A est\u00e9tica minimalista est\u00e1 super em alta, e usar almofadas em tons diferentes da mesma cor pode criar um efeito sofisticado. <b>Combine<\/b> texturas e formatos variados, e deixe o charme das varia\u00e7\u00f5es de tons falar por si s\u00f3. \u00c9 simples, mas impactante &#8211; assim como aquele perfume que deixa a marca mesmo ao longe!<\/p>\n<h3>Cl\u00e1ssico e elegante<\/h3>\n<h3>Para se aprofundar mais sobre o tema, veja a minha recomenda\u00e7\u00e3o sobre o tema deste artigo no v\u00eddeo a seguir abaixo:<\/h3>\n<p><iframe title=\"YouTube video player\" src=\"https:\/\/www.youtube.com\/embed\/\" width=\"560\" height=\"315\" frameborder=\"0\" allowfullscreen=\"allowfullscreen\"><\/iframe><\/p>\n<p>\u00c0s vezes, menos \u00e9 mais! Um arranjo cl\u00e1ssico com almofadas em tons neutros e uma ou duas coloridas para dar vida pode resultar em um espa\u00e7o extremamente elegante. <b>Essa \u00e9 uma escolha segura<\/b> que nunca sai de moda e funciona em qualquer ambiente.<\/p>\n<h2>Conclus\u00e3o<\/h2>\n<p>Com todas as dicas e inspira\u00e7\u00f5es que compartilhei, voc\u00ea est\u00e1 pronto para transformar seu quarto em um espa\u00e7o ainda mais acolhedor e estiloso. <b>Lembre-se sempre<\/b> de levar em conta seu gosto pessoal e a combina\u00e7\u00e3o com os demais elementos do ambiente. Almofadas n\u00e3o s\u00e3o apenas um item decorativo; s\u00e3o peda\u00e7os da sua personalidade que podem fazer a diferen\u00e7a e trazer conforto ao seu ref\u00fagio. Agora \u00e9 sua vez de acertar na escolha das almofadas para cama e dar um novo ar ao seu espa\u00e7o!<\/p>\n<p><\/body><br \/>\n<figure style=\"width: 1024px\" class=\"wp-caption aligncenter\"><img decoding=\"async\" src=\"https:\/\/www.aarquiteta.com.br\/blog\/wp-content\/uploads\/2024\/10\/almofadas-para-cama-1-1-730x449.webp\" alt=\"Almofadas sobre uma cama organizadas de forma harm\u00f4nica.\" title=\"\"><figcaption class=\"wp-caption-text\">Almofadas sobre uma cama organizadas de forma harm\u00f4nica.<\/figcaption><\/figure>\n","protected":false},"excerpt":{"rendered":"<p>Descubra como as almofadas podem transformar a decora\u00e7\u00e3o da sua cama com dicas e inspira\u00e7\u00f5es incr\u00edveis.<\/p>\n","protected":false},"author":102,"featured_media":132649,"comment_status":"closed","ping_status":"closed","sticky":false,"template":"","format":"standard","meta":{"footnotes":""},"categories":[1484],"tags":[],"class_list":["post-132656","post","type-post","status-publish","format-standard","has-post-thumbnail","category-decoracao"],"_wp_attached_file":null,"_wp_attachment_metadata":null,"_wp_attachment_context":null,"_wp_attachment_is_custom_header":null,"geo_longitude":null,"geo_public":null,"geo_latitude":null,"_publicize_done_external":null,"_wpas_done_3897181":null,"publicize_twitter_user":null,"_wpas_done_3897175":null,"_wpas_skip_3897181":null,"_wpas_skip_3897175":null,"_wpas_skip_3924723":null,"_wpas_mess":null,"_wpas_done_3924723":null,"wps_subtitle":"","_links":{"self":[{"href":"https:\/\/www.aarquiteta.com.br\/blog\/wp-json\/wp\/v2\/posts\/132656","targetHints":{"allow":["GET"]}}],"collection":[{"href":"https:\/\/www.aarquiteta.com.br\/blog\/wp-json\/wp\/v2\/posts"}],"about":[{"href":"https:\/\/www.aarquiteta.com.br\/blog\/wp-json\/wp\/v2\/types\/post"}],"author":[{"embeddable":true,"href":"https:\/\/www.aarquiteta.com.br\/blog\/wp-json\/wp\/v2\/users\/102"}],"replies":[{"embeddable":true,"href":"https:\/\/www.aarquiteta.com.br\/blog\/wp-json\/wp\/v2\/comments?post=132656"}],"version-history":[{"count":0,"href":"https:\/\/www.aarquiteta.com.br\/blog\/wp-json\/wp\/v2\/posts\/132656\/revisions"}],"wp:featuredmedia":[{"embeddable":true,"href":"https:\/\/www.aarquiteta.com.br\/blog\/wp-json\/wp\/v2\/media\/132649"}],"wp:attachment":[{"href":"https:\/\/www.aarquiteta.com.br\/blog\/wp-json\/wp\/v2\/media?parent=132656"}],"wp:term":[{"taxonomy":"category","embeddable":true,"href":"https:\/\/www.aarquiteta.com.br\/blog\/wp-json\/wp\/v2\/categories?post=132656"},{"taxonomy":"post_tag","embeddable":true,"href":"https:\/\/www.aarquiteta.com.br\/blog\/wp-json\/wp\/v2\/tags?post=132656"}],"curies":[{"name":"wp","href":"https:\/\/api.w.org\/{rel}","templated":true}]}}