{"id":132493,"date":"2024-10-15T14:44:11","date_gmt":"2024-10-15T17:44:11","guid":{"rendered":"https:\/\/www.aarquiteta.com.br\/blog\/capa-de-almofada-6-ideias-transformar-sala-estar\/"},"modified":"2024-10-15T14:44:11","modified_gmt":"2024-10-15T17:44:11","slug":"capa-de-almofada-6-ideias-transformar-sala-estar","status":"publish","type":"post","link":"https:\/\/www.aarquiteta.com.br\/blog\/capa-de-almofada-6-ideias-transformar-sala-estar\/","title":{"rendered":"Capa de Almofada: 6 Ideias para Transformar sua Sala de Estar"},"content":{"rendered":"<p>Transformar sua sala de estar pode ser simples e divertido com capas de almofadas. Neste artigo, apresentamos 6 ideias criativas para renovar o ambiente e dar um toque especial \u00e0 sua decora\u00e7\u00e3o.<\/p>\n<h2>1. Escolha Cores Vibrantes<\/h2>\n<h3>1.1. Impacto Visual<\/h3>\n<figure style=\"width: 1024px\" class=\"wp-caption aligncenter\"><img decoding=\"async\" src=\"https:\/\/www.aarquiteta.com.br\/blog\/wp-content\/uploads\/2024\/10\/capa-de-almofada-6-ideias-transformar-sala-estar04.jpg\" alt=\"Capa de Almofada: 6 Ideias para Transformar sua Sala de Estar\" width=\"1024\" height=\"1024\" title=\"\"><figcaption class=\"wp-caption-text\">Capa de Almofada: 6 Ideias para Transformar sua Sala de Estar<\/figcaption><\/figure>\n<p>Quando se trata de <b>renovar a sala de estar<\/b>, as cores vibrantes s\u00e3o uma excelente escolha. Elas trazem vida e energia ao ambiente, criando um espa\u00e7o acolhedor e convidativo.<\/p>\n<h3>1.2. Combina\u00e7\u00f5es de Cores<\/h3>\n<figure style=\"width: 1024px\" class=\"wp-caption aligncenter\"><img decoding=\"async\" src=\"https:\/\/www.aarquiteta.com.br\/blog\/wp-content\/uploads\/2024\/10\/capa-de-almofada-6-ideias-transformar-sala-estar03.jpg\" alt=\"Capa de Almofada: 6 Ideias para Transformar sua Sala de Estar\" width=\"1024\" height=\"1024\" title=\"\"><figcaption class=\"wp-caption-text\">Capa de Almofada: 6 Ideias para Transformar sua Sala de Estar<\/figcaption><\/figure>\n<p>Experimente <b>combina\u00e7\u00f5es de cores<\/b> que contrastem ou harmonizem. Por exemplo, almofadas amarelas com um sof\u00e1 azul podem criar um visual moderno e alegre.<\/p>\n<h2>2. Estampas Diversificadas<\/h2>\n<h3>2.1. Estampas Florais<\/h3>\n<figure style=\"width: 1024px\" class=\"wp-caption aligncenter\"><img decoding=\"async\" src=\"https:\/\/www.aarquiteta.com.br\/blog\/wp-content\/uploads\/2024\/10\/capa-de-almofada-6-ideias-transformar-sala-estar02.jpg\" alt=\"Capa de Almofada: 6 Ideias para Transformar sua Sala de Estar\" width=\"1024\" height=\"1024\" title=\"\"><figcaption class=\"wp-caption-text\">Capa de Almofada: 6 Ideias para Transformar sua Sala de Estar<\/figcaption><\/figure>\n<p>As <b>estampas florais<\/b> s\u00e3o perfeitas para adicionar um toque de natureza \u00e0 sua sala. Elas podem ser usadas em almofadas grandes ou pequenas, dependendo do efeito desejado.<\/p>\n<h3>2.2. Geometria Moderna<\/h3>\n<figure style=\"width: 1024px\" class=\"wp-caption aligncenter\"><img decoding=\"async\" src=\"https:\/\/www.aarquiteta.com.br\/blog\/wp-content\/uploads\/2024\/10\/capa-de-almofada-6-ideias-transformar-sala-estar01.jpg\" alt=\"Capa de Almofada: 6 Ideias para Transformar sua Sala de Estar\" width=\"1024\" height=\"1024\" title=\"\"><figcaption class=\"wp-caption-text\">Capa de Almofada: 6 Ideias para Transformar sua Sala de Estar<\/figcaption><\/figure>\n<p>Se voc\u00ea prefere um estilo mais contempor\u00e2neo, as <b>estampas geom\u00e9tricas<\/b> s\u00e3o uma \u00f3tima op\u00e7\u00e3o. Elas trazem um ar de sofistica\u00e7\u00e3o e modernidade ao ambiente.<\/p>\n<h2>3. Texturas Diferentes<\/h2>\n<h3>3.1. Almofadas de Veludo<\/h3>\n<p>O <b>veludo<\/b> \u00e9 uma textura luxuosa que pode transformar instantaneamente a sua sala. Almofadas de veludo n\u00e3o s\u00f3 s\u00e3o bonitas, mas tamb\u00e9m proporcionam conforto.<\/p>\n<h3>3.2. Linho e Algod\u00e3o<\/h3>\n<h3>Assista agora a minha recomenda\u00e7\u00e3o de video abaixo sobre o tema que estamos tratando neste artigo: <\/h3>\n<p>https:\/\/www.youtube.com\/watch?v=<\/p>\n<p>Para um visual mais casual, opte por almofadas de <b>linho e algod\u00e3o<\/b>. Essas texturas s\u00e3o leves e trazem um ar descontra\u00eddo ao ambiente.<\/p>\n<h2>4. Capas Personalizadas<\/h2>\n<h3>4.1. Impress\u00e3o Digital<\/h3>\n<p>Com a <b>impress\u00e3o digital<\/b>, voc\u00ea pode criar capas de almofadas \u00fanicas que refletem sua personalidade. Escolha imagens ou padr\u00f5es que voc\u00ea ama!<\/p>\n<h3>4.2. Bordados e Apliques<\/h3>\n<p>Os <b>bordados e apliques<\/b> adicionam um toque artesanal e exclusivo \u00e0s suas almofadas. Eles podem ser usados para contar uma hist\u00f3ria ou expressar um sentimento.<\/p>\n<h2>5. Almofadas Tem\u00e1ticas<\/h2>\n<h3>5.1. Estilo Boho<\/h3>\n<p>Se voc\u00ea \u00e9 f\u00e3 do estilo boho, escolha almofadas com <b>estampas \u00e9tnicas<\/b> e cores terrosas. Esse estilo traz um ar descontra\u00eddo e acolhedor \u00e0 sala.<\/p>\n<h3>5.2. Minimalismo<\/h3>\n<p>Para quem prefere um visual mais limpo, as almofadas em tons neutros e com <b>design minimalista<\/b> s\u00e3o ideais. Elas ajudam a criar um ambiente sereno e organizado.<\/p>\n<h2>6. Mistura de Tamanhos e Formatos<\/h2>\n<h3>6.1. Almofadas Grandes vs. Pequenas<\/h3>\n<p>A mistura de <b>tamanhos de almofadas<\/b> pode criar um efeito visual interessante. Almofadas grandes podem ser usadas como ponto focal, enquanto as pequenas complementam.<\/p>\n<h3>6.2. Formatos Retangulares e Quadrados<\/h3>\n","protected":false},"excerpt":{"rendered":"<p>Transforme sua sala de estar com 6 ideias de capas de almofadas que adicionam cor e personalidade.<\/p>\n","protected":false},"author":102,"featured_media":132490,"comment_status":"closed","ping_status":"closed","sticky":false,"template":"","format":"standard","meta":{"footnotes":""},"categories":[1484,971,18792,18794],"tags":[],"class_list":["post-132493","post","type-post","status-publish","format-standard","has-post-thumbnail","category-decoracao","category-design-de-interiores","category-decoracao-de-apartamento","category-projetos-de-decoracao-de-casas"],"_wp_attached_file":null,"_wp_attachment_metadata":null,"_wp_attachment_context":null,"_wp_attachment_is_custom_header":null,"geo_longitude":null,"geo_public":null,"geo_latitude":null,"_publicize_done_external":null,"_wpas_done_3897181":null,"publicize_twitter_user":null,"_wpas_done_3897175":null,"_wpas_skip_3897181":null,"_wpas_skip_3897175":null,"_wpas_skip_3924723":null,"_wpas_mess":null,"_wpas_done_3924723":null,"wps_subtitle":"","_links":{"self":[{"href":"https:\/\/www.aarquiteta.com.br\/blog\/wp-json\/wp\/v2\/posts\/132493","targetHints":{"allow":["GET"]}}],"collection":[{"href":"https:\/\/www.aarquiteta.com.br\/blog\/wp-json\/wp\/v2\/posts"}],"about":[{"href":"https:\/\/www.aarquiteta.com.br\/blog\/wp-json\/wp\/v2\/types\/post"}],"author":[{"embeddable":true,"href":"https:\/\/www.aarquiteta.com.br\/blog\/wp-json\/wp\/v2\/users\/102"}],"replies":[{"embeddable":true,"href":"https:\/\/www.aarquiteta.com.br\/blog\/wp-json\/wp\/v2\/comments?post=132493"}],"version-history":[{"count":0,"href":"https:\/\/www.aarquiteta.com.br\/blog\/wp-json\/wp\/v2\/posts\/132493\/revisions"}],"wp:featuredmedia":[{"embeddable":true,"href":"https:\/\/www.aarquiteta.com.br\/blog\/wp-json\/wp\/v2\/media\/132490"}],"wp:attachment":[{"href":"https:\/\/www.aarquiteta.com.br\/blog\/wp-json\/wp\/v2\/media?parent=132493"}],"wp:term":[{"taxonomy":"category","embeddable":true,"href":"https:\/\/www.aarquiteta.com.br\/blog\/wp-json\/wp\/v2\/categories?post=132493"},{"taxonomy":"post_tag","embeddable":true,"href":"https:\/\/www.aarquiteta.com.br\/blog\/wp-json\/wp\/v2\/tags?post=132493"}],"curies":[{"name":"wp","href":"https:\/\/api.w.org\/{rel}","templated":true}]}}