{"id":132465,"date":"2024-10-15T11:30:09","date_gmt":"2024-10-15T14:30:09","guid":{"rendered":"https:\/\/www.aarquiteta.com.br\/blog\/cestos-para-mantas-8-formas-manter-organizacao-sala-estar\/"},"modified":"2024-10-15T11:30:09","modified_gmt":"2024-10-15T14:30:09","slug":"cestos-para-mantas-8-formas-manter-organizacao-sala-estar","status":"publish","type":"post","link":"https:\/\/www.aarquiteta.com.br\/blog\/cestos-para-mantas-8-formas-manter-organizacao-sala-estar\/","title":{"rendered":"Cestos para Mantas: 8 Formas de Manter a Organiza\u00e7\u00e3o na Sala de Estar"},"content":{"rendered":"<p>Descubra como os cestos para mantas podem transformar a organiza\u00e7\u00e3o da sua sala de estar, proporcionando um ambiente mais limpo e aconchegante. Aqui est\u00e3o 8 dicas pr\u00e1ticas para manter tudo em ordem!<\/p>\n<h2>Destaques principais<\/h2>\n<ul>\n<li><b>Escolha do cesto ideal:<\/b> A sele\u00e7\u00e3o do cesto certo \u00e9 fundamental para a funcionalidade e est\u00e9tica do ambiente.<\/li>\n<li><b>Localiza\u00e7\u00e3o estrat\u00e9gica:<\/b> Posicionar os cestos em locais estrat\u00e9gicos facilita o acesso e a organiza\u00e7\u00e3o.<\/li>\n<li><b>Personaliza\u00e7\u00e3o:<\/b> Adicionar um toque pessoal aos cestos pode torn\u00e1-los ainda mais atraentes e funcionais.<\/li>\n<\/ul>\n<h2>1. Escolha o Cesto Ideal<\/h2>\n<p>Quando se trata de <b>organiza\u00e7\u00e3o<\/b>, a escolha do cesto ideal \u00e9 o primeiro passo. Existem diversas op\u00e7\u00f5es no mercado, e cada uma pode atender a diferentes necessidades.<\/p>\n<h3>1.1 Tamanhos e Materiais<\/h3>\n<figure style=\"width: 1024px\" class=\"wp-caption aligncenter\"><img decoding=\"async\" src=\"https:\/\/www.aarquiteta.com.br\/blog\/wp-content\/uploads\/2024\/10\/cestos-para-mantas-8-formas-manter-organizacao-sala-estar04.jpg\" alt=\"Cestos para Mantas: 8 Formas de Manter a Organiza\u00e7\u00e3o na Sala de Estar\" width=\"1024\" height=\"1024\" title=\"\"><figcaption class=\"wp-caption-text\">Cestos para Mantas: 8 Formas de Manter a Organiza\u00e7\u00e3o na Sala de Estar<\/figcaption><\/figure>\n<p>Os cestos v\u00eam em v\u00e1rios <b>tamanhos<\/b> e materiais, como vime, tecido ou pl\u00e1stico. \u00c9 importante escolher um que se encaixe no espa\u00e7o dispon\u00edvel e que seja dur\u00e1vel.<\/p>\n<h3>1.2 Estilo que Combina com a Decora\u00e7\u00e3o<\/h3>\n<figure style=\"width: 1024px\" class=\"wp-caption aligncenter\"><img decoding=\"async\" src=\"https:\/\/www.aarquiteta.com.br\/blog\/wp-content\/uploads\/2024\/10\/cestos-para-mantas-8-formas-manter-organizacao-sala-estar03.jpg\" alt=\"Cestos para Mantas: 8 Formas de Manter a Organiza\u00e7\u00e3o na Sala de Estar\" width=\"1024\" height=\"1024\" title=\"\"><figcaption class=\"wp-caption-text\">Cestos para Mantas: 8 Formas de Manter a Organiza\u00e7\u00e3o na Sala de Estar<\/figcaption><\/figure>\n<p>Al\u00e9m da funcionalidade, o estilo do cesto deve <b>harmonizar<\/b> com a decora\u00e7\u00e3o da sala. Um cesto de vime pode trazer um ar r\u00fastico, enquanto um de tecido pode ser mais moderno.<\/p>\n<h2>2. Localiza\u00e7\u00e3o Estrat\u00e9gica<\/h2>\n<p>Ap\u00f3s escolher o cesto, a <b>localiza\u00e7\u00e3o<\/b> \u00e9 crucial. Um cesto bem posicionado pode facilitar a organiza\u00e7\u00e3o e o uso di\u00e1rio.<\/p>\n<h3>2.1 Perto do Sof\u00e1<\/h3>\n<figure style=\"width: 1024px\" class=\"wp-caption aligncenter\"><img decoding=\"async\" src=\"https:\/\/www.aarquiteta.com.br\/blog\/wp-content\/uploads\/2024\/10\/cestos-para-mantas-8-formas-manter-organizacao-sala-estar02.jpg\" alt=\"Cestos para Mantas: 8 Formas de Manter a Organiza\u00e7\u00e3o na Sala de Estar\" width=\"1024\" height=\"1024\" title=\"\"><figcaption class=\"wp-caption-text\">Cestos para Mantas: 8 Formas de Manter a Organiza\u00e7\u00e3o na Sala de Estar<\/figcaption><\/figure>\n<p>Colocar o cesto perto do sof\u00e1 \u00e9 uma \u00f3tima ideia. Assim, voc\u00ea pode guardar mantas e almofadas rapidamente, mantendo a sala sempre arrumada.<\/p>\n<h3>2.2 Em Cantos Espec\u00edficos<\/h3>\n<figure style=\"width: 1024px\" class=\"wp-caption aligncenter\"><img decoding=\"async\" src=\"https:\/\/www.aarquiteta.com.br\/blog\/wp-content\/uploads\/2024\/10\/cestos-para-mantas-8-formas-manter-organizacao-sala-estar01.jpg\" alt=\"Cestos para Mantas: 8 Formas de Manter a Organiza\u00e7\u00e3o na Sala de Estar\" width=\"1024\" height=\"1024\" title=\"\"><figcaption class=\"wp-caption-text\">Cestos para Mantas: 8 Formas de Manter a Organiza\u00e7\u00e3o na Sala de Estar<\/figcaption><\/figure>\n<p>Utilizar cantos espec\u00edficos da sala para colocar cestos pode otimizar o espa\u00e7o. Um canto bem decorado com um cesto pode se tornar um ponto focal interessante.<\/p>\n<h2>3. Organiza\u00e7\u00e3o por Tem\u00e1tica<\/h2>\n<p>Organizar os itens por <b>tem\u00e1tica<\/b> dentro dos cestos pode facilitar ainda mais a manuten\u00e7\u00e3o da ordem na sala.<\/p>\n<h3>3.1 Cestos para Mantas e Almofadas<\/h3>\n<p>Um cesto dedicado a mantas e almofadas \u00e9 pr\u00e1tico e mant\u00e9m tudo em um s\u00f3 lugar, pronto para ser usado quando necess\u00e1rio.<\/p>\n<h3>3.2 Cestos para Brinquedos e Jogos<\/h3>\n<h3>Assista agora a minha recomenda\u00e7\u00e3o de video abaixo sobre o tema que estamos tratando neste artigo: <\/h3>\n<p>https:\/\/www.youtube.com\/watch?v=<\/p>\n<p>Se voc\u00ea tem crian\u00e7as, um cesto para brinquedos pode ser uma solu\u00e7\u00e3o eficaz. Isso ajuda a manter a sala limpa e organizada, mesmo com a bagun\u00e7a infantil.<\/p>\n<h2>4. Rotina de Manuten\u00e7\u00e3o<\/h2>\n<p>Manter a organiza\u00e7\u00e3o requer uma <b>rotina<\/b>. Estabelecer h\u00e1bitos de manuten\u00e7\u00e3o pode fazer toda a diferen\u00e7a.<\/p>\n<h3>4.1 Limpeza Regular<\/h3>\n<p>Limpar os cestos regularmente \u00e9 essencial. Isso n\u00e3o s\u00f3 mant\u00e9m a est\u00e9tica, mas tamb\u00e9m garante que os itens dentro estejam sempre em boas condi\u00e7\u00f5es.<\/p>\n<h3>4.2 Reorganiza\u00e7\u00e3o Peri\u00f3dica<\/h3>\n<p>Reorganizar os itens a cada temporada pode ajudar a manter a sala sempre fresca e organizada. \u00c9 uma oportunidade de descartar o que n\u00e3o \u00e9 mais necess\u00e1rio.<\/p>\n<h2>5. Personaliza\u00e7\u00e3o dos Cestos<\/h2>\n<p>Adicionar um toque pessoal aos cestos pode torn\u00e1-los ainda mais especiais. A <b>personaliza\u00e7\u00e3o<\/b> \u00e9 uma forma de expressar seu estilo.<\/p>\n<h3>5.1 Adicionando Etiquetas<\/h3>\n<p>Etiquetas podem ajudar a identificar rapidamente o que est\u00e1 dentro de cada cesto. Isso \u00e9 especialmente \u00fatil em cestos que guardam itens variados.<\/p>\n<h3>5.2 Customiza\u00e7\u00e3o com Tecido<\/h3>\n<p>Customizar os cestos com tecidos que combinem com a decora\u00e7\u00e3o da sala pode ser uma forma divertida de personalizar o espa\u00e7o.<\/p>\n<h2>6. Cestos Multifuncionais<\/h2>\n<p>Os cestos n\u00e3o precisam ter apenas uma fun\u00e7\u00e3o. Eles podem ser <b>multifuncionais<\/b> e se adaptar \u00e0s suas necessidades.<\/p>\n<h3>6.1 Usos Alternativos<\/h3>\n<p>Um cesto pode ser usado para guardar mantas, mas tamb\u00e9m pode servir como mesa de apoio ou at\u00e9 mesmo como um assento improvisado.<\/p>\n<h3>6.2 Integra\u00e7\u00e3o com Outros M\u00f3veis<\/h3>\n","protected":false},"excerpt":{"rendered":"<p>Mantenha sua sala de estar organizada com 8 formas de usar cestos para mantas funcionais e estilosos.<\/p>\n","protected":false},"author":102,"featured_media":132462,"comment_status":"closed","ping_status":"closed","sticky":false,"template":"","format":"standard","meta":{"footnotes":""},"categories":[1484,971,18792,18794],"tags":[],"class_list":["post-132465","post","type-post","status-publish","format-standard","has-post-thumbnail","category-decoracao","category-design-de-interiores","category-decoracao-de-apartamento","category-projetos-de-decoracao-de-casas"],"_wp_attached_file":null,"_wp_attachment_metadata":null,"_wp_attachment_context":null,"_wp_attachment_is_custom_header":null,"geo_longitude":null,"geo_public":null,"geo_latitude":null,"_publicize_done_external":null,"_wpas_done_3897181":null,"publicize_twitter_user":null,"_wpas_done_3897175":null,"_wpas_skip_3897181":null,"_wpas_skip_3897175":null,"_wpas_skip_3924723":null,"_wpas_mess":null,"_wpas_done_3924723":null,"wps_subtitle":"","_links":{"self":[{"href":"https:\/\/www.aarquiteta.com.br\/blog\/wp-json\/wp\/v2\/posts\/132465","targetHints":{"allow":["GET"]}}],"collection":[{"href":"https:\/\/www.aarquiteta.com.br\/blog\/wp-json\/wp\/v2\/posts"}],"about":[{"href":"https:\/\/www.aarquiteta.com.br\/blog\/wp-json\/wp\/v2\/types\/post"}],"author":[{"embeddable":true,"href":"https:\/\/www.aarquiteta.com.br\/blog\/wp-json\/wp\/v2\/users\/102"}],"replies":[{"embeddable":true,"href":"https:\/\/www.aarquiteta.com.br\/blog\/wp-json\/wp\/v2\/comments?post=132465"}],"version-history":[{"count":0,"href":"https:\/\/www.aarquiteta.com.br\/blog\/wp-json\/wp\/v2\/posts\/132465\/revisions"}],"wp:featuredmedia":[{"embeddable":true,"href":"https:\/\/www.aarquiteta.com.br\/blog\/wp-json\/wp\/v2\/media\/132462"}],"wp:attachment":[{"href":"https:\/\/www.aarquiteta.com.br\/blog\/wp-json\/wp\/v2\/media?parent=132465"}],"wp:term":[{"taxonomy":"category","embeddable":true,"href":"https:\/\/www.aarquiteta.com.br\/blog\/wp-json\/wp\/v2\/categories?post=132465"},{"taxonomy":"post_tag","embeddable":true,"href":"https:\/\/www.aarquiteta.com.br\/blog\/wp-json\/wp\/v2\/tags?post=132465"}],"curies":[{"name":"wp","href":"https:\/\/api.w.org\/{rel}","templated":true}]}}