{"id":132449,"date":"2024-10-15T08:23:29","date_gmt":"2024-10-15T11:23:29","guid":{"rendered":"https:\/\/www.aarquiteta.com.br\/blog\/jardim-desertico\/"},"modified":"2024-10-15T08:23:29","modified_gmt":"2024-10-15T11:23:29","slug":"jardim-desertico","status":"publish","type":"post","link":"https:\/\/www.aarquiteta.com.br\/blog\/jardim-desertico\/","title":{"rendered":"Jardim Des\u00e9rtico: Beleza e Sustentabilidade em Paisagens \u00c1ridas"},"content":{"rendered":"<p>O Jardim Des\u00e9rtico \u00e9 uma solu\u00e7\u00e3o paisag\u00edstica que combina beleza e resist\u00eancia, utilizando plantas xer\u00f3fitas que economizam \u00e1gua e requerem pouca manuten\u00e7\u00e3o, ideal para ambientes \u00e1ridos e ensolarados.<\/p>\n<h2>Destaques principais<\/h2>\n<ul>\n<li><b>O que \u00e9 um Jardim Des\u00e9rtico?<\/b> &#8211; Um espa\u00e7o que imita a paisagem \u00e1rida, utilizando plantas que economizam \u00e1gua.<\/li>\n<li><b>Tipos de Jardins Des\u00e9rticos<\/b> &#8211; Varia\u00e7\u00f5es como o informal, tem\u00e1tico e contempor\u00e2neo, cada um com suas caracter\u00edsticas \u00fanicas.<\/li>\n<li><b>Vantagens do Jardim Des\u00e9rtico<\/b> &#8211; Baixa manuten\u00e7\u00e3o e resist\u00eancia a pragas, tornando-o uma escolha ecol\u00f3gica e pr\u00e1tica.<\/li>\n<\/ul>\n<h2>O que \u00e9 um Jardim Des\u00e9rtico?<\/h2>\n<p>O <b>Jardim Des\u00e9rtico<\/b> \u00e9 uma forma de paisagismo que busca reproduzir a beleza das paisagens \u00e1ridas. Ele \u00e9 caracterizado pela presen\u00e7a de <b>plantas xer\u00f3fitas<\/b>, que s\u00e3o adaptadas para sobreviver em condi\u00e7\u00f5es de baixa umidade. Essas plantas t\u00eam a capacidade de armazenar \u00e1gua e reduzir a perda h\u00eddrica, tornando-as ideais para climas quentes e secos.<\/p>\n<h2>Caracter\u00edsticas das Plantas Xer\u00f3fitas<\/h2>\n<p>As plantas xer\u00f3fitas possuem caracter\u00edsticas \u00fanicas que as tornam perfeitas para o <b>jardim des\u00e9rtico<\/b>. Entre essas caracter\u00edsticas, podemos destacar:<\/p>\n<ul>\n<li><b>Folhas reduzidas<\/b> ou at\u00e9 mesmo ausentes, como nos cactos.<\/li>\n<li><b>Folhas suculentas<\/b>, que armazenam \u00e1gua, como as crassul\u00e1ceas.<\/li>\n<li><b>Espinhos e escamas<\/b>, que ajudam a proteger a planta da perda de \u00e1gua.<\/li>\n<\/ul>\n<h2>Tipos de Jardins Des\u00e9rticos<\/h2>\n<p>Existem diferentes estilos de <b>jardins des\u00e9rticos<\/b>, cada um com suas particularidades:<\/p>\n<h3>Jardim Des\u00e9rtico Informal<\/h3>\n<figure style=\"width: 1024px\" class=\"wp-caption aligncenter\"><img decoding=\"async\" src=\"https:\/\/www.aarquiteta.com.br\/blog\/wp-content\/uploads\/2024\/10\/jardim-desertico-04.jpg\" alt=\"Jardim Des\u00e9rtico: Beleza e Sustentabilidade em Paisagens \u00c1ridas\" width=\"1024\" height=\"1024\" title=\"\"><figcaption class=\"wp-caption-text\">Jardim Des\u00e9rtico: Beleza e Sustentabilidade em Paisagens \u00c1ridas<\/figcaption><\/figure>\n<p>Este estilo \u00e9 caracterizado por linhas org\u00e2nicas e uma disposi\u00e7\u00e3o mais natural das plantas, semelhante ao estilo ingl\u00eas. Aqui, a \u00eanfase est\u00e1 na <b>harmonia<\/b> com a natureza.<\/p>\n<h3>Jardim Tem\u00e1tico<\/h3>\n<figure style=\"width: 1024px\" class=\"wp-caption aligncenter\"><img decoding=\"async\" src=\"https:\/\/www.aarquiteta.com.br\/blog\/wp-content\/uploads\/2024\/10\/jardim-desertico-03.jpg\" alt=\"Jardim Des\u00e9rtico: Beleza e Sustentabilidade em Paisagens \u00c1ridas\" width=\"1024\" height=\"1024\" title=\"\"><figcaption class=\"wp-caption-text\">Jardim Des\u00e9rtico: Beleza e Sustentabilidade em Paisagens \u00c1ridas<\/figcaption><\/figure>\n<p>Os jardins tem\u00e1ticos refletem a cultura e a flora de uma regi\u00e3o espec\u00edfica, como a caatinga do nordeste brasileiro ou os jardins mediterr\u00e2neos, com suas cores vibrantes e terrosas.<\/p>\n<h3>Jardim Des\u00e9rtico Contempor\u00e2neo<\/h3>\n<figure style=\"width: 1024px\" class=\"wp-caption aligncenter\"><img decoding=\"async\" src=\"https:\/\/www.aarquiteta.com.br\/blog\/wp-content\/uploads\/2024\/10\/jardim-desertico-02.jpg\" alt=\"Jardim Des\u00e9rtico: Beleza e Sustentabilidade em Paisagens \u00c1ridas\" width=\"1024\" height=\"1024\" title=\"\"><figcaption class=\"wp-caption-text\">Jardim Des\u00e9rtico: Beleza e Sustentabilidade em Paisagens \u00c1ridas<\/figcaption><\/figure>\n<p>Este estilo \u00e9 mais ousado e livre, incorporando elementos modernos como <b>vasos<\/b> e <b>pedras<\/b> com formatos inovadores, criando um visual arrojado e atraente.<\/p>\n<h2>Manuten\u00e7\u00e3o e Cuidados Necess\u00e1rios<\/h2>\n<p>Um dos grandes atrativos do <b>jardim des\u00e9rtico<\/b> \u00e9 a sua baixa necessidade de manuten\u00e7\u00e3o. As plantas requerem:<\/p>\n<ul>\n<li><b>Regas esparsas<\/b>, j\u00e1 que s\u00e3o adaptadas a ambientes secos.<\/li>\n<li><b>Poucas podas<\/b> e aduba\u00e7\u00f5es leves.<\/li>\n<li><b>Um bom sistema de drenagem<\/b> para evitar encharcamento.<\/li>\n<\/ul>\n<h2>Elementos Decorativos e Forra\u00e7\u00f5es<\/h2>\n<p>As forra\u00e7\u00f5es s\u00e3o essenciais para o <b>jardim des\u00e9rtico<\/b>. Pedriscos e areia n\u00e3o apenas embelezam o espa\u00e7o, mas tamb\u00e9m ajudam na drenagem do solo. \u00c9 importante escolher as cores e formas das pedras com cuidado para manter a <b>harmonia est\u00e9tica<\/b>.<\/p>\n<h2>Vantagens do Jardim Des\u00e9rtico<\/h2>\n<p>Os jardins des\u00e9rticos oferecem diversas vantagens, como:<\/p>\n<ul>\n<li><b>Economia de \u00e1gua<\/b>, sendo uma solu\u00e7\u00e3o ecol\u00f3gica.<\/li>\n<li><b>Baixa manuten\u00e7\u00e3o<\/b>, ideal para quem tem pouco tempo.<\/li>\n<li><b>Resist\u00eancia a pragas<\/b>, dispensando o uso de agrot\u00f3xicos.<\/li>\n<\/ul>\n<h2>Conclus\u00e3o<\/h2>\n<p>O <b>Jardim Des\u00e9rtico<\/b> \u00e9 uma alternativa incr\u00edvel para quem busca um espa\u00e7o bonito e de f\u00e1cil manuten\u00e7\u00e3o. Com suas plantas xer\u00f3fitas e a possibilidade de criar diferentes estilos, ele se adapta perfeitamente a ambientes \u00e1ridos e ensolarados. Se voc\u00ea est\u00e1 pensando em transformar seu espa\u00e7o ao ar livre, considere essa op\u00e7\u00e3o que une est\u00e9tica e sustentabilidade.<\/p>\n<figure style=\"width: 1024px\" class=\"wp-caption aligncenter\"><img decoding=\"async\" src=\"https:\/\/www.aarquiteta.com.br\/blog\/wp-content\/uploads\/2024\/10\/jardim-desertico-01.jpg\" alt=\"Jardim Des\u00e9rtico: Beleza e Sustentabilidade em Paisagens \u00c1ridas\" width=\"1024\" height=\"1024\" title=\"\"><figcaption class=\"wp-caption-text\">Jardim Des\u00e9rtico: Beleza e Sustentabilidade em Paisagens \u00c1ridas<\/figcaption><\/figure>\n<h3>Assista agora a minha recomenda\u00e7\u00e3o de video abaixo sobre o tema que estamos tratando neste artigo: <\/h3>\n<p>https:\/\/www.youtube.com\/watch?v=<\/p>\n","protected":false},"excerpt":{"rendered":"<p>O Jardim Des\u00e9rtico \u00e9 uma solu\u00e7\u00e3o paisag\u00edstica que combina beleza e resist\u00eancia, utilizando plantas xer\u00f3fitas que economizam \u00e1gua e requerem pouca manuten\u00e7\u00e3o, ideal para ambientes \u00e1ridos e ensolarados. Destaques principais O que \u00e9 um Jardim Des\u00e9rtico? &#8211; Um espa\u00e7o que imita a paisagem \u00e1rida, utilizando plantas que economizam \u00e1gua. Tipos de Jardins Des\u00e9rticos &#8211; Varia\u00e7\u00f5es [&hellip;]<\/p>\n","protected":false},"author":102,"featured_media":132446,"comment_status":"closed","ping_status":"closed","sticky":false,"template":"","format":"standard","meta":{"footnotes":""},"categories":[9612,18792,18794],"tags":[],"class_list":["post-132449","post","type-post","status-publish","format-standard","has-post-thumbnail","category-jardinagem","category-decoracao-de-apartamento","category-projetos-de-decoracao-de-casas"],"_wp_attached_file":null,"_wp_attachment_metadata":null,"_wp_attachment_context":null,"_wp_attachment_is_custom_header":null,"geo_longitude":null,"geo_public":null,"geo_latitude":null,"_publicize_done_external":null,"_wpas_done_3897181":null,"publicize_twitter_user":null,"_wpas_done_3897175":null,"_wpas_skip_3897181":null,"_wpas_skip_3897175":null,"_wpas_skip_3924723":null,"_wpas_mess":null,"_wpas_done_3924723":null,"wps_subtitle":"","_links":{"self":[{"href":"https:\/\/www.aarquiteta.com.br\/blog\/wp-json\/wp\/v2\/posts\/132449","targetHints":{"allow":["GET"]}}],"collection":[{"href":"https:\/\/www.aarquiteta.com.br\/blog\/wp-json\/wp\/v2\/posts"}],"about":[{"href":"https:\/\/www.aarquiteta.com.br\/blog\/wp-json\/wp\/v2\/types\/post"}],"author":[{"embeddable":true,"href":"https:\/\/www.aarquiteta.com.br\/blog\/wp-json\/wp\/v2\/users\/102"}],"replies":[{"embeddable":true,"href":"https:\/\/www.aarquiteta.com.br\/blog\/wp-json\/wp\/v2\/comments?post=132449"}],"version-history":[{"count":0,"href":"https:\/\/www.aarquiteta.com.br\/blog\/wp-json\/wp\/v2\/posts\/132449\/revisions"}],"wp:featuredmedia":[{"embeddable":true,"href":"https:\/\/www.aarquiteta.com.br\/blog\/wp-json\/wp\/v2\/media\/132446"}],"wp:attachment":[{"href":"https:\/\/www.aarquiteta.com.br\/blog\/wp-json\/wp\/v2\/media?parent=132449"}],"wp:term":[{"taxonomy":"category","embeddable":true,"href":"https:\/\/www.aarquiteta.com.br\/blog\/wp-json\/wp\/v2\/categories?post=132449"},{"taxonomy":"post_tag","embeddable":true,"href":"https:\/\/www.aarquiteta.com.br\/blog\/wp-json\/wp\/v2\/tags?post=132449"}],"curies":[{"name":"wp","href":"https:\/\/api.w.org\/{rel}","templated":true}]}}