{"id":132379,"date":"2024-10-14T08:30:31","date_gmt":"2024-10-14T11:30:31","guid":{"rendered":"https:\/\/www.aarquiteta.com.br\/blog\/ardosia\/"},"modified":"2024-10-14T08:30:31","modified_gmt":"2024-10-14T11:30:31","slug":"ardosia","status":"publish","type":"post","link":"https:\/\/www.aarquiteta.com.br\/blog\/ardosia\/","title":{"rendered":"Ard\u00f3sia: muito mais do que uma simples pedra cinza"},"content":{"rendered":"<p>&#8220;`html<br \/>\n<body><\/p>\n<p>A ard\u00f3sia \u00e9 uma pedra vers\u00e1til e estilosa, perfeita para quem quer trazer um toque de eleg\u00e2ncia e durabilidade em ambientes internos e externos. Dispon\u00edvel em v\u00e1rias cores e texturas, ela \u00e9 a escolha ideal para decora\u00e7\u00e3o com um olhar sustent\u00e1vel e pr\u00e1tico.<\/p>\n<h2>Principais pontos a serem abordados:<\/h2>\n<ul>\n<li><b>O que \u00e9 a ard\u00f3sia?<\/b> &#8211; Uma introdu\u00e7\u00e3o \u00e0 natureza e caracter\u00edsticas \u00fanicas dessa pedra metam\u00f3rfica.<\/li>\n<li><b>Vantagens na decora\u00e7\u00e3o<\/b> &#8211; O que faz da ard\u00f3sia uma op\u00e7\u00e3o t\u00e3o procurada para revestir pisos e paredes?<\/li>\n<li><b>Caracter\u00edsticas essenciais<\/b> &#8211; Cores e texturas que adicionam valor est\u00e9tico a qualquer projeto.<\/li>\n<li><b>Aplica\u00e7\u00f5es vers\u00e1teis<\/b> &#8211; Como e onde utilizar a ard\u00f3sia na sua casa.<\/li>\n<li><b>Manuten\u00e7\u00e3o simples<\/b> &#8211; Dicas para manter a beleza e durabilidade da ard\u00f3sia ao longo do tempo.<\/li>\n<li><b>Inspira\u00e7\u00f5es para decora\u00e7\u00e3o<\/b> &#8211; Exemplos de como a ard\u00f3sia pode transformar ambientes.<\/li>\n<\/ul>\n<h2>1. O que \u00e9 a ard\u00f3sia?<\/h2>\n<p>Olha, se tem uma pedra que merece um destaque especial, essa \u00e9 a <b>ard\u00f3sia<\/b>. Ela \u00e9 uma rocha metam\u00f3rfica, \u00e9 bem resistente, e voc\u00ea vai me entender quando digo que sua durabilidade passa longe da fragilidade das pedras comuns. Cada pe\u00e7a \u00e9 como uma obra de arte, cheia de pequenas variantes de cor e textura, mas, ao mesmo tempo, mant\u00e9m aquele charme que sempre a tornou t\u00e3o amada em projetos de decora\u00e7\u00e3o.<\/p>\n<p>O que torna a ard\u00f3sia ainda mais interessante \u00e9 sua <b>disponibilidade em v\u00e1rias cores<\/b>. Pense em tons de cinza, preto, verde e at\u00e9 rustico! \u00c9 quase como se a pr\u00f3pria natureza tivesse caprichado para nos oferecer v\u00e1rias op\u00e7\u00f5es para brilhar nos nossos ambientes.<\/p>\n<h2>2. Vantagens na decora\u00e7\u00e3o<\/h2>\n<p>O que me encanta na ard\u00f3sia \u00e9 como ela pode ser adapt\u00e1vel. Quando voc\u00ea pensa em <b>revestir uma parede ou um piso<\/b>, a ard\u00f3sia se revela uma op\u00e7\u00e3o t\u00e3o elegante. Imagine s\u00f3: voc\u00ea entra em um ambiente e, ao olhar aquele piso, percebe n\u00e3o apenas uma escolha pr\u00e1tica, mas <b>um detalhe decorativo impressionante<\/b>.<\/p>\n<p>Al\u00e9m disso, como arquiteto, eu n\u00e3o posso deixar de mencionar a quest\u00e3o da <b>preserva\u00e7\u00e3o ambiental<\/b>. Por ser um material natural e local, ele faz parte de uma constru\u00e7\u00e3o sustent\u00e1vel, o que \u00e9 um b\u00f4nus e tanto! Isso agregaria valor ao seu projeto.<\/p>\n<h2>3. Caracter\u00edsticas essenciais<\/h2>\n<h3>3.1 Cores e texturas<\/h3>\n<figure style=\"width: 1024px\" class=\"wp-caption aligncenter\"><img decoding=\"async\" src=\"https:\/\/www.aarquiteta.com.br\/blog\/wp-content\/uploads\/2024\/10\/ardosia01.jpg\" alt=\"Ard\u00f3sia: muito mais do que uma simples pedra cinza\" width=\"1024\" height=\"1024\" title=\"\"><figcaption class=\"wp-caption-text\">Ard\u00f3sia: muito mais do que uma simples pedra cinza<\/figcaption><\/figure>\n<p>Se voc\u00ea \u00e9 como eu, que aprecia cada nuance em um espa\u00e7o, vai amar a diversidade que a ard\u00f3sia oferece. Desde o cl\u00e1ssico cinza at\u00e9 o ousado ferrugem, cada tonalidade traz uma nova vida ao ambiente. E n\u00e3o esque\u00e7amos das <b>texturas<\/b>; ela pode ser polida, escovada ou at\u00e9 mesmo utilizada ao natural, criando uma atmosfera \u00fanica em cada canto que toque.<\/p>\n<h3>3.2 Resist\u00eancia<\/h3>\n<figure style=\"width: 1024px\" class=\"wp-caption aligncenter\"><img decoding=\"async\" src=\"https:\/\/www.aarquiteta.com.br\/blog\/wp-content\/uploads\/2024\/10\/1_piso-para-area-externa-0-286x160.jpg\" alt=\"piso para \u00e1reas externas\" title=\"\"><figcaption class=\"wp-caption-text\">piso para \u00e1reas externas<\/figcaption><\/figure>\n<p>A resist\u00eancia da ard\u00f3sia \u00e9 outro ponto que n\u00e3o podemos ignorar. \u00c9 resistente a intemp\u00e9ries, o que significa que voc\u00ea pode us\u00e1-la tranquilamente em \u00e1reas externas sem medo de que ela perca sua beleza com o tempo. Para aqueles que apreciam a praticidade, a ard\u00f3sia se torna uma parceira ideal em lugares que exigem mais durabilidade e menos manuten\u00e7\u00e3o.<\/p>\n<h2>4. Aplica\u00e7\u00f5es vers\u00e1teis<\/h2>\n<h3>4.1 Pisos e revestimentos<\/h3>\n<figure style=\"width: 1024px\" class=\"wp-caption aligncenter\"><img decoding=\"async\" src=\"https:\/\/www.aarquiteta.com.br\/blog\/wp-content\/uploads\/2024\/10\/ardosia-00.jpg\" alt=\"ard\u00f3sia 00\" title=\"\"><figcaption class=\"wp-caption-text\">ard\u00f3sia 00<\/figcaption><\/figure>\n<p>A ard\u00f3sia \u00e9 frequentemente utilizada em pisos e paredes, mas suas <b>aplica\u00e7\u00f5es n\u00e3o se limitam apenas a isso<\/b>. Ela pode ser aplicada nas fachadas de casas, criando um visual contempor\u00e2neo e robusto. Imagine uma lareira revestida de ard\u00f3sia! Isso n\u00e3o s\u00f3 aquece o ambiente como tamb\u00e9m oferece um estilo r\u00fastico e sofisticado.<\/p>\n<h3>4.2 Mobili\u00e1rio e acess\u00f3rios<\/h3>\n<figure style=\"width: 1024px\" class=\"wp-caption aligncenter\"><img decoding=\"async\" src=\"https:\/\/www.aarquiteta.com.br\/blog\/wp-content\/uploads\/2024\/10\/ardosia02.jpg\" alt=\"Ard\u00f3sia: muito mais do que uma simples pedra cinza\" width=\"1024\" height=\"1024\" title=\"\"><figcaption class=\"wp-caption-text\">Ard\u00f3sia: muito mais do que uma simples pedra cinza<\/figcaption><\/figure>\n<p>E quanto a m\u00f3veis? Pode parecer otimista, mas a ard\u00f3sia pode (e deve!) ser usada em mesas e bancadas. A combina\u00e7\u00e3o da ard\u00f3sia com madeira \u00e9 um <b>jogo de contrastes que surpreende sempre<\/b>. Al\u00e9m disso, bandejas e t\u00e1buas de corte em ard\u00f3sia s\u00e3o pr\u00e1ticas e chiques, impressionando os convidados nas suas reuni\u00f5es.<\/p>\n<h2>5. Manuten\u00e7\u00e3o simples<\/h2>\n<h3>5.1 Limpeza f\u00e1cil<\/h3>\n<figure style=\"width: 1024px\" class=\"wp-caption aligncenter\"><img decoding=\"async\" src=\"https:\/\/www.aarquiteta.com.br\/blog\/wp-content\/uploads\/2024\/10\/ardosia-2.webp\" alt=\"ard\u00f3sia 2\" title=\"\"><figcaption class=\"wp-caption-text\">ard\u00f3sia 2<\/figcaption><\/figure>\n<p>Vamos falar sobre manuten\u00e7\u00e3o, algo que todo mundo adora evitar, mas que \u00e9 crucial para a longevidade do material. O melhor da ard\u00f3sia \u00e9 que ela \u00e9 <b>super f\u00e1cil de limpar<\/b>. Um pano \u00famido e um detergente neutro j\u00e1 s\u00e3o suficientes para mant\u00ea-la sempre com aquele brilho desejado. Voc\u00ea n\u00e3o precisa ser um expert para cuidar bem dela!<\/p>\n<h3>5.2 Impermeabiliza\u00e7\u00e3o<\/h3>\n<figure style=\"width: 1024px\" class=\"wp-caption aligncenter\"><img decoding=\"async\" src=\"https:\/\/www.aarquiteta.com.br\/blog\/wp-content\/uploads\/2024\/10\/ardosia03.jpg\" alt=\"Ard\u00f3sia: muito mais do que uma simples pedra cinza\" width=\"1024\" height=\"1024\" title=\"\"><figcaption class=\"wp-caption-text\">Ard\u00f3sia: muito mais do que uma simples pedra cinza<\/figcaption><\/figure>\n<p>Utilizar um impermeabilizante tamb\u00e9m ajuda a prolongar a vida da ard\u00f3sia, evitando que a sujeira se fixe nos poros da pedra. Dica de ouro: em \u00e1reas com muito movimento, aplique <b>impermeabilizante<\/b> e mantenha sua ard\u00f3sia como nova por anos a fio.<\/p>\n<h2>6. Inspira\u00e7\u00f5es para decora\u00e7\u00e3o<\/h2>\n<h3>6.1 Estilo r\u00fastico<\/h3>\n<figure style=\"width: 1024px\" class=\"wp-caption aligncenter\"><img decoding=\"async\" src=\"https:\/\/www.aarquiteta.com.br\/blog\/wp-content\/uploads\/2024\/10\/pedras-decorativas-000-286x160.jpg\" alt=\"Pedras decorativas\" title=\"\"><figcaption class=\"wp-caption-text\">Pedras decorativas<\/figcaption><\/figure>\n<p>Se voc\u00ea aprecia um estilo r\u00fastico, a ard\u00f3sia pode trazer uma *quebrada* incr\u00edvel ao seu projeto. Em \u00e1reas gourmet ou jardins, usar a ard\u00f3sia \u00e9 como colocar a cereja do bolo: ela complementa a natureza com um toque natural e org\u00e2nico, dando uma sensa\u00e7\u00e3o de autenticidade.<\/p>\n<h3>6.2 Eleg\u00e2ncia contempor\u00e2nea<\/h3>\n<figure style=\"width: 1024px\" class=\"wp-caption aligncenter\"><img decoding=\"async\" src=\"https:\/\/www.aarquiteta.com.br\/blog\/wp-content\/uploads\/2024\/10\/ardosia4.jpg\" alt=\"Ard\u00f3sia: muito mais do que uma simples pedra cinza\" width=\"1024\" height=\"1024\" title=\"\"><figcaption class=\"wp-caption-text\">Ard\u00f3sia: muito mais do que uma simples pedra cinza<\/figcaption><\/figure>\n<p>J\u00e1 se voc\u00ea tem um olho para o <b>moderno e contempor\u00e2neo<\/b>, a ard\u00f3sia tamb\u00e9m faz esse show. Combin\u00e1-la com vidro e a\u00e7o pode resultar em ambientes super elegantes. N\u00e3o apenas bonitinhos, como funcionais e resistentes; um verdadeiro luxo acess\u00edvel!<\/p>\n<h2>Conclus\u00e3o<\/h2>\n<p>Enfim, a ard\u00f3sia n\u00e3o \u00e9 apenas uma pedra; ela \u00e9 uma experi\u00eancia que transforma ambientes. Para quem busca <b>qualidade<\/b>, <b>beleza<\/b> e <b>durabilidade<\/b>, n\u00e3o tem como errar ao escolher a ard\u00f3sia para seus projetos. Ela traz um charme que combina com sustentabilidade, al\u00e9m de se encaixar perfeitamente em qualquer estilo de decora\u00e7\u00e3o. Que tal dar uma chance a essa maravilha da natureza e ver sua casa se transformar?<\/p>\n<p><\/body><br \/>\n&#8220;`<br \/>\n<figure style=\"width: 1024px\" class=\"wp-caption aligncenter\"><img decoding=\"async\" src=\"https:\/\/www.aarquiteta.com.br\/blog\/wp-content\/uploads\/2024\/10\/tipos-de-granito-0-286x160.jpg\" alt=\"Tipos de granito\" title=\"\"><figcaption class=\"wp-caption-text\">Tipos de granito<\/figcaption><\/figure>\n<h3>Para se aprofundar mais sobre o tema, veja a minha recomenda\u00e7\u00e3o sobre o tema deste artigo no v\u00eddeo a seguir abaixo:<\/h3>\n<p><iframe title=\"YouTube video player\" src=\"https:\/\/www.youtube.com\/embed\/\" width=\"560\" height=\"315\" frameborder=\"0\" allowfullscreen=\"allowfullscreen\"><\/iframe><\/p>\n<figure style=\"width: 1024px\" class=\"wp-caption aligncenter\"><img decoding=\"async\" src=\"https:\/\/www.aarquiteta.com.br\/blog\/wp-content\/uploads\/2024\/10\/ardosia-4.webp\" alt=\"ard\u00f3sia 4\" title=\"\"><figcaption class=\"wp-caption-text\">ard\u00f3sia 4<\/figcaption><\/figure>\n","protected":false},"excerpt":{"rendered":"<p>Descubra caracter\u00edsticas, usos e vantagens da ard\u00f3sia, uma op\u00e7\u00e3o vers\u00e1til e acess\u00edvel para decorar sua casa.<\/p>\n","protected":false},"author":102,"featured_media":132372,"comment_status":"closed","ping_status":"closed","sticky":false,"template":"","format":"standard","meta":{"footnotes":""},"categories":[35375,971,19206],"tags":[],"class_list":["post-132379","post","type-post","status-publish","format-standard","has-post-thumbnail","category-acabamentos","category-design-de-interiores","category-revestimentos"],"_wp_attached_file":null,"_wp_attachment_metadata":null,"_wp_attachment_context":null,"_wp_attachment_is_custom_header":null,"geo_longitude":null,"geo_public":null,"geo_latitude":null,"_publicize_done_external":null,"_wpas_done_3897181":null,"publicize_twitter_user":null,"_wpas_done_3897175":null,"_wpas_skip_3897181":null,"_wpas_skip_3897175":null,"_wpas_skip_3924723":null,"_wpas_mess":null,"_wpas_done_3924723":null,"wps_subtitle":"","_links":{"self":[{"href":"https:\/\/www.aarquiteta.com.br\/blog\/wp-json\/wp\/v2\/posts\/132379","targetHints":{"allow":["GET"]}}],"collection":[{"href":"https:\/\/www.aarquiteta.com.br\/blog\/wp-json\/wp\/v2\/posts"}],"about":[{"href":"https:\/\/www.aarquiteta.com.br\/blog\/wp-json\/wp\/v2\/types\/post"}],"author":[{"embeddable":true,"href":"https:\/\/www.aarquiteta.com.br\/blog\/wp-json\/wp\/v2\/users\/102"}],"replies":[{"embeddable":true,"href":"https:\/\/www.aarquiteta.com.br\/blog\/wp-json\/wp\/v2\/comments?post=132379"}],"version-history":[{"count":0,"href":"https:\/\/www.aarquiteta.com.br\/blog\/wp-json\/wp\/v2\/posts\/132379\/revisions"}],"wp:featuredmedia":[{"embeddable":true,"href":"https:\/\/www.aarquiteta.com.br\/blog\/wp-json\/wp\/v2\/media\/132372"}],"wp:attachment":[{"href":"https:\/\/www.aarquiteta.com.br\/blog\/wp-json\/wp\/v2\/media?parent=132379"}],"wp:term":[{"taxonomy":"category","embeddable":true,"href":"https:\/\/www.aarquiteta.com.br\/blog\/wp-json\/wp\/v2\/categories?post=132379"},{"taxonomy":"post_tag","embeddable":true,"href":"https:\/\/www.aarquiteta.com.br\/blog\/wp-json\/wp\/v2\/tags?post=132379"}],"curies":[{"name":"wp","href":"https:\/\/api.w.org\/{rel}","templated":true}]}}