{"id":132357,"date":"2024-10-13T19:37:55","date_gmt":"2024-10-13T22:37:55","guid":{"rendered":"https:\/\/www.aarquiteta.com.br\/blog\/prateleira-industrial\/"},"modified":"2024-10-14T12:22:56","modified_gmt":"2024-10-14T15:22:56","slug":"prateleira-industrial","status":"publish","type":"post","link":"https:\/\/www.aarquiteta.com.br\/blog\/prateleira-industrial\/","title":{"rendered":"10 Fotos de Prateleira Industrial para uma Decora\u00e7\u00e3o Surpreendente"},"content":{"rendered":"<p><body><\/p>\n<p>As prateleiras industriais s\u00e3o a escolha perfeita para quem deseja um ambiente estiloso e pr\u00e1tico. Elas n\u00e3o apenas otimizam o espa\u00e7o, mas tamb\u00e9m trazem um toque moderno e descolado \u00e0 decora\u00e7\u00e3o de qualquer c\u00f4modo. Vamos explorar como usar esse elemento vers\u00e1til em sua casa!<\/p>\n<h2>Introdu\u00e7\u00e3o<\/h2>\n<p>Voc\u00ea j\u00e1 imaginou como uma simples prateleira pode fazer milagres na decora\u00e7\u00e3o da sua casa? Al\u00e9m de servir como um elemento funcional, as prateleiras industriais s\u00e3o verdadeiros destaques visuais, trazendo um charme todo especial aos ambientes. Neste artigo, vou compartilhar como incorpor\u00e1-las em diversos espa\u00e7os e as vantagens que elas oferecem.<\/p>\n<h2>Benef\u00edcios das Prateleiras Industriais<\/h2>\n<h3>Otimiza\u00e7\u00e3o do Espa\u00e7o<\/h3>\n<figure style=\"width: 1024px\" class=\"wp-caption aligncenter\"><img decoding=\"async\" src=\"https:\/\/www.aarquiteta.com.br\/blog\/wp-content\/uploads\/2024\/10\/prateleira-industrial-2-1-730x713.webp\" alt=\"Prateleira industrial com elementos naturais na decora\u00e7\u00e3o.\" title=\"\"><figcaption class=\"wp-caption-text\">Prateleira industrial com elementos naturais na decora\u00e7\u00e3o.<\/figcaption><\/figure>\n<p>Essas prateleiras s\u00e3o incr\u00edveis para <b>maximizar cada metro quadrado<\/b> dispon\u00edvel. Ao elevar itens ao inv\u00e9s de deix\u00e1-los espalhados, voc\u00ea pode liberar espa\u00e7o no ch\u00e3o e ainda manter tudo organizado. Por exemplo, na cozinha, elas s\u00e3o \u00f3timas para guardar temperos e utens\u00edlios, tudo \u00e0 m\u00e3o e vis\u00edvel.<\/p>\n<h3>Estilo Moderno<\/h3>\n<figure style=\"width: 1024px\" class=\"wp-caption aligncenter\"><img decoding=\"async\" src=\"https:\/\/www.aarquiteta.com.br\/blog\/wp-content\/uploads\/2024\/10\/prateleira-industrial01.jpg\" alt=\"40 Fotos de Prateleira Industrial para uma Decora\u00e7\u00e3o Surpreendente\" width=\"1024\" height=\"1024\" title=\"\"><figcaption class=\"wp-caption-text\">40 Fotos de Prateleira Industrial para uma Decora\u00e7\u00e3o Surpreendente<\/figcaption><\/figure>\n<p>Uma prateleira industrial \u00e9 a escolha ideal para dar um toque <b>contempor\u00e2neo e descolado<\/b> ao seu lar. Com seu design robusto, elas capturam a ess\u00eancia do estilo urbano e mesclam perfeitamente com outros estilos, desde o r\u00fastico at\u00e9 o minimalista. \u00c9 o tipo de pe\u00e7a que fala por si s\u00f3!<\/p>\n<h2>Ambientes Ideais para Prateleiras Industriais<\/h2>\n<h3>Cozinha<\/h3>\n<figure style=\"width: 1024px\" class=\"wp-caption aligncenter\"><img decoding=\"async\" src=\"https:\/\/www.aarquiteta.com.br\/blog\/wp-content\/uploads\/2024\/10\/prateleira-industrial-00.jpg\" alt=\"Modelo de prateleira industrial decorada com itens variados.\" title=\"\"><figcaption class=\"wp-caption-text\">Modelo de prateleira industrial decorada com itens variados.<\/figcaption><\/figure>\n<p>Imagina expor seus <b>utens\u00edlios preferidos<\/b> em uma prateleira bem montada na cozinha? Al\u00e9m de pr\u00e1tico, \u00e9 super bonito! Pode ser uma excelente forma de deixar seu espa\u00e7o mais acolhedor e estiloso.<\/p>\n<h3>Sala de Estar<\/h3>\n<figure style=\"width: 1024px\" class=\"wp-caption aligncenter\"><img decoding=\"async\" src=\"https:\/\/www.aarquiteta.com.br\/blog\/wp-content\/uploads\/2024\/10\/prateleira-industrial02.jpg\" alt=\"40 Fotos de Prateleira Industrial para uma Decora\u00e7\u00e3o Surpreendente\" width=\"1024\" height=\"1024\" title=\"\"><figcaption class=\"wp-caption-text\">40 Fotos de Prateleira Industrial para uma Decora\u00e7\u00e3o Surpreendente<\/figcaption><\/figure>\n<p>Na sala, elas s\u00e3o perfeitas para exibir <b>livros, plantas e objetos decorativos<\/b>. Uma prateleira industrial pode se tornar o foco do ambiente, criando um espa\u00e7o que estimula conversas e admiradores. Afinal, quem n\u00e3o gostaria de mostrar um pouco do que ama?<\/p>\n<h3>Banheiro<\/h3>\n<figure style=\"width: 1024px\" class=\"wp-caption aligncenter\"><img decoding=\"async\" src=\"https:\/\/www.aarquiteta.com.br\/blog\/wp-content\/uploads\/2024\/10\/prateleiras-para-cozinha-00-286x160.webp\" alt=\"Prateleiras de cozinha minimalistas e modernas.\" title=\"\"><figcaption class=\"wp-caption-text\">Prateleiras de cozinha minimalistas e modernas.<\/figcaption><\/figure>\n<p>Sim, at\u00e9 o banheiro pode ganhar um charminho com prateleiras industriais! Pode-se utiliz\u00e1-las para <b>manter produtos de higiene organizados<\/b> e ainda embelezar o espa\u00e7o. Pronto, adeus ao visual desordenado!<\/p>\n<h2>Materiais e Estilos de Prateleiras Industriais<\/h2>\n<h3>Usando Canos de PVC<\/h3>\n<figure style=\"width: 1024px\" class=\"wp-caption aligncenter\"><img decoding=\"async\" src=\"https:\/\/www.aarquiteta.com.br\/blog\/wp-content\/uploads\/2024\/10\/prateleira-industrial03.jpg\" alt=\"40 Fotos de Prateleira Industrial para uma Decora\u00e7\u00e3o Surpreendente\" width=\"1024\" height=\"1024\" title=\"\"><figcaption class=\"wp-caption-text\">40 Fotos de Prateleira Industrial para uma Decora\u00e7\u00e3o Surpreendente<\/figcaption><\/figure>\n<p>Esse material \u00e9 uma op\u00e7\u00e3o acess\u00edvel, leve e f\u00e1cil de trabalhar. As prateleiras feitas com <b>canos de PVC<\/b> s\u00e3o uma excelente alternativa para quem quer come\u00e7ar a personalizar seu espa\u00e7o sem gastar muito. O melhor de tudo: voc\u00ea pode pint\u00e1-los da cor que preferir!<\/p>\n<h3>Madeira e Metal<\/h3>\n<figure style=\"width: 1024px\" class=\"wp-caption aligncenter\"><img decoding=\"async\" src=\"https:\/\/www.aarquiteta.com.br\/blog\/wp-content\/uploads\/2024\/10\/prateleira-suspensa-0-286x160.webp\" alt=\"Prateleira suspensa que maximiza o espa\u00e7o.\" title=\"\"><figcaption class=\"wp-caption-text\">Prateleira suspensa que maximiza o espa\u00e7o.<\/figcaption><\/figure>\n<p>Essa combina\u00e7\u00e3o \u00e9 simplesmente cl\u00e1ssica! A uni\u00e3o de <b>madeira e metal<\/b> resulta em prateleiras elegantes e resistentes. \u00c9 ideal para quem procura dar um toque industrial mais sofisticado e atemporal \u00e0 decora\u00e7\u00e3o.<\/p>\n<h2>DIY: Como Fazer sua Prateleira Industrial<\/h2>\n<h3>Passo a Passo com Canos de PVC<\/h3>\n<figure style=\"width: 1024px\" class=\"wp-caption aligncenter\"><img decoding=\"async\" src=\"https:\/\/www.aarquiteta.com.br\/blog\/wp-content\/uploads\/2024\/10\/prateleira-industrial4.jpg\" alt=\"40 Fotos de Prateleira Industrial para uma Decora\u00e7\u00e3o Surpreendente\" width=\"1024\" height=\"1024\" title=\"\"><figcaption class=\"wp-caption-text\">40 Fotos de Prateleira Industrial para uma Decora\u00e7\u00e3o Surpreendente<\/figcaption><\/figure>\n<p>Quer se aventurar e fazer sua pr\u00f3pria prateleira? Vamos l\u00e1! Para come\u00e7ar, voc\u00ea precisa de canos de PVC e pranchas de madeira. <b>Com um pouco de criatividade e algumas ferramentas simples<\/b>, \u00e9 poss\u00edvel criar um \u00f3timo espa\u00e7o de armazenamento e ainda deixar seu ambiente incr\u00edvel.<\/p>\n<h3>Criando uma Estante Moderninha<\/h3>\n<figure style=\"width: 1024px\" class=\"wp-caption aligncenter\"><img decoding=\"async\" src=\"https:\/\/www.aarquiteta.com.br\/blog\/wp-content\/uploads\/2024\/10\/estante-industrial-31-286x160.webp\" alt=\"Estante industrial com design r\u00fastico e elegante.\" title=\"\"><figcaption class=\"wp-caption-text\">Estante industrial com design r\u00fastico e elegante.<\/figcaption><\/figure>\n<p>Se a ideia \u00e9 algo mais robusto, que tal construir uma estante completa? Utilize uma combina\u00e7\u00e3o de <b>canos de ferro e pranchas de madeira<\/b>. O resultado ser\u00e1 uma pe\u00e7a de destaque que dar\u00e1 vida \u00e0 sua sala de estar ou escrit\u00f3rio.<\/p>\n<h2>Conclus\u00e3o<\/h2>\n<p>Ver\u00e1 como as prateleiras industriais s\u00e3o a solu\u00e7\u00e3o perfeita para unir <b>estilo e funcionalidade<\/b> na sua decora\u00e7\u00e3o? Com algumas dicas e ideias, voc\u00ea pode transformar seu ambiente em um local mais pr\u00e1tico e com a sua cara. Ent\u00e3o, n\u00e3o perca tempo e comece hoje a sua transforma\u00e7\u00e3o!<\/p>\n<p><\/body><\/p>\n<h3>Para se aprofundar mais sobre o tema, veja a minha recomenda\u00e7\u00e3o sobre o tema deste artigo no v\u00eddeo a seguir abaixo:<\/h3>\n<p><iframe title=\"YouTube video player\" src=\"https:\/\/www.youtube.com\/embed\/\" width=\"560\" height=\"315\" frameborder=\"0\" allowfullscreen=\"allowfullscreen\"><\/iframe><\/p>\n<figure style=\"width: 1024px\" class=\"wp-caption aligncenter\"><img decoding=\"async\" src=\"https:\/\/www.aarquiteta.com.br\/blog\/wp-content\/uploads\/2024\/10\/prateleira-industrial-1-730x730.webp\" alt=\"Prateleira industrial em formato retangular com decora\u00e7\u00e3o moderninha.\" title=\"\"><figcaption class=\"wp-caption-text\">Prateleira industrial em formato retangular com decora\u00e7\u00e3o moderninha.<\/figcaption><\/figure>\n","protected":false},"excerpt":{"rendered":"<p>Descubra 40 ideias incr\u00edveis de prateleiras industriais para transformar a decora\u00e7\u00e3o da sua casa.<\/p>\n","protected":false},"author":102,"featured_media":132350,"comment_status":"closed","ping_status":"closed","sticky":false,"template":"","format":"standard","meta":{"footnotes":""},"categories":[1484],"tags":[],"class_list":["post-132357","post","type-post","status-publish","format-standard","has-post-thumbnail","category-decoracao"],"_wp_attached_file":null,"_wp_attachment_metadata":null,"_wp_attachment_context":null,"_wp_attachment_is_custom_header":null,"geo_longitude":null,"geo_public":null,"geo_latitude":null,"_publicize_done_external":null,"_wpas_done_3897181":null,"publicize_twitter_user":null,"_wpas_done_3897175":null,"_wpas_skip_3897181":null,"_wpas_skip_3897175":null,"_wpas_skip_3924723":null,"_wpas_mess":null,"_wpas_done_3924723":null,"wps_subtitle":"","_links":{"self":[{"href":"https:\/\/www.aarquiteta.com.br\/blog\/wp-json\/wp\/v2\/posts\/132357","targetHints":{"allow":["GET"]}}],"collection":[{"href":"https:\/\/www.aarquiteta.com.br\/blog\/wp-json\/wp\/v2\/posts"}],"about":[{"href":"https:\/\/www.aarquiteta.com.br\/blog\/wp-json\/wp\/v2\/types\/post"}],"author":[{"embeddable":true,"href":"https:\/\/www.aarquiteta.com.br\/blog\/wp-json\/wp\/v2\/users\/102"}],"replies":[{"embeddable":true,"href":"https:\/\/www.aarquiteta.com.br\/blog\/wp-json\/wp\/v2\/comments?post=132357"}],"version-history":[{"count":0,"href":"https:\/\/www.aarquiteta.com.br\/blog\/wp-json\/wp\/v2\/posts\/132357\/revisions"}],"wp:featuredmedia":[{"embeddable":true,"href":"https:\/\/www.aarquiteta.com.br\/blog\/wp-json\/wp\/v2\/media\/132350"}],"wp:attachment":[{"href":"https:\/\/www.aarquiteta.com.br\/blog\/wp-json\/wp\/v2\/media?parent=132357"}],"wp:term":[{"taxonomy":"category","embeddable":true,"href":"https:\/\/www.aarquiteta.com.br\/blog\/wp-json\/wp\/v2\/categories?post=132357"},{"taxonomy":"post_tag","embeddable":true,"href":"https:\/\/www.aarquiteta.com.br\/blog\/wp-json\/wp\/v2\/tags?post=132357"}],"curies":[{"name":"wp","href":"https:\/\/api.w.org\/{rel}","templated":true}]}}