{"id":132143,"date":"2024-10-11T18:48:25","date_gmt":"2024-10-11T21:48:25","guid":{"rendered":"https:\/\/www.aarquiteta.com.br\/blog\/sofa-confortavel-2\/"},"modified":"2024-10-11T18:48:25","modified_gmt":"2024-10-11T21:48:25","slug":"sofa-confortavel-2","status":"publish","type":"post","link":"https:\/\/www.aarquiteta.com.br\/blog\/sofa-confortavel-2\/","title":{"rendered":"Como escolher um sof\u00e1 confort\u00e1vel"},"content":{"rendered":"<p><body><\/p>\n<p>Escolher um sof\u00e1 confort\u00e1vel vai muito al\u00e9m da est\u00e9tica; \u00e9 uma quest\u00e3o de funcionalidade e bem-estar. Aqui, voc\u00ea vai descobrir dicas pr\u00e1ticas para encontrar o sof\u00e1 que vai ser o cora\u00e7\u00e3o da sua sala de estar!<\/p>\n<h2>Introdu\u00e7\u00e3o<\/h2>\n<p>Quando penso em um sof\u00e1 ideal, a gente logo imagina aquele espa\u00e7o aconchegante, onde posso relaxar ap\u00f3s um longo dia. Um sof\u00e1 n\u00e3o \u00e9 apenas um m\u00f3vel, mas sim um local de encontros, conversas e momentos inesquec\u00edveis com a fam\u00edlia e amigos. Por isso, saber escolher o modelo certo \u00e9 fundamental.<\/p>\n<h2>1. Dimensionamento do Sof\u00e1<\/h2>\n<h3>1.1. Metragem do Ambiente<\/h3>\n<figure style=\"width: 1024px\" class=\"wp-caption aligncenter\"><img decoding=\"async\" src=\"https:\/\/www.aarquiteta.com.br\/blog\/wp-content\/uploads\/2024\/10\/sofa-confortavel-3-730x449.webp\" alt=\"Sof\u00e1 confort\u00e1vel\" title=\"\"><figcaption class=\"wp-caption-text\">Sof\u00e1 confort\u00e1vel<\/figcaption><\/figure>\n<p>Antes de tudo, me pergunto: qual o <b>tamanho do espa\u00e7o onde ele vai ficar<\/b>? \u00c9 preciso medir com cuidado para que o sof\u00e1 n\u00e3o ocupe todo o ambiente e ainda permita a circula\u00e7\u00e3o. \u00c9 um pouco como escolher a roupa certa \u2013 a gente precisa saber o que temos \u00e0 nossa disposi\u00e7\u00e3o!<\/p>\n<h3>1.2. Limites de Passagem<\/h3>\n<figure style=\"width: 1024px\" class=\"wp-caption aligncenter\"><img decoding=\"async\" src=\"https:\/\/www.aarquiteta.com.br\/blog\/wp-content\/uploads\/2024\/10\/sofa-confortavel01.jpg\" alt=\"Como escolher um sof\u00e1 confort\u00e1vel\" width=\"1024\" height=\"1024\" title=\"\"><figcaption class=\"wp-caption-text\">Como escolher um sof\u00e1 confort\u00e1vel<\/figcaption><\/figure>\n<p>Cercar o sof\u00e1 com uma passagem m\u00ednima de 60 cm \u00e9 <b>essencial<\/b>. Isso garante que a gente consiga andar pelo ambiente sem trope\u00e7os. Imagina s\u00f3: voc\u00ea convidou os amigos para um filme e fica todo mundo empurrando no sof\u00e1? Ningu\u00e9m quer isso!<\/p>\n<h2>2. Sof\u00e1s Funcionais<\/h2>\n<h3>2.1. Sof\u00e1-Cama<\/h3>\n<figure style=\"width: 1024px\" class=\"wp-caption aligncenter\"><img decoding=\"async\" src=\"https:\/\/www.aarquiteta.com.br\/blog\/wp-content\/uploads\/2024\/10\/sofa-confortavel-0.webp\" alt=\"Sof\u00e1 confort\u00e1vel\" title=\"\"><figcaption class=\"wp-caption-text\">Sof\u00e1 confort\u00e1vel<\/figcaption><\/figure>\n<p>Um sof\u00e1-cama \u00e9 <b>perfeito<\/b> para otimizar espa\u00e7os menores. Ele se transforma facilmente em uma cama quando necess\u00e1rio e, convenhamos, quem n\u00e3o gosta de ter um espa\u00e7o extra para receber amigos? \u00c9 como ter o melhor dos dois mundos!<\/p>\n<h3>2.2. Sof\u00e1s Retr\u00e1teis<\/h3>\n<figure style=\"width: 1024px\" class=\"wp-caption aligncenter\"><img decoding=\"async\" src=\"https:\/\/www.aarquiteta.com.br\/blog\/wp-content\/uploads\/2024\/10\/sofa-confortavel02.jpg\" alt=\"Como escolher um sof\u00e1 confort\u00e1vel\" width=\"1024\" height=\"1024\" title=\"\"><figcaption class=\"wp-caption-text\">Como escolher um sof\u00e1 confort\u00e1vel<\/figcaption><\/figure>\n<p>Sof\u00e1s retr\u00e1teis s\u00e3o como um <b>camale\u00e3o<\/b> do conforto. Eles se ajustam \u00e0s nossas necessidades, podendo ficar mais compactos ou expandir para um conforto extra. \u00c9 ideal para quem gosta de receber visitas e quer manter a sala sempre funcional.<\/p>\n<h2>3. Conforto e Ergonomia<\/h2>\n<h3>3.1. Testando o Sof\u00e1<\/h3>\n<figure style=\"width: 1024px\" class=\"wp-caption aligncenter\"><img decoding=\"async\" src=\"https:\/\/www.aarquiteta.com.br\/blog\/wp-content\/uploads\/2024\/10\/cores-para-sala-pequena-00-1-286x160.webp\" alt=\"Foto de cores para sala pequena\" title=\"\"><figcaption class=\"wp-caption-text\">Foto de cores para sala pequena<\/figcaption><\/figure>\n<p>\u00c9 sempre uma boa ideia <b>testar o sof\u00e1<\/b> antes da compra. Sentar, deitar, e at\u00e9 abrir o retr\u00e1til para sentir como ele se comporta. Afinal, ningu\u00e9m quer errar na compra e descobrir que parece mais uma t\u00e1bua do que um sof\u00e1 aconchegante!<\/p>\n<h3>3.2. Import\u00e2ncia da Densidade da Espuma<\/h3>\n<figure style=\"width: 1024px\" class=\"wp-caption aligncenter\"><img decoding=\"async\" src=\"https:\/\/www.aarquiteta.com.br\/blog\/wp-content\/uploads\/2024\/10\/sofa-confortavel03.jpg\" alt=\"Como escolher um sof\u00e1 confort\u00e1vel\" width=\"1024\" height=\"1024\" title=\"\"><figcaption class=\"wp-caption-text\">Como escolher um sof\u00e1 confort\u00e1vel<\/figcaption><\/figure>\n<p>A densidade da espuma \u00e9 um fator crucial a ser considerado. Escolher uma espuma de densidade ideal, como a D-33, \u00e9 garantir que voc\u00ea ter\u00e1 um sof\u00e1 que vai durar e, ao mesmo tempo, ser confort\u00e1vel. Um sof\u00e1 deve ser como um abra\u00e7o apertado, n\u00e3o uma limonada azeda!<\/p>\n<h2>4. Materiais e Estofados<\/h2>\n<h3>4.1. Suede, Linho e Couro<\/h3>\n<figure style=\"width: 1024px\" class=\"wp-caption aligncenter\"><img decoding=\"async\" src=\"https:\/\/www.aarquiteta.com.br\/blog\/wp-content\/uploads\/2024\/10\/sofa-azul-marinho-0-286x160.webp\" alt=\"Foto de sof\u00e1 azul marinho\" title=\"\"><figcaption class=\"wp-caption-text\">Foto de sof\u00e1 azul marinho<\/figcaption><\/figure>\n<p>Quando falamos de estofados, o <b>suede<\/b> \u00e9 excelente para quem busca aconchego, enquanto o linho traz uma leveza incr\u00edvel. J\u00e1 o couro, ah, o couro! Embora elegante, ele \u00e9 mais para quem quer sofistica\u00e7\u00e3o com um toque de charme, mesmo que seja um pouco menos acolhedor.<\/p>\n<h3>4.2. Mola vs. Espuma<\/h3>\n<figure style=\"width: 1024px\" class=\"wp-caption aligncenter\"><img decoding=\"async\" src=\"https:\/\/www.aarquiteta.com.br\/blog\/wp-content\/uploads\/2024\/10\/sofa-confortavel4.jpg\" alt=\"Como escolher um sof\u00e1 confort\u00e1vel\" width=\"1024\" height=\"1024\" title=\"\"><figcaption class=\"wp-caption-text\">Como escolher um sof\u00e1 confort\u00e1vel<\/figcaption><\/figure>\n<p>Fazer uma escolha entre sof\u00e1 com mola ou espuma pode ser a chave do sucesso. Sof\u00e1s com molas <b>t\u00eam maior durabilidade<\/b>, enquanto os de espuma tendem a ser mais acess\u00edveis. Avaliar o seu estilo de vida e uso pode ajudar a decidir a melhor op\u00e7\u00e3o.<\/p>\n<h2>5. Estilo e Est\u00e9tica do Sof\u00e1<\/h2>\n<h3>5.1. Cores e Texturas<\/h3>\n<figure style=\"width: 1024px\" class=\"wp-caption aligncenter\"><img decoding=\"async\" src=\"https:\/\/www.aarquiteta.com.br\/blog\/wp-content\/uploads\/2024\/10\/sofa-confortavel-1-730x449.webp\" alt=\"Sof\u00e1 confort\u00e1vel\" title=\"\"><figcaption class=\"wp-caption-text\">Sof\u00e1 confort\u00e1vel<\/figcaption><\/figure>\n<p>Na hora de escolher a cor, o segredo \u00e9 harmonizar com a decora\u00e7\u00e3o j\u00e1 existente na casa. Uma cor neutra pode ser <b>vers\u00e1til<\/b>, enquanto uma cor vibrante pode energizar o espa\u00e7o. Pense em como cada tonalidade muda a atmosfera, \u00e9 como pintar um quadro com as emo\u00e7\u00f5es!<\/p>\n<h3>5.2. Modelos Modernos e Funcionais<\/h3>\n<h3>Para se aprofundar mais sobre o tema, veja a minha recomenda\u00e7\u00e3o sobre o tema deste artigo no v\u00eddeo a seguir abaixo:<\/h3>\n<p><iframe title=\"YouTube video player\" src=\"https:\/\/www.youtube.com\/embed\/ZALyLt0QCK4\" width=\"560\" height=\"315\" frameborder=\"0\" allowfullscreen=\"allowfullscreen\"><\/iframe><\/p>\n<p>Modelos modernos mesclam design e funcionalidade. Sof\u00e1s que v\u00eam com compartimentos para armazenamento s\u00e3o um verdadeiro achado: \u00e9 um canto do sof\u00e1 e da organiza\u00e7\u00e3o, como ter <b>duas utilidades em uma<\/b> s\u00f3!<\/p>\n<h2>6. Dicas Finais para Escolha do Sof\u00e1<\/h2>\n<h3>6.1. Manuten\u00e7\u00e3o e Limpeza<\/h3>\n<figure style=\"width: 1024px\" class=\"wp-caption aligncenter\"><img decoding=\"async\" src=\"https:\/\/www.aarquiteta.com.br\/blog\/wp-content\/uploads\/2024\/10\/sofa-confortavel-2-730x449.webp\" alt=\"Sof\u00e1 confort\u00e1vel\" title=\"\"><figcaption class=\"wp-caption-text\">Sof\u00e1 confort\u00e1vel<\/figcaption><\/figure>\n<p>A manuten\u00e7\u00e3o \u00e9 a alma do neg\u00f3cio! Infelizmente, um sof\u00e1 n\u00e3o se limpa sozinho, e saber como cuidar dele pode prolongar sua vida \u00fatil. Invista em produtos para <b>impermeabiliza\u00e7\u00e3o<\/b> e fa\u00e7a limpezas peri\u00f3dicas, para que ele continue lindo por muito tempo.<\/p>\n<h3>6.2. Pensando no Futuro<\/h3>\n<p>Por \u00faltimo, mas n\u00e3o menos importante, saiba que seu sof\u00e1 deve acompanhar voc\u00ea em todas as fases da vida. Escolher um modelo que adapte-se ao seu cotidiano \u00e9 crucial. Afinal, a gente n\u00e3o quer um sof\u00e1 que fique encostado <b>como aquele parente que n\u00e3o se vai da nossa casa<\/b>, n\u00e3o \u00e9 mesmo?<\/p>\n<h2>Conclus\u00e3o<\/h2>\n<p>Escolher um sof\u00e1 perfeito \u00e9 uma jornada que envolve planejamento, conforto e estilo. Se voc\u00ea seguir essas dicas e considerar o que realmente valoriza o seu espa\u00e7o, com certeza encontrar\u00e1 o sof\u00e1 dos seus sonhos. <b>Agora \u00e9 com voc\u00ea<\/b> \u2013 m\u00e3os \u00e0 obra e boas compras!<\/p>\n<p><\/body><\/p>\n","protected":false},"excerpt":{"rendered":"<p>Dicas essenciais para escolher o sof\u00e1 ideal para seu espa\u00e7o e conforto.<\/p>\n","protected":false},"author":102,"featured_media":132136,"comment_status":"closed","ping_status":"closed","sticky":false,"template":"","format":"standard","meta":{"footnotes":""},"categories":[1484],"tags":[],"class_list":["post-132143","post","type-post","status-publish","format-standard","has-post-thumbnail","category-decoracao"],"_wp_attached_file":null,"_wp_attachment_metadata":null,"_wp_attachment_context":null,"_wp_attachment_is_custom_header":null,"geo_longitude":null,"geo_public":null,"geo_latitude":null,"_publicize_done_external":null,"_wpas_done_3897181":null,"publicize_twitter_user":null,"_wpas_done_3897175":null,"_wpas_skip_3897181":null,"_wpas_skip_3897175":null,"_wpas_skip_3924723":null,"_wpas_mess":null,"_wpas_done_3924723":null,"wps_subtitle":"","_links":{"self":[{"href":"https:\/\/www.aarquiteta.com.br\/blog\/wp-json\/wp\/v2\/posts\/132143","targetHints":{"allow":["GET"]}}],"collection":[{"href":"https:\/\/www.aarquiteta.com.br\/blog\/wp-json\/wp\/v2\/posts"}],"about":[{"href":"https:\/\/www.aarquiteta.com.br\/blog\/wp-json\/wp\/v2\/types\/post"}],"author":[{"embeddable":true,"href":"https:\/\/www.aarquiteta.com.br\/blog\/wp-json\/wp\/v2\/users\/102"}],"replies":[{"embeddable":true,"href":"https:\/\/www.aarquiteta.com.br\/blog\/wp-json\/wp\/v2\/comments?post=132143"}],"version-history":[{"count":0,"href":"https:\/\/www.aarquiteta.com.br\/blog\/wp-json\/wp\/v2\/posts\/132143\/revisions"}],"wp:featuredmedia":[{"embeddable":true,"href":"https:\/\/www.aarquiteta.com.br\/blog\/wp-json\/wp\/v2\/media\/132136"}],"wp:attachment":[{"href":"https:\/\/www.aarquiteta.com.br\/blog\/wp-json\/wp\/v2\/media?parent=132143"}],"wp:term":[{"taxonomy":"category","embeddable":true,"href":"https:\/\/www.aarquiteta.com.br\/blog\/wp-json\/wp\/v2\/categories?post=132143"},{"taxonomy":"post_tag","embeddable":true,"href":"https:\/\/www.aarquiteta.com.br\/blog\/wp-json\/wp\/v2\/tags?post=132143"}],"curies":[{"name":"wp","href":"https:\/\/api.w.org\/{rel}","templated":true}]}}