{"id":131298,"date":"2024-10-02T14:58:11","date_gmt":"2024-10-02T17:58:11","guid":{"rendered":"https:\/\/www.aarquiteta.com.br\/blog\/divisoria-de-vidro-2\/"},"modified":"2024-10-02T18:50:30","modified_gmt":"2024-10-02T21:50:30","slug":"como-a-divisoria-de-vidro-pode-transformar-sua-casa","status":"publish","type":"post","link":"https:\/\/www.aarquiteta.com.br\/blog\/como-a-divisoria-de-vidro-pode-transformar-sua-casa\/","title":{"rendered":"Como a divis\u00f3ria de vidro pode transformar sua casa"},"content":{"rendered":"<p>&nbsp;<\/p><p>A divis\u00f3ria de vidro \u00e9 uma escolha moderna e pr\u00e1tica que traz mais luz e funcionalidade para os ambientes. Se voc\u00ea busca solu\u00e7\u00f5es que otimizem o espa\u00e7o e ainda assim embelezem o seu lar, esse artigo \u00e9 para voc\u00ea. Aqui, vou contar tudo sobre vantagens, custos e diversas aplica\u00e7\u00f5es deste elemento transformador.<\/p><h2>Vantagens da divis\u00f3ria de vidro<\/h2><p>Quando falamos das <b>vantagens<\/b> de instalar uma divis\u00f3ria de vidro, a lista \u00e9 longa e impressionante.<\/p><h3>Economia de espa\u00e7o<\/h3><p><img decoding=\"async\" src=\"https:\/\/www.aarquiteta.com.br\/blog\/wp-content\/uploads\/2024\/10\/divisoria-de-vidro-1.webp\" alt=\"Vidro jateado: 20 op\u00e7\u00f5es para garantir privacidade e eleg\u00e2ncia\" title=\"\"><\/p><p>Uma das maiores virtudes da divis\u00f3ria de vidro \u00e9 a <b>economia de espa\u00e7o<\/b>. Ela separa ambientes sem criar a sensa\u00e7\u00e3o de que est\u00e3o enclausurados, permitindo que cada canto respire e se integre ao todo. Ideal para apartamentos pequenos, a divis\u00f3ria ajuda a manter a organiza\u00e7\u00e3o e a fluidez do ambiente, como se cada c\u00f4modo estivesse mais solto.<\/p><h3>Melhoria da ilumina\u00e7\u00e3o natural<\/h3><figure style=\"width: 1024px\" class=\"wp-caption aligncenter\"><img decoding=\"async\" src=\"https:\/\/www.aarquiteta.com.br\/blog\/wp-content\/uploads\/2024\/10\/divisoria-de-vidro01.jpg\" alt=\"Como a divis\u00f3ria de vidro pode transformar sua casa\" width=\"1024\" height=\"1024\" title=\"\"><figcaption class=\"wp-caption-text\">Como a divis\u00f3ria de vidro pode transformar sua casa<\/figcaption><\/figure><p>Outra no\u00e7\u00e3o fundamental \u00e9 a <b><a href=\"https:\/\/www.aarquiteta.com.br\/blog\/?s=ILUMINA%C3%87%C3%83O\">ilumina\u00e7\u00e3o<\/a> natural<\/b>. Com a divis\u00f3ria de vidro, a luz do dia invade os ambientes, promovendo um clima acolhedor e alegre. Ao inv\u00e9s de se restringir \u00e0 luz de uma \u00fanica sala, a ilumina\u00e7\u00e3o flui, criando um efeito de profundidade e amplitude. Se voc\u00ea quer que seu espa\u00e7o tenha boa vibra\u00e7\u00e3o, a divis\u00f3ria de vidro \u00e9 o truque do com\u00e9rcio!<\/p><h3>Isolamento ac\u00fastico<\/h3><p><img decoding=\"async\" src=\"https:\/\/www.aarquiteta.com.br\/blog\/wp-content\/uploads\/2024\/10\/1_divisoria-de-vidro-1.webp\" alt=\"Divis\u00f3ria de vidro: um item essencial para organizar os ambientes\" title=\"\"><\/p><p>Pense de forma pr\u00e1tica: a divis\u00f3ria de vidro tamb\u00e9m proporciona um <b>isolamento ac\u00fastico<\/b> adequado, especialmente se voc\u00ea escolher o tipo certo de vidro. Manter a tranquilidade em um escrit\u00f3rio aberto ou em uma <a href=\"https:\/\/www.aarquiteta.com.br\/blog\/?s=SALA+DE+ESTAR\">sala de estar<\/a> \u00e9 um presente. Enquanto a conversa\u00e7\u00e3o flui de um lado, o sil\u00eancio reina do outro \u2014 como um bom equil\u00edbrio em uma rela\u00e7\u00e3o!<\/p><h3>Est\u00e9tica e charme no ambiente<\/h3><figure style=\"width: 1024px\" class=\"wp-caption aligncenter\"><img decoding=\"async\" src=\"https:\/\/www.aarquiteta.com.br\/blog\/wp-content\/uploads\/2024\/10\/divisoria-de-vidro02.jpg\" alt=\"Como a divis\u00f3ria de vidro pode transformar sua casa\" width=\"1024\" height=\"1024\" title=\"\"><figcaption class=\"wp-caption-text\">Como a divis\u00f3ria de vidro pode transformar sua casa<\/figcaption><\/figure><p>Esteticamente, a eleg\u00e2ncia da divis\u00f3ria de vidro pode elevar qualquer ambiente. <b>Charmosa<\/b>, ela serve como uma pe\u00e7a de destaque, como um quadro cuidadosamente posicionado. Seja em um <a href=\"https:\/\/www.aarquiteta.com.br\/blog\/?s=ESCRITORIO\">escrit\u00f3rio<\/a> moderno ou em uma sala de estar mais afetiva, essa divis\u00f3ria pode se tornar um verdadeiro divisor de \u00e1guas \u2014 o que me leva \u00e0 pr\u00f3xima se\u00e7\u00e3o.<\/p><h2>Custos das divis\u00f3rias de vidro<\/h2><p>\u00c9 claro que, como tudo na vida, o custo tamb\u00e9m \u00e9 um fator a considerar. O <b>pre\u00e7o<\/b> das divis\u00f3rias de vidro varia, majoritariamente entre 1700 e 3500 reais. Esse valor depende de v\u00e1rias quest\u00f5es, como a \u00e1rea em que voc\u00ea est\u00e1, a complexidade do <a href=\"https:\/\/www.aarquiteta.com.br\/blog\/?s=PROJETO\">projeto<\/a> e o tipo de vidro escolhido. Embora possa parecer um investimento alto, lembre-se: investir na sua casa \u00e9 investir no seu bem-estar.<\/p><h2>Aplica\u00e7\u00f5es em diversos ambientes<\/h2><p>Vamos explorar algumas <b>aplica\u00e7\u00f5es<\/b> pr\u00e1ticas e inspiradoras para usar divis\u00f3rias de vidro na sua casa.<\/p><h3>Cozinha<\/h3><p>Na <b><a href=\"https:\/\/www.aarquiteta.com.br\/blog\/decoracao\/ambientes-na-decoracao\/decoracao-de-cozinha\/\">cozinha<\/a><\/b>, as divis\u00f3rias ajudam a organizar melhor os espa\u00e7os e separar a \u00e1rea de preparo dos outros ambientes. Voc\u00ea pode transformar a cozinha em um espa\u00e7o que n\u00e3o apenas se destaca, mas que tamb\u00e9m se comunica. Pense numa parede de vidro que separa a \u00e1rea de servi\u00e7o. Charmoso, n\u00e3o?<\/p><h3>Banheiro<\/h3><figure style=\"width: 1024px\" class=\"wp-caption aligncenter\"><img decoding=\"async\" src=\"https:\/\/www.aarquiteta.com.br\/blog\/wp-content\/uploads\/2024\/10\/divisoria-de-vidro03.jpg\" alt=\"Como a divis\u00f3ria de vidro pode transformar sua casa\" width=\"1024\" height=\"1024\" title=\"\"><figcaption class=\"wp-caption-text\">Como a divis\u00f3ria de vidro pode transformar sua casa<\/figcaption><\/figure><p>No <b>banheiro<\/b>, a divis\u00f3ria \u00e9 um aliado na otimiza\u00e7\u00e3o de espa\u00e7o, podendo criar um ambiente mais leve e futurista. N\u00e3o se esque\u00e7a, a instala\u00e7\u00e3o de vidros com tratamento ac\u00fastico pode garantir um momento relaxante sem barulhos d\u00edsparos.<\/p><h3>Escrit\u00f3rio<\/h3><p>No conveniente <b>escrit\u00f3rio<\/b> em casa, a divis\u00f3ria de vidro pode oferecer a flexibilidade que voc\u00ea precisa para manter o foco. No trabalho, a transpar\u00eancia \u00e9 necess\u00e1ria, mas a divis\u00e3o tamb\u00e9m ajuda a delinear \u00e1reas. Assim, voc\u00ea pode se sentir tranquilo e produtivo ao mesmo tempo.<\/p><h2>Tipos de vidro para divis\u00f3rias<\/h2><p>Quando falamos sobre divis\u00f3rias de vidro, \u00e9 crucial saber escolher o tipo de vidro que melhor atende \u00e0s suas necessidades. Cada tipo traz caracter\u00edsticas \u00fanicas.<\/p><h3>Vidro canelado<\/h3><figure style=\"width: 1024px\" class=\"wp-caption aligncenter\"><img decoding=\"async\" src=\"https:\/\/www.aarquiteta.com.br\/blog\/wp-content\/uploads\/2024\/10\/divisoria-de-vidro4.jpg\" alt=\"Como a divis\u00f3ria de vidro pode transformar sua casa\" width=\"1024\" height=\"1024\" title=\"\"><figcaption class=\"wp-caption-text\">Como a divis\u00f3ria de vidro pode transformar sua casa<\/figcaption><\/figure><p>O <b>vidro canelado<\/b> \u00e9 uma \u00f3tima op\u00e7\u00e3o para quem busca maior privacidade, permitindo que a luz entre enquanto esconde o que est\u00e1 acontecendo do outro lado. Ele \u00e9 perfeito em lugares como est\u00fadios de arte ou \u00e1reas de atendimento ao cliente.<\/p><h3>Vidro jateado<\/h3><p><img decoding=\"async\" src=\"https:\/\/www.aarquiteta.com.br\/blog\/wp-content\/uploads\/2024\/10\/decoracao-cobogo-2-286x160.webp\" alt=\"Foto de ideias para separar a cozinha da lavanderia\" title=\"\"><\/p><p>Por outro lado, o <b>vidro jateado<\/b> \u00e9 ideal para manter a privacidade em ambientes que exigem mais reserva, como o banheiro ou um escrit\u00f3rio que busca um ar mais elegante e sofisticado. \u00c9 um vencedor em design e funcionalidade!<\/p><h2>Estilo e decora\u00e7\u00e3o<\/h2><p>Dentre os estilos decorativos, a divis\u00f3ria de vidro pode se integrar perfeitamente. Vamos ver como isso funciona.<\/p><h3>Estilo industrial<\/h3><h3>Para se aprofundar mais sobre o tema, veja a minha recomenda\u00e7\u00e3o sobre o tema deste artigo no v\u00eddeo a seguir abaixo:<\/h3><p><iframe title=\"YouTube video player\" src=\"https:\/\/www.youtube.com\/embed\/OhumoFEYYok\" width=\"560\" height=\"315\" frameborder=\"0\" allowfullscreen=\"allowfullscreen\"><\/iframe><\/p><p>O <b>estilo industrial<\/b> tem se tornado uma febre. A combina\u00e7\u00e3o com o vidro traz modernidade e um toque arrojado ao ambiente, como se sua casa quisesse contar uma hist\u00f3ria impactante atrav\u00e9s de linhas e formas.<\/p><h3>Integra\u00e7\u00e3o com outros elementos decorativos<\/h3><p><img decoding=\"async\" src=\"https:\/\/www.aarquiteta.com.br\/blog\/wp-content\/uploads\/2024\/10\/vidro-jateado-00.jpg\" alt=\"Cobog\u00f3s: um toque de brasilidade para fachadas e divis\u00f3rias\" title=\"\"><\/p><p>Se sua sala possui uma <b>decora\u00e7\u00e3o rica<\/b> com quadros, plantas e m\u00f3veis elaborados, a divis\u00f3ria vai complementar e n\u00e3o monopolizar a aten\u00e7\u00e3o. \u00c9 como se ela fosse uma moldura que destaca todas as outras pe\u00e7as sem ser a estrela do show.<\/p><h2>Considera\u00e7\u00f5es Finais antes de Comprar<\/h2><p>Antes de fechar a compra da sua divis\u00f3ria de vidro, repense! Leve em conta a <b>funcionalidade<\/b>, est\u00e9tica e as dimens\u00f5es do seu ambiente. Uma escolha bem pensada evita problemas futuros e garante que voc\u00ea aproveite ao m\u00e1ximo o investimento realizado.<\/p><h2>Conclus\u00e3o: Invista em divis\u00f3rias de vidro para transformar seus espa\u00e7os<\/h2><p>No final das contas, a divis\u00f3ria de vidro \u00e9 mais do que uma forma de organizar \u2014 \u00e9 uma maneira de elev\u00e1-la a um novo patamar. Ela traz modernidade, charme e funcionalidade, sendo uma escolha acertada para qualquer espa\u00e7o em sua casa. Com as dicas aqui apresentadas, espero que voc\u00ea se sinta inspirado a fazer essa mudan\u00e7a que seus ambientes merecem!<\/p><p>&nbsp;<\/p>","protected":false},"excerpt":{"rendered":"<p>Descubra como a divis\u00f3ria de vidro pode otimizar seus ambientes e traz eleg\u00e2ncia \u00e0 decora\u00e7\u00e3o. Veja dicas e fotos inspiradoras.<\/p>\n","protected":false},"author":102,"featured_media":131291,"comment_status":"closed","ping_status":"closed","sticky":false,"template":"","format":"standard","meta":{"footnotes":""},"categories":[1484],"tags":[],"class_list":["post-131298","post","type-post","status-publish","format-standard","has-post-thumbnail","category-decoracao"],"_wp_attached_file":null,"_wp_attachment_metadata":null,"_wp_attachment_context":null,"_wp_attachment_is_custom_header":null,"geo_longitude":null,"geo_public":null,"geo_latitude":null,"_publicize_done_external":null,"_wpas_done_3897181":null,"publicize_twitter_user":null,"_wpas_done_3897175":null,"_wpas_skip_3897181":null,"_wpas_skip_3897175":null,"_wpas_skip_3924723":null,"_wpas_mess":null,"_wpas_done_3924723":null,"wps_subtitle":"","_links":{"self":[{"href":"https:\/\/www.aarquiteta.com.br\/blog\/wp-json\/wp\/v2\/posts\/131298","targetHints":{"allow":["GET"]}}],"collection":[{"href":"https:\/\/www.aarquiteta.com.br\/blog\/wp-json\/wp\/v2\/posts"}],"about":[{"href":"https:\/\/www.aarquiteta.com.br\/blog\/wp-json\/wp\/v2\/types\/post"}],"author":[{"embeddable":true,"href":"https:\/\/www.aarquiteta.com.br\/blog\/wp-json\/wp\/v2\/users\/102"}],"replies":[{"embeddable":true,"href":"https:\/\/www.aarquiteta.com.br\/blog\/wp-json\/wp\/v2\/comments?post=131298"}],"version-history":[{"count":0,"href":"https:\/\/www.aarquiteta.com.br\/blog\/wp-json\/wp\/v2\/posts\/131298\/revisions"}],"wp:featuredmedia":[{"embeddable":true,"href":"https:\/\/www.aarquiteta.com.br\/blog\/wp-json\/wp\/v2\/media\/131291"}],"wp:attachment":[{"href":"https:\/\/www.aarquiteta.com.br\/blog\/wp-json\/wp\/v2\/media?parent=131298"}],"wp:term":[{"taxonomy":"category","embeddable":true,"href":"https:\/\/www.aarquiteta.com.br\/blog\/wp-json\/wp\/v2\/categories?post=131298"},{"taxonomy":"post_tag","embeddable":true,"href":"https:\/\/www.aarquiteta.com.br\/blog\/wp-json\/wp\/v2\/tags?post=131298"}],"curies":[{"name":"wp","href":"https:\/\/api.w.org\/{rel}","templated":true}]}}