{"id":131255,"date":"2024-10-02T08:02:37","date_gmt":"2024-10-02T11:02:37","guid":{"rendered":"https:\/\/www.aarquiteta.com.br\/blog\/manutencao-de-primavera\/"},"modified":"2026-09-05T10:04:18","modified_gmt":"2026-09-05T13:04:18","slug":"manutencao-de-primavera","status":"publish","type":"post","link":"https:\/\/www.aarquiteta.com.br\/blog\/manutencao-de-primavera\/","title":{"rendered":"Manuten\u00e7\u00e3o do jardim na primavera: o que revisar sem exagerar nos cuidados"},"content":{"rendered":"<p data-start=\"1495\" data-end=\"1843\">A primavera pode trazer mais crescimento, brota\u00e7\u00f5es e flores, mas isso n\u00e3o significa que todas as plantas precisem automaticamente de <strong data-start=\"1629\" data-end=\"1665\">mais \u00e1gua, mais adubo e uma poda<\/strong>. A manuten\u00e7\u00e3o deve come\u00e7ar pela observa\u00e7\u00e3o: quais esp\u00e9cies est\u00e3o brotando, como o solo est\u00e1 secando, onde a chuva est\u00e1 se acumulando e se apareceram sinais de pragas ou doen\u00e7as.<\/p>\n<p data-start=\"1845\" data-end=\"2277\">Essa cautela \u00e9 especialmente importante no Brasil. Em setembro de 2026, o <a class=\"decorated-link\" href=\"https:\/\/portal.inmet.gov.br\/noticias\/setembro-como-ser%C3%A1-o-clima-no-brasil-4?utm_source=chatgpt.com\" target=\"_new\" rel=\"noopener\" data-start=\"1919\" data-end=\"2138\">INMET prev\u00ea chuva acima da m\u00e9dia em \u00e1reas do Centro-Oeste, Sudeste e Sul, enquanto partes do Norte e Nordeste podem ter volumes menores<\/a>. Portanto, uma rotina de jardinagem adequada para uma regi\u00e3o pode ser completamente errada em outra.<\/p>\n<p data-start=\"2279\" data-end=\"2388\">A melhor manuten\u00e7\u00e3o de primavera come\u00e7a menos pelo calend\u00e1rio e mais pelo que est\u00e1 acontecendo no seu jardim.<\/p>\n<h2 data-section-id=\"9pgeqp\" data-start=\"2390\" data-end=\"2440\">Antes de mexer nas plantas, caminhe pelo jardim<\/h2>\n<p data-start=\"2442\" data-end=\"2536\">Reserve alguns minutos para observar o espa\u00e7o antes de pegar tesoura, regador ou fertilizante.<\/p>\n<p data-start=\"2538\" data-end=\"2546\">Procure:<\/p>\n<ul data-start=\"2548\" data-end=\"2863\">\n<li data-section-id=\"1g1jotk\" data-start=\"2548\" data-end=\"2578\">folhas secas ou danificadas;<\/li>\n<li data-section-id=\"159x3zj\" data-start=\"2579\" data-end=\"2594\">novos brotos;<\/li>\n<li data-section-id=\"1c800gp\" data-start=\"2595\" data-end=\"2613\">ramos quebrados;<\/li>\n<li data-section-id=\"1sx27ha\" data-start=\"2614\" data-end=\"2635\">plantas inclinadas;<\/li>\n<li data-section-id=\"kgcq5v\" data-start=\"2636\" data-end=\"2672\">pontos onde a \u00e1gua fica acumulada;<\/li>\n<li data-section-id=\"1er7mob\" data-start=\"2673\" data-end=\"2705\">solo muito seco ou compactado;<\/li>\n<li data-section-id=\"1xiwx1m\" data-start=\"2706\" data-end=\"2725\">ra\u00edzes aparentes;<\/li>\n<li data-section-id=\"ieyjya\" data-start=\"2726\" data-end=\"2772\">ervas espont\u00e2neas competindo com as plantas;<\/li>\n<li data-section-id=\"1vhp0ln\" data-start=\"2773\" data-end=\"2794\">manchas nas folhas;<\/li>\n<li data-section-id=\"itpmuj\" data-start=\"2795\" data-end=\"2826\">insetos em grande quantidade;<\/li>\n<li data-section-id=\"d0zlgu\" data-start=\"2827\" data-end=\"2863\">vasos cuja \u00e1gua n\u00e3o est\u00e1 escoando.<\/li>\n<\/ul>\n<p data-start=\"2865\" data-end=\"2944\">Esse diagn\u00f3stico evita tentar resolver problemas diferentes com uma \u00fanica a\u00e7\u00e3o.<\/p>\n<p data-start=\"2946\" data-end=\"3140\">Uma planta com folhas amareladas, por exemplo, n\u00e3o necessariamente est\u00e1 \u201cpedindo adubo\u201d. O problema pode estar relacionado a excesso de \u00e1gua, luz inadequada, raiz comprometida ou outros fatores.<\/p>\n<figure id=\"attachment_158041\" aria-describedby=\"caption-attachment-158041\" style=\"width: 1376px\" class=\"wp-caption alignnone\"><img decoding=\"async\" class=\"size-full wp-image-158041\" src=\"https:\/\/www.aarquiteta.com.br\/blog\/wp-content\/uploads\/2024\/10\/Manutencao-do-jardim-na-primavera-o-que-revisar-sem-exagerar-nos-cuidados-2.jpeg\" alt=\"Na primavera, observar \u00e1gua, luz, brota\u00e7\u00e3o e sinais de problemas deve vir antes da poda ou da aduba\u00e7\u00e3o\" width=\"1376\" height=\"768\" title=\"\"><figcaption id=\"caption-attachment-158041\" class=\"wp-caption-text\">Na primavera, observar \u00e1gua, luz, brota\u00e7\u00e3o e sinais de problemas deve vir antes da poda ou da aduba\u00e7\u00e3o<\/figcaption><\/figure>\n<h2 data-section-id=\"1ee05fo\" data-start=\"3142\" data-end=\"3200\">A rega precisa acompanhar o clima, n\u00e3o apenas a esta\u00e7\u00e3o<\/h2>\n<p data-start=\"3202\" data-end=\"3308\">Uma das primeiras mudan\u00e7as percebidas na primavera \u00e9 o aumento gradual das temperaturas e da luminosidade.<\/p>\n<p data-start=\"3310\" data-end=\"3363\">Isso pode elevar a perda de \u00e1gua do solo e dos vasos.<\/p>\n<p data-start=\"3365\" data-end=\"3429\">Mas n\u00e3o significa automaticamente aumentar a frequ\u00eancia da rega.<\/p>\n<p data-start=\"3431\" data-end=\"3678\">Em setembro de 2026, a previs\u00e3o do INMET mostra justamente uma distribui\u00e7\u00e3o muito desigual de chuva no pa\u00eds. Enquanto algumas regi\u00f5es poder\u00e3o ter precipita\u00e7\u00e3o acima da m\u00e9dia, outras ter\u00e3o condi\u00e7\u00f5es mais secas.<\/p>\n<p data-start=\"3680\" data-end=\"3705\">Por isso, observe o solo.<\/p>\n<h3 data-section-id=\"1kwg0m\" data-start=\"3707\" data-end=\"3719\">Em vasos<\/h3>\n<p data-start=\"3721\" data-end=\"3817\">Introduza o dedo superficialmente no substrato ou observe sua condi\u00e7\u00e3o antes de regar novamente.<\/p>\n<p data-start=\"3819\" data-end=\"3836\">Considere tamb\u00e9m:<\/p>\n<ul data-start=\"3838\" data-end=\"3943\">\n<li data-section-id=\"1yt9awm\" data-start=\"3838\" data-end=\"3862\">tamanho do recipiente;<\/li>\n<li data-section-id=\"kymtio\" data-start=\"3863\" data-end=\"3883\">quantidade de sol;<\/li>\n<li data-section-id=\"1p19kyd\" data-start=\"3884\" data-end=\"3892\">vento;<\/li>\n<li data-section-id=\"1s5vn7c\" data-start=\"3893\" data-end=\"3912\">material do vaso;<\/li>\n<li data-section-id=\"sw8xyk\" data-start=\"3913\" data-end=\"3931\">porte da planta;<\/li>\n<li data-section-id=\"69b7v9\" data-start=\"3932\" data-end=\"3943\">drenagem.<\/li>\n<\/ul>\n<p data-start=\"3945\" data-end=\"4081\">Um vaso pequeno de terracota exposto ao sol pode secar muito mais rapidamente do que um recipiente grande protegido da insola\u00e7\u00e3o direta.<\/p>\n<h3 data-section-id=\"wvvotw\" data-start=\"4083\" data-end=\"4099\">Em canteiros<\/h3>\n<p data-start=\"4101\" data-end=\"4146\">Observe como o solo responde depois da chuva.<\/p>\n<p data-start=\"4148\" data-end=\"4276\">Se determinada \u00e1rea permanece encharcada enquanto outra seca rapidamente, elas n\u00e3o devem receber necessariamente a mesma rotina.<\/p>\n<p data-start=\"4278\" data-end=\"4390\">A manuten\u00e7\u00e3o fica muito mais eficiente quando a rega responde <strong data-start=\"4340\" data-end=\"4389\">\u00e0 condi\u00e7\u00e3o do solo e \u00e0 necessidade da esp\u00e9cie<\/strong>.<\/p>\n<h2 data-section-id=\"pl8wr3\" data-start=\"4392\" data-end=\"4450\">N\u00e3o deixe a \u00e1gua resolver um problema que \u00e9 de drenagem<\/h2>\n<p data-start=\"4452\" data-end=\"4550\">Se uma planta apresenta sinais de estresse, aumentar a rega pode parecer a solu\u00e7\u00e3o mais intuitiva.<\/p>\n<p data-start=\"4552\" data-end=\"4586\">\u00c0s vezes \u00e9 justamente o contr\u00e1rio.<\/p>\n<p data-start=\"4588\" data-end=\"4606\">Em vasos, confira:<\/p>\n<ul data-start=\"4608\" data-end=\"4759\">\n<li data-section-id=\"1wlz5r7\" data-start=\"4608\" data-end=\"4627\">se existem furos;<\/li>\n<li data-section-id=\"156bnep\" data-start=\"4628\" data-end=\"4653\">se est\u00e3o desobstru\u00eddos;<\/li>\n<li data-section-id=\"1jzr3k8\" data-start=\"4654\" data-end=\"4702\">se h\u00e1 \u00e1gua permanentemente acumulada no prato;<\/li>\n<li data-section-id=\"10ow1d9\" data-start=\"4703\" data-end=\"4759\">se o substrato permanece saturado durante muito tempo.<\/li>\n<\/ul>\n<p data-start=\"4761\" data-end=\"4806\">Nos canteiros, procure pontos de empo\u00e7amento.<\/p>\n<p data-start=\"4808\" data-end=\"5062\">Se voc\u00ea ainda est\u00e1 preparando recipientes ou pretende fazer novos plantios, consulte tamb\u00e9m o artigo do A Arquiteta sobre <a class=\"decorated-link\" href=\"https:\/\/www.aarquiteta.com.br\/blog\/preparando-vasos-e-canteiros-para-primavera\/?utm_source=chatgpt.com\" target=\"_new\" rel=\"noopener\" data-start=\"4930\" data-end=\"5061\">como preparar vasos e canteiros para a primavera<\/a>.<\/p>\n<p data-start=\"5064\" data-end=\"5216\">Ali a drenagem e o preparo do recipiente s\u00e3o tratados como etapa anterior ao plantio, enquanto aqui o foco \u00e9 acompanhar o jardim que j\u00e1 est\u00e1 implantado.<\/p>\n<h2 data-section-id=\"3hbbdo\" data-start=\"5218\" data-end=\"5256\">Primavera n\u00e3o significa adubar tudo<\/h2>\n<p data-start=\"5258\" data-end=\"5330\">Essa \u00e9 uma das corre\u00e7\u00f5es mais importantes em rela\u00e7\u00e3o ao artigo anterior.<\/p>\n<p data-start=\"5332\" data-end=\"5365\">N\u00e3o adotaria uma f\u00f3rmula do tipo:<\/p>\n<p data-start=\"5367\" data-end=\"5418\"><strong data-start=\"5367\" data-end=\"5418\">\u201cchegou a primavera \u2192 aplique determinado NPK\u201d.<\/strong><\/p>\n<p data-start=\"5420\" data-end=\"5465\">As necessidades nutricionais variam conforme:<\/p>\n<ul data-start=\"5467\" data-end=\"5595\">\n<li data-section-id=\"jegonn\" data-start=\"5467\" data-end=\"5477\">esp\u00e9cie;<\/li>\n<li data-section-id=\"1t0ovts\" data-start=\"5478\" data-end=\"5503\">est\u00e1gio de crescimento;<\/li>\n<li data-section-id=\"sqof31\" data-start=\"5504\" data-end=\"5524\">solo ou substrato;<\/li>\n<li data-section-id=\"193gilm\" data-start=\"5525\" data-end=\"5548\">aduba\u00e7\u00f5es anteriores;<\/li>\n<li data-section-id=\"pfnkz2\" data-start=\"5549\" data-end=\"5567\">tipo de cultivo;<\/li>\n<li data-section-id=\"3pnbgc\" data-start=\"5568\" data-end=\"5595\">condi\u00e7\u00e3o geral da planta.<\/li>\n<\/ul>\n<p data-start=\"5597\" data-end=\"5851\">A pr\u00f3pria Embrapa, em recomenda\u00e7\u00f5es de manejo agr\u00edcola, refor\u00e7a o princ\u00edpio de que a aduba\u00e7\u00e3o deve considerar <strong data-start=\"5707\" data-end=\"5755\">as exig\u00eancias da planta e a condi\u00e7\u00e3o do solo<\/strong>, evitando tanto defici\u00eancia quanto excesso de nutrientes.<\/p>\n<p data-start=\"5853\" data-end=\"5945\">Esse princ\u00edpio \u00e9 mais \u00fatil para o jardineiro dom\u00e9stico do que decorar uma f\u00f3rmula universal.<\/p>\n<h3 data-section-id=\"12cpc35\" data-start=\"5947\" data-end=\"5988\">Quando a aduba\u00e7\u00e3o merece investiga\u00e7\u00e3o<\/h3>\n<p data-start=\"5990\" data-end=\"6004\">Observe se h\u00e1:<\/p>\n<ul data-start=\"6006\" data-end=\"6177\">\n<li data-section-id=\"5tgqb4\" data-start=\"6006\" data-end=\"6032\">crescimento muito fraco;<\/li>\n<li data-section-id=\"13r3fol\" data-start=\"6033\" data-end=\"6070\">sinais persistentes de defici\u00eancia;<\/li>\n<li data-section-id=\"1yv3uv8\" data-start=\"6071\" data-end=\"6110\">substrato antigo e bastante exaurido;<\/li>\n<li data-section-id=\"7jpwx0\" data-start=\"6111\" data-end=\"6130\">cultivo exigente;<\/li>\n<li data-section-id=\"q953tm\" data-start=\"6131\" data-end=\"6177\">recomenda\u00e7\u00e3o espec\u00edfica para aquela esp\u00e9cie.<\/li>\n<\/ul>\n<p data-start=\"6179\" data-end=\"6388\">Quando o problema persiste ou envolve um canteiro importante, a an\u00e1lise do solo e a orienta\u00e7\u00e3o de agr\u00f4nomo ou profissional habilitado s\u00e3o mais seguras do que aplicar fertilizantes sucessivamente por tentativa.<\/p>\n<figure id=\"attachment_158042\" aria-describedby=\"caption-attachment-158042\" style=\"width: 1376px\" class=\"wp-caption alignnone\"><img decoding=\"async\" class=\"size-full wp-image-158042\" src=\"https:\/\/www.aarquiteta.com.br\/blog\/wp-content\/uploads\/2024\/10\/Manutencao-do-jardim-na-primavera-o-que-revisar-sem-exagerar-nos-cuidados-1.jpeg\" alt=\"Na primavera, observar \u00e1gua, luz, brota\u00e7\u00e3o e sinais de problemas deve vir antes da poda ou da aduba\u00e7\u00e3o\" width=\"1376\" height=\"768\" title=\"\"><figcaption id=\"caption-attachment-158042\" class=\"wp-caption-text\">Na primavera, observar \u00e1gua, luz, brota\u00e7\u00e3o e sinais de problemas deve vir antes da poda ou da aduba\u00e7\u00e3o<\/figcaption><\/figure>\n<h2 data-section-id=\"1rhdzey\" data-start=\"6390\" data-end=\"6426\">Adubo demais tamb\u00e9m \u00e9 um problema<\/h2>\n<p data-start=\"6428\" data-end=\"6529\">Existe uma ideia de que uma planta que est\u00e1 crescendo precisa receber constantemente mais nutrientes.<\/p>\n<p data-start=\"6531\" data-end=\"6569\">Mas excesso n\u00e3o significa maior vigor.<\/p>\n<p data-start=\"6571\" data-end=\"6670\">Aplicar fertilizantes al\u00e9m da necessidade pode causar desequil\u00edbrio e prejudicar o desenvolvimento.<\/p>\n<p data-start=\"6672\" data-end=\"6724\">Em vez de aumentar a dose porque chegou a primavera:<\/p>\n<ol data-start=\"6726\" data-end=\"6906\">\n<li data-section-id=\"1a79no5\" data-start=\"6726\" data-end=\"6751\">identifique a esp\u00e9cie;<\/li>\n<li data-section-id=\"1munnhq\" data-start=\"6752\" data-end=\"6788\">veja sua recomenda\u00e7\u00e3o espec\u00edfica;<\/li>\n<li data-section-id=\"1t7bnss\" data-start=\"6789\" data-end=\"6835\">confira quando foi feita a \u00faltima aduba\u00e7\u00e3o;<\/li>\n<li data-section-id=\"f3c70a\" data-start=\"6836\" data-end=\"6866\">observe o estado da planta;<\/li>\n<li data-section-id=\"ipbfey\" data-start=\"6867\" data-end=\"6906\">siga a dosagem do produto utilizado.<\/li>\n<\/ol>\n<p data-start=\"6908\" data-end=\"6988\">N\u00e3o improvise misturas ou aumente concentra\u00e7\u00f5es tentando acelerar o crescimento.<\/p>\n<h2 data-section-id=\"lnptfk\" data-start=\"6990\" data-end=\"7035\">A poda de primavera tamb\u00e9m n\u00e3o \u00e9 universal<\/h2>\n<p data-start=\"7037\" data-end=\"7085\">Outra recomenda\u00e7\u00e3o comum \u00e9 \u201cpodar na primavera\u201d.<\/p>\n<p data-start=\"7087\" data-end=\"7120\">Isso precisa ser contextualizado.<\/p>\n<p data-start=\"7122\" data-end=\"7318\">H\u00e1 plantas que toleram ou se beneficiam de determinadas podas em momentos espec\u00edficos, enquanto outras podem ter flora\u00e7\u00e3o ou desenvolvimento prejudicados por uma interven\u00e7\u00e3o feita na \u00e9poca errada.<\/p>\n<p data-start=\"7320\" data-end=\"7390\">O que costuma ser mais seguro como <strong data-start=\"7355\" data-end=\"7375\">manuten\u00e7\u00e3o geral<\/strong> \u00e9 identificar:<\/p>\n<ul data-start=\"7392\" data-end=\"7588\">\n<li data-section-id=\"vagy6q\" data-start=\"7392\" data-end=\"7420\">ramos efetivamente mortos;<\/li>\n<li data-section-id=\"1x5kjuc\" data-start=\"7421\" data-end=\"7440\">partes quebradas;<\/li>\n<li data-section-id=\"1p2r2sk\" data-start=\"7441\" data-end=\"7490\">material doente que tenha diagn\u00f3stico adequado;<\/li>\n<li data-section-id=\"1m57y7m\" data-start=\"7491\" data-end=\"7533\">folhas secas que se soltam naturalmente;<\/li>\n<li data-section-id=\"1nxcvqx\" data-start=\"7534\" data-end=\"7588\">flores passadas quando a esp\u00e9cie aceita esse manejo.<\/li>\n<\/ul>\n<p data-start=\"7590\" data-end=\"7675\">J\u00e1 podas de forma\u00e7\u00e3o, redu\u00e7\u00e3o ou renova\u00e7\u00e3o precisam considerar a esp\u00e9cie e seu ciclo.<\/p>\n<h2 data-section-id=\"wb8g6o\" data-start=\"7677\" data-end=\"7734\">N\u00e3o fa\u00e7a poda intensa apenas para \u201cestimular brota\u00e7\u00e3o\u201d<\/h2>\n<p data-start=\"7736\" data-end=\"7761\">Uma poda altera a planta.<\/p>\n<p data-start=\"7763\" data-end=\"7831\">Antes de retirar grande parte dos ramos, pergunte qual \u00e9 o objetivo:<\/p>\n<p data-start=\"7833\" data-end=\"7948\"><strong data-start=\"7833\" data-end=\"7855\">controlar tamanho?<\/strong><br data-start=\"7855\" data-end=\"7858\" \/><strong data-start=\"7858\" data-end=\"7876\">formar a copa?<\/strong><br data-start=\"7876\" data-end=\"7879\" \/><strong data-start=\"7879\" data-end=\"7911\">retirar material danificado?<\/strong><br data-start=\"7911\" data-end=\"7914\" \/><strong data-start=\"7914\" data-end=\"7948\">favorecer flora\u00e7\u00e3o espec\u00edfica?<\/strong><\/p>\n<p data-start=\"7950\" data-end=\"8010\">Sem essa resposta, talvez a interven\u00e7\u00e3o n\u00e3o seja necess\u00e1ria.<\/p>\n<p data-start=\"8012\" data-end=\"8222\">\u00c1rvores maiores, ramos pr\u00f3ximos de redes el\u00e9tricas, podas em altura ou esp\u00e9cies com risco de queda exigem profissional habilitado e, conforme o munic\u00edpio e a situa\u00e7\u00e3o, podem estar sujeitos a regras espec\u00edficas.<\/p>\n<h2 data-section-id=\"1ubzb8y\" data-start=\"8224\" data-end=\"8278\">Ferramentas limpas tamb\u00e9m fazem parte da manuten\u00e7\u00e3o<\/h2>\n<p data-start=\"8280\" data-end=\"8329\">Antes de podar, observe o estado das ferramentas.<\/p>\n<p data-start=\"8331\" data-end=\"8404\">Tesouras cegas podem esmagar tecidos em vez de produzir cortes adequados.<\/p>\n<p data-start=\"8406\" data-end=\"8415\">Mantenha:<\/p>\n<ul data-start=\"8417\" data-end=\"8509\">\n<li data-section-id=\"exqqfj\" data-start=\"8417\" data-end=\"8434\">l\u00e2minas limpas;<\/li>\n<li data-section-id=\"398usx\" data-start=\"8435\" data-end=\"8463\">ferramentas em bom estado;<\/li>\n<li data-section-id=\"4ld75i\" data-start=\"8464\" data-end=\"8509\">equipamentos adequados ao di\u00e2metro do ramo.<\/li>\n<\/ul>\n<p data-start=\"8511\" data-end=\"8655\">Se houver suspeita de doen\u00e7a, a higiene das ferramentas entre plantas ganha ainda mais import\u00e2ncia para evitar transportar material contaminado.<\/p>\n<h2 data-section-id=\"67tzd5\" data-start=\"8657\" data-end=\"8698\">Ervas espont\u00e2neas: retire com crit\u00e9rio<\/h2>\n<p data-start=\"8700\" data-end=\"8768\">Plantas que surgem espontaneamente nos canteiros podem competir por:<\/p>\n<ul data-start=\"8770\" data-end=\"8808\">\n<li data-section-id=\"13pqgsh\" data-start=\"8770\" data-end=\"8777\">\u00e1gua;<\/li>\n<li data-section-id=\"1j37jxs\" data-start=\"8778\" data-end=\"8784\">luz;<\/li>\n<li data-section-id=\"xsl6pa\" data-start=\"8785\" data-end=\"8798\">nutrientes;<\/li>\n<li data-section-id=\"1bv9561\" data-start=\"8799\" data-end=\"8808\">espa\u00e7o.<\/li>\n<\/ul>\n<p data-start=\"8810\" data-end=\"9012\">A Embrapa destaca que o manejo dessas plantas pode combinar m\u00e9todos mec\u00e2nicos, culturais e cobertura do solo, em vez de depender exclusivamente de controle qu\u00edmico.<\/p>\n<p data-start=\"9014\" data-end=\"9119\">Em jardins dom\u00e9sticos pequenos, a retirada manual costuma permitir selecionar exatamente o que deve sair.<\/p>\n<p data-start=\"9121\" data-end=\"9250\">Fa\u00e7a isso preferencialmente antes de essas plantas produzirem grandes quantidades de sementes, quando a identifica\u00e7\u00e3o for segura.<\/p>\n<h2 data-section-id=\"1swwsu\" data-start=\"9252\" data-end=\"9309\">Cobertura do solo pode ajudar a estabilizar o canteiro<\/h2>\n<p data-start=\"9311\" data-end=\"9377\">Solo totalmente exposto recebe diretamente sol e impacto da chuva.<\/p>\n<p data-start=\"9379\" data-end=\"9501\">Dependendo do jardim, uma camada adequada de cobertura org\u00e2nica pode ajudar a reduzir exposi\u00e7\u00e3o e perda r\u00e1pida de umidade.<\/p>\n<p data-start=\"9503\" data-end=\"9638\">Podem ser utilizados materiais adequados ao projeto e \u00e0 esp\u00e9cie, sempre evitando acumular material diretamente contra caules e troncos.<\/p>\n<p data-start=\"9640\" data-end=\"9750\">O objetivo n\u00e3o \u00e9 criar uma camada ornamental exagerada, mas proteger o solo sem prejudicar a base das plantas.<\/p>\n<h2 data-section-id=\"a74xkn\" data-start=\"9752\" data-end=\"9815\">Primavera \u00e9 \u00e9poca de observar novos brotos \u2014 e tamb\u00e9m pragas<\/h2>\n<p data-start=\"9817\" data-end=\"9884\">Brota\u00e7\u00f5es novas podem coincidir com aumento da presen\u00e7a de insetos.<\/p>\n<p data-start=\"9886\" data-end=\"9965\">Isso n\u00e3o significa que todo inseto encontrado deva ser imediatamente eliminado.<\/p>\n<p data-start=\"9967\" data-end=\"10001\">Antes de aplicar qualquer produto:<\/p>\n<ol data-start=\"10003\" data-end=\"10187\">\n<li data-section-id=\"1ffpiba\" data-start=\"10003\" data-end=\"10030\">identifique o organismo;<\/li>\n<li data-section-id=\"1ffxgiz\" data-start=\"10031\" data-end=\"10055\">observe a quantidade;<\/li>\n<li data-section-id=\"105omcb\" data-start=\"10056\" data-end=\"10089\">verifique se existe dano real;<\/li>\n<li data-section-id=\"1lu31f3\" data-start=\"10090\" data-end=\"10144\">procure sinais tamb\u00e9m na parte inferior das folhas;<\/li>\n<li data-section-id=\"1nrok64\" data-start=\"10145\" data-end=\"10187\">veja se h\u00e1 inimigos naturais presentes.<\/li>\n<\/ol>\n<p data-start=\"10189\" data-end=\"10494\">O conceito de <strong data-start=\"10203\" data-end=\"10233\">manejo integrado de pragas<\/strong> trabalha justamente com observa\u00e7\u00e3o, identifica\u00e7\u00e3o e combina\u00e7\u00e3o de m\u00e9todos de controle, em vez de partir diretamente para aplica\u00e7\u00f5es indiscriminadas. A Embrapa utiliza amplamente essa abordagem em seus sistemas de produ\u00e7\u00e3o.<\/p>\n<p data-start=\"10857\" data-end=\"11070\">A Embrapa possui trabalhos espec\u00edficos sobre <strong data-start=\"10902\" data-end=\"10981\">m\u00e9todos biocompat\u00edveis e manejo ecol\u00f3gico de doen\u00e7as de plantas ornamentais<\/strong>, envolvendo controle cultural, f\u00edsico e biol\u00f3gico.<\/p>\n<p data-start=\"11072\" data-end=\"11346\"><a class=\"decorated-link\" href=\"https:\/\/www.embrapa.br\/en\/busca-de-publicacoes\/-\/publicacao\/1176419\/bases-teoricas-e-metodologicas-e-aplicacoes-de-tecnicas-alternativas-no-controle-de-doencas-de-plantas-ornamentais?utm_source=chatgpt.com\" target=\"_new\" rel=\"noopener\" data-start=\"11072\" data-end=\"11346\">Veja a publica\u00e7\u00e3o da Embrapa sobre m\u00e9todos alternativos de manejo em plantas ornamentais<\/a><\/p>\n<p data-start=\"11348\" data-end=\"11531\">Em caso de infesta\u00e7\u00e3o importante ou diagn\u00f3stico incerto, procure orienta\u00e7\u00e3o t\u00e9cnica e utilize apenas produtos registrados e adequados ao uso previsto, seguindo rigorosamente o r\u00f3tulo.<\/p>\n<h2 data-section-id=\"1mbibud\" data-start=\"11533\" data-end=\"11586\">Folha manchada n\u00e3o significa necessariamente praga<\/h2>\n<p data-start=\"11588\" data-end=\"11622\">Manchas podem ter diversas causas:<\/p>\n<ul data-start=\"11624\" data-end=\"11740\">\n<li data-section-id=\"1i2cv85\" data-start=\"11624\" data-end=\"11633\">doen\u00e7a;<\/li>\n<li data-section-id=\"15ct92\" data-start=\"11634\" data-end=\"11653\">queimadura solar;<\/li>\n<li data-section-id=\"1y8qzpn\" data-start=\"11654\" data-end=\"11677\">problema nutricional;<\/li>\n<li data-section-id=\"kj14ok\" data-start=\"11678\" data-end=\"11696\">excesso de \u00e1gua;<\/li>\n<li data-section-id=\"164tnm2\" data-start=\"11697\" data-end=\"11711\">dano f\u00edsico;<\/li>\n<li data-section-id=\"1pn0j6n\" data-start=\"11712\" data-end=\"11740\">produto aplicado na folha.<\/li>\n<\/ul>\n<p data-start=\"11742\" data-end=\"11803\">Da mesma forma, folhas amarelas n\u00e3o t\u00eam uma \u00fanica explica\u00e7\u00e3o.<\/p>\n<p data-start=\"11805\" data-end=\"11847\">Evite tratar primeiro e investigar depois.<\/p>\n<p data-start=\"11849\" data-end=\"12001\">Fotografe a planta, observe como o problema evolui e, se necess\u00e1rio, procure viveiro especializado, agr\u00f4nomo ou profissional com experi\u00eancia na esp\u00e9cie.<\/p>\n<h2 data-section-id=\"138ue2h\" data-start=\"12003\" data-end=\"12062\">Antes de substituir a planta, veja se o local \u00e9 adequado<\/h2>\n<p data-start=\"12064\" data-end=\"12142\">Uma planta pode parecer problem\u00e1tica quando, na verdade, est\u00e1 no lugar errado.<\/p>\n<p data-start=\"12144\" data-end=\"12152\">Observe:<\/p>\n<ul data-start=\"12154\" data-end=\"12278\">\n<li data-section-id=\"kymtio\" data-start=\"12154\" data-end=\"12174\">quantidade de sol;<\/li>\n<li data-section-id=\"1p19kyd\" data-start=\"12175\" data-end=\"12183\">vento;<\/li>\n<li data-section-id=\"1izvfu3\" data-start=\"12184\" data-end=\"12216\">competi\u00e7\u00e3o com outras plantas;<\/li>\n<li data-section-id=\"1db8i2e\" data-start=\"12217\" data-end=\"12249\">volume dispon\u00edvel para ra\u00edzes;<\/li>\n<li data-section-id=\"uvvz8m\" data-start=\"12250\" data-end=\"12260\">umidade;<\/li>\n<li data-section-id=\"12r50e1\" data-start=\"12261\" data-end=\"12278\">clima regional.<\/li>\n<\/ul>\n<p data-start=\"12280\" data-end=\"12396\">A primavera pode ser um bom momento para perceber quais esp\u00e9cies est\u00e3o respondendo bem \u00e0s condi\u00e7\u00f5es reais do jardim.<\/p>\n<p data-start=\"12398\" data-end=\"12627\">Se voc\u00ea pretende incluir novas plantas, veja primeiro o conte\u00fado j\u00e1 atualizado sobre <a class=\"decorated-link\" href=\"https:\/\/www.aarquiteta.com.br\/blog\/plantas-para-primavera\/?utm_source=chatgpt.com\" target=\"_new\" rel=\"noopener\" data-start=\"12483\" data-end=\"12626\">como escolher plantas para primavera conforme sol, meia-sombra e cultivo em vasos<\/a>.<\/p>\n<p data-start=\"12629\" data-end=\"12697\">Assim evitamos transformar manuten\u00e7\u00e3o em mais uma lista de esp\u00e9cies.<\/p>\n<h2 data-section-id=\"r8xik5\" data-start=\"12699\" data-end=\"12774\">Plantas que cresceram demais precisam ser avaliadas antes do transplante<\/h2>\n<p data-start=\"12776\" data-end=\"12891\">Em vasos, ra\u00edzes saindo pelos furos ou ocupa\u00e7\u00e3o muito intensa do recipiente podem indicar necessidade de avalia\u00e7\u00e3o.<\/p>\n<p data-start=\"12893\" data-end=\"12978\">Mas tamb\u00e9m aqui n\u00e3o existe regra de que toda planta deva ser replantada na primavera.<\/p>\n<p data-start=\"12980\" data-end=\"12988\">Observe:<\/p>\n<ul data-start=\"12990\" data-end=\"13118\">\n<li data-section-id=\"r4giy6\" data-start=\"12990\" data-end=\"13006\">tamanho atual;<\/li>\n<li data-section-id=\"1al1xis\" data-start=\"13007\" data-end=\"13024\">porte esperado;<\/li>\n<li data-section-id=\"10p4roz\" data-start=\"13025\" data-end=\"13047\">condi\u00e7\u00e3o das ra\u00edzes;<\/li>\n<li data-section-id=\"7hqbmi\" data-start=\"13048\" data-end=\"13063\">estabilidade;<\/li>\n<li data-section-id=\"1lf4u7w\" data-start=\"13064\" data-end=\"13089\">capacidade de drenagem;<\/li>\n<li data-section-id=\"1yjb4sr\" data-start=\"13090\" data-end=\"13118\">desenvolvimento da planta.<\/li>\n<\/ul>\n<p data-start=\"13120\" data-end=\"13203\">Se o vaso continua adequado, n\u00e3o h\u00e1 motivo para trocar apenas por causa da esta\u00e7\u00e3o.<\/p>\n<h2 data-section-id=\"1ktxrpl\" data-start=\"13205\" data-end=\"13269\">Gramado tamb\u00e9m precisa ser observado antes de receber produto<\/h2>\n<p data-start=\"13271\" data-end=\"13345\">Em jardins com gramado, a primavera costuma ser associada a \u201crecupera\u00e7\u00e3o\u201d.<\/p>\n<p data-start=\"13347\" data-end=\"13397\">Mas manchas ou falhas podem ter causas diferentes:<\/p>\n<ul data-start=\"13399\" data-end=\"13508\">\n<li data-section-id=\"1ni0uz7\" data-start=\"13399\" data-end=\"13408\">sombra;<\/li>\n<li data-section-id=\"znverl\" data-start=\"13409\" data-end=\"13427\">solo compactado;<\/li>\n<li data-section-id=\"z5v1n4\" data-start=\"13428\" data-end=\"13455\">falta ou excesso de \u00e1gua;<\/li>\n<li data-section-id=\"t62wdb\" data-start=\"13456\" data-end=\"13466\">tr\u00e1fego;<\/li>\n<li data-section-id=\"8dzava\" data-start=\"13467\" data-end=\"13477\">doen\u00e7as;<\/li>\n<li data-section-id=\"1d3uo2\" data-start=\"13478\" data-end=\"13508\">esp\u00e9cie inadequada ao local.<\/li>\n<\/ul>\n<p data-start=\"13510\" data-end=\"13584\">Antes de adubar ou aplicar produto, descubra por que a \u00e1rea est\u00e1 falhando.<\/p>\n<p data-start=\"13586\" data-end=\"13745\">Em locais cada vez mais sombreados por \u00e1rvores ou edifica\u00e7\u00f5es, talvez o problema seja estrutural: aquele gramado simplesmente deixou de receber luz suficiente.<\/p>\n<h2 data-section-id=\"1mlx0mp\" data-start=\"13747\" data-end=\"13816\">Mais crescimento significa mais necessidade de acompanhar o jardim<\/h2>\n<p data-start=\"13818\" data-end=\"13871\">Na primavera, alguns jardins podem mudar rapidamente.<\/p>\n<p data-start=\"13873\" data-end=\"13907\">Fa\u00e7a uma inspe\u00e7\u00e3o semanal simples.<\/p>\n<p data-start=\"13909\" data-end=\"13914\">Veja:<\/p>\n<ul data-start=\"13916\" data-end=\"14146\">\n<li data-section-id=\"2inlsj\" data-start=\"13916\" data-end=\"13948\">quais plantas est\u00e3o crescendo;<\/li>\n<li data-section-id=\"3jj6qm\" data-start=\"13949\" data-end=\"13982\">se come\u00e7aram a ocupar caminhos;<\/li>\n<li data-section-id=\"kdj975\" data-start=\"13983\" data-end=\"14030\">se algum ramo interfere em portas ou janelas;<\/li>\n<li data-section-id=\"176tg2n\" data-start=\"14031\" data-end=\"14061\">se vasos continuam est\u00e1veis;<\/li>\n<li data-section-id=\"180ge4t\" data-start=\"14062\" data-end=\"14098\">se tutores precisam ser ajustados;<\/li>\n<li data-section-id=\"uyyxqx\" data-start=\"14099\" data-end=\"14122\">se h\u00e1 \u00e1gua acumulada;<\/li>\n<li data-section-id=\"1f1up7d\" data-start=\"14123\" data-end=\"14146\">se apareceram pragas.<\/li>\n<\/ul>\n<p data-start=\"14148\" data-end=\"14203\">N\u00e3o \u00e9 preciso fazer uma grande interven\u00e7\u00e3o toda semana.<\/p>\n<p data-start=\"14205\" data-end=\"14302\">A inspe\u00e7\u00e3o serve justamente para resolver pequenos problemas antes que exijam uma corre\u00e7\u00e3o maior.<\/p>\n<h2 data-section-id=\"1u1ydkl\" data-start=\"14304\" data-end=\"14368\">O clima de setembro de 2026 refor\u00e7a a necessidade de observar<\/h2>\n<p data-start=\"14370\" data-end=\"14434\">Este ano h\u00e1 uma raz\u00e3o adicional para evitar receitas universais.<\/p>\n<p data-start=\"14436\" data-end=\"14680\">A previs\u00e3o clim\u00e1tica do INMET para setembro indica <strong data-start=\"14487\" data-end=\"14563\">chuvas acima da m\u00e9dia hist\u00f3rica em partes do Centro-Oeste, Sudeste e Sul<\/strong>, enquanto setores do Norte e Nordeste podem ficar abaixo ou pr\u00f3ximos da m\u00e9dia.<\/p>\n<p data-start=\"14682\" data-end=\"14709\">Isso significa que a frase:<\/p>\n<p data-start=\"14711\" data-end=\"14745\"><strong data-start=\"14711\" data-end=\"14745\">\u201cna primavera, aumente a rega\u201d<\/strong><\/p>\n<p data-start=\"14747\" data-end=\"14787\">\u00e9 inadequada como recomenda\u00e7\u00e3o nacional.<\/p>\n<p data-start=\"14789\" data-end=\"14881\">Em uma regi\u00e3o com chuva frequente, pode ser necess\u00e1rio justamente vigiar excesso de umidade.<\/p>\n<p data-start=\"14883\" data-end=\"14923\">Em outra, o solo pode secar rapidamente.<\/p>\n<p data-start=\"14925\" data-end=\"15001\">Por isso, clima local + esp\u00e9cie + condi\u00e7\u00e3o do solo devem orientar a decis\u00e3o.<\/p>\n<h2 data-section-id=\"1tlg6u1\" data-start=\"15003\" data-end=\"15052\">Checklist de manuten\u00e7\u00e3o do jardim na primavera<\/h2>\n<div class=\"group TyagGW_tableContainer\">\n<div class=\"TyagGW_tableWrapper flex flex-col-reverse w-fit\" tabindex=\"-1\">\n<table class=\"w-fit min-w-(--thread-content-width)\" data-start=\"15054\" data-end=\"15701\">\n<thead data-start=\"15054\" data-end=\"15088\">\n<tr data-start=\"15054\" data-end=\"15088\">\n<th class=\"last:pe-10\" data-start=\"15054\" data-end=\"15070\" data-col-size=\"sm\">O que revisar<\/th>\n<th class=\"last:pe-10\" data-start=\"15070\" data-end=\"15088\" data-col-size=\"md\">O que observar<\/th>\n<\/tr>\n<\/thead>\n<tbody data-start=\"15099\" data-end=\"15701\">\n<tr data-start=\"15099\" data-end=\"15150\">\n<td data-start=\"15099\" data-end=\"15106\" data-col-size=\"sm\">Rega<\/td>\n<td data-start=\"15106\" data-end=\"15150\" data-col-size=\"md\">Solo realmente est\u00e1 secando mais r\u00e1pido?<\/td>\n<\/tr>\n<tr data-start=\"15151\" data-end=\"15213\">\n<td data-start=\"15151\" data-end=\"15162\" data-col-size=\"sm\">Drenagem<\/td>\n<td data-start=\"15162\" data-end=\"15213\" data-col-size=\"md\">H\u00e1 \u00e1gua acumulada depois de chuva ou irriga\u00e7\u00e3o?<\/td>\n<\/tr>\n<tr data-start=\"15214\" data-end=\"15271\">\n<td data-start=\"15214\" data-end=\"15221\" data-col-size=\"sm\">Poda<\/td>\n<td data-start=\"15221\" data-end=\"15271\" data-col-size=\"md\">Existem ramos mortos ou realmente danificados?<\/td>\n<\/tr>\n<tr data-start=\"15272\" data-end=\"15344\">\n<td data-start=\"15272\" data-end=\"15283\" data-col-size=\"sm\">Aduba\u00e7\u00e3o<\/td>\n<td data-start=\"15283\" data-end=\"15344\" data-col-size=\"md\">H\u00e1 necessidade identificada ou apenas mudan\u00e7a de esta\u00e7\u00e3o?<\/td>\n<\/tr>\n<tr data-start=\"15345\" data-end=\"15400\">\n<td data-start=\"15345\" data-end=\"15354\" data-col-size=\"sm\">Pragas<\/td>\n<td data-start=\"15354\" data-end=\"15400\" data-col-size=\"md\">Existe organismo identificado e dano real?<\/td>\n<\/tr>\n<tr data-start=\"15401\" data-end=\"15455\">\n<td data-start=\"15401\" data-end=\"15410\" data-col-size=\"sm\">Folhas<\/td>\n<td data-start=\"15410\" data-end=\"15455\" data-col-size=\"md\">Manchas est\u00e3o aumentando ou s\u00e3o pontuais?<\/td>\n<\/tr>\n<tr data-start=\"15456\" data-end=\"15507\">\n<td data-start=\"15456\" data-end=\"15464\" data-col-size=\"sm\">Vasos<\/td>\n<td data-start=\"15464\" data-end=\"15507\" data-col-size=\"md\">Drenagem e tamanho continuam adequados?<\/td>\n<\/tr>\n<tr data-start=\"15508\" data-end=\"15571\">\n<td data-start=\"15508\" data-end=\"15520\" data-col-size=\"sm\">Canteiros<\/td>\n<td data-start=\"15520\" data-end=\"15571\" data-col-size=\"md\">H\u00e1 compacta\u00e7\u00e3o, eros\u00e3o ou competi\u00e7\u00e3o excessiva?<\/td>\n<\/tr>\n<tr data-start=\"15572\" data-end=\"15623\">\n<td data-start=\"15572\" data-end=\"15578\" data-col-size=\"sm\">Luz<\/td>\n<td data-start=\"15578\" data-end=\"15623\" data-col-size=\"md\">A incid\u00eancia mudou em rela\u00e7\u00e3o ao inverno?<\/td>\n<\/tr>\n<tr data-start=\"15624\" data-end=\"15701\">\n<td data-start=\"15624\" data-end=\"15638\" data-col-size=\"sm\">Crescimento<\/td>\n<td data-start=\"15638\" data-end=\"15701\" data-col-size=\"md\">Alguma planta est\u00e1 invadindo circula\u00e7\u00e3o ou outras esp\u00e9cies?<\/td>\n<\/tr>\n<\/tbody>\n<\/table>\n<\/div>\n<\/div>\n<h2 data-section-id=\"b3sjk\" data-start=\"15703\" data-end=\"15750\">O que n\u00e3o fazer automaticamente na primavera<\/h2>\n<p data-start=\"15752\" data-end=\"15787\">A mudan\u00e7a de esta\u00e7\u00e3o <strong data-start=\"15773\" data-end=\"15786\">n\u00e3o exige<\/strong>:<\/p>\n<ul data-start=\"15789\" data-end=\"16017\">\n<li data-section-id=\"mlbwtt\" data-start=\"15789\" data-end=\"15814\">podar todas as plantas;<\/li>\n<li data-section-id=\"10n23o4\" data-start=\"15815\" data-end=\"15838\">adubar todo o jardim;<\/li>\n<li data-section-id=\"1d4g1zh\" data-start=\"15839\" data-end=\"15863\">trocar todos os vasos;<\/li>\n<li data-section-id=\"1kln3hw\" data-start=\"15864\" data-end=\"15892\">aumentar toda a irriga\u00e7\u00e3o;<\/li>\n<li data-section-id=\"1gzpphv\" data-start=\"15893\" data-end=\"15930\">aplicar inseticida preventivamente;<\/li>\n<li data-section-id=\"1a6hlte\" data-start=\"15931\" data-end=\"15972\">substituir plantas que est\u00e3o saud\u00e1veis;<\/li>\n<li data-section-id=\"1l2c0le\" data-start=\"15973\" data-end=\"16017\">revolver profundamente todos os canteiros.<\/li>\n<\/ul>\n<p data-start=\"16019\" data-end=\"16060\">O calend\u00e1rio \u00e9 um lembrete para observar.<\/p>\n<p data-start=\"16062\" data-end=\"16125\">A interven\u00e7\u00e3o deve responder ao que realmente est\u00e1 acontecendo.<\/p>\n<h2 data-section-id=\"1qwflnk\" data-start=\"16127\" data-end=\"16177\">Um jardim saud\u00e1vel n\u00e3o precisa parecer perfeito<\/h2>\n<p data-start=\"16179\" data-end=\"16199\">Folhas antigas caem.<\/p>\n<p data-start=\"16201\" data-end=\"16227\">Flores terminam seu ciclo.<\/p>\n<p data-start=\"16229\" data-end=\"16271\">Alguns ramos crescem de maneira irregular.<\/p>\n<p data-start=\"16273\" data-end=\"16305\">Insetos fazem parte do ambiente.<\/p>\n<p data-start=\"16307\" data-end=\"16388\">Manuten\u00e7\u00e3o n\u00e3o significa tentar congelar o jardim em uma apar\u00eancia de fotografia.<\/p>\n<p data-start=\"16390\" data-end=\"16530\">O objetivo \u00e9 manter as plantas compat\u00edveis com o espa\u00e7o, condi\u00e7\u00f5es adequadas de solo e \u00e1gua e identificar problemas reais antes que avancem.<\/p>\n<h2 data-section-id=\"18j7x8d\" data-start=\"16532\" data-end=\"16585\">Na primavera, observe primeiro e intervenha depois<\/h2>\n<p data-start=\"16587\" data-end=\"16709\">O crescimento mais evidente da primavera torna essa esta\u00e7\u00e3o um \u00f3timo momento para acompanhar o jardim com mais frequ\u00eancia.<\/p>\n<p data-start=\"16711\" data-end=\"16777\">Mas a melhor rotina n\u00e3o \u00e9 necessariamente aquela com mais tarefas.<\/p>\n<p data-start=\"16779\" data-end=\"16962\">Comece verificando <strong data-start=\"16798\" data-end=\"16853\">\u00e1gua, drenagem, luz, brota\u00e7\u00e3o e sinais de problemas<\/strong>. S\u00f3 ent\u00e3o decida se determinada planta precisa de poda, aduba\u00e7\u00e3o, mudan\u00e7a de vaso ou algum tipo de controle.<\/p>\n<p data-start=\"16964\" data-end=\"17119\">Em um pa\u00eds com climas t\u00e3o diferentes, a manuten\u00e7\u00e3o mais respons\u00e1vel \u00e9 aquela que se adapta ao jardim real \u2014 e n\u00e3o a uma lista fixa de tarefas de primavera.<\/p>\n<p><img alt=\"\" \/><\/p>\n","protected":false},"excerpt":{"rendered":"<p>Descubra dicas de cuidados para um jardim exuberante na primavera e transforme seu espa\u00e7o com t\u00e9cnicas pr\u00e1ticas de jardinagem.<\/p>\n","protected":false},"author":102,"featured_media":158043,"comment_status":"closed","ping_status":"closed","sticky":false,"template":"","format":"standard","meta":{"footnotes":""},"categories":[9612],"tags":[],"class_list":["post-131255","post","type-post","status-publish","format-standard","has-post-thumbnail","category-jardinagem"],"_wp_attached_file":null,"_wp_attachment_metadata":null,"_wp_attachment_context":null,"_wp_attachment_is_custom_header":null,"geo_longitude":null,"geo_public":null,"geo_latitude":null,"_publicize_done_external":null,"_wpas_done_3897181":null,"publicize_twitter_user":null,"_wpas_done_3897175":null,"_wpas_skip_3897181":null,"_wpas_skip_3897175":null,"_wpas_skip_3924723":null,"_wpas_mess":null,"_wpas_done_3924723":null,"wps_subtitle":"Seu jardim acordou para a primavera? Nem toda planta precisa de mais \u00e1gua, adubo ou poda","_links":{"self":[{"href":"https:\/\/www.aarquiteta.com.br\/blog\/wp-json\/wp\/v2\/posts\/131255","targetHints":{"allow":["GET"]}}],"collection":[{"href":"https:\/\/www.aarquiteta.com.br\/blog\/wp-json\/wp\/v2\/posts"}],"about":[{"href":"https:\/\/www.aarquiteta.com.br\/blog\/wp-json\/wp\/v2\/types\/post"}],"author":[{"embeddable":true,"href":"https:\/\/www.aarquiteta.com.br\/blog\/wp-json\/wp\/v2\/users\/102"}],"replies":[{"embeddable":true,"href":"https:\/\/www.aarquiteta.com.br\/blog\/wp-json\/wp\/v2\/comments?post=131255"}],"version-history":[{"count":3,"href":"https:\/\/www.aarquiteta.com.br\/blog\/wp-json\/wp\/v2\/posts\/131255\/revisions"}],"predecessor-version":[{"id":158045,"href":"https:\/\/www.aarquiteta.com.br\/blog\/wp-json\/wp\/v2\/posts\/131255\/revisions\/158045"}],"wp:featuredmedia":[{"embeddable":true,"href":"https:\/\/www.aarquiteta.com.br\/blog\/wp-json\/wp\/v2\/media\/158043"}],"wp:attachment":[{"href":"https:\/\/www.aarquiteta.com.br\/blog\/wp-json\/wp\/v2\/media?parent=131255"}],"wp:term":[{"taxonomy":"category","embeddable":true,"href":"https:\/\/www.aarquiteta.com.br\/blog\/wp-json\/wp\/v2\/categories?post=131255"},{"taxonomy":"post_tag","embeddable":true,"href":"https:\/\/www.aarquiteta.com.br\/blog\/wp-json\/wp\/v2\/tags?post=131255"}],"curies":[{"name":"wp","href":"https:\/\/api.w.org\/{rel}","templated":true}]}}