{"id":131170,"date":"2024-10-01T11:35:58","date_gmt":"2024-10-01T14:35:58","guid":{"rendered":"https:\/\/www.aarquiteta.com.br\/blog\/estilo-decoracao\/"},"modified":"2024-10-01T11:35:58","modified_gmt":"2024-10-01T14:35:58","slug":"estilo-decoracao","status":"publish","type":"post","link":"https:\/\/www.aarquiteta.com.br\/blog\/estilo-decoracao\/","title":{"rendered":"Como Definir Estilo de Decora\u00e7\u00e3o em Projetos de Interiores"},"content":{"rendered":"<p><body><\/p><p><b>Erros de servidor<\/b>, como o FUNCTION_INVOCATION_FAILED, podem ser um verdadeiro pesadelo, n\u00e3o \u00e9 mesmo? Aqui, vamos destrinchar as causas, as solu\u00e7\u00f5es e como evitar que esses problemas voltem a ocorrer, garantindo que seu servi\u00e7o seja t\u00e3o robusto quanto uma estrutura bem projetada.<\/p><h2>Principais Pontos<\/h2><ul><li><b>Defini\u00e7\u00e3o do erro<\/b>: Entender o que significa FUNCTION_INVOCATION_FAILED \u00e9 o primeiro passo para resolver o problema.<\/li><li><b>Causas do erro<\/b>: Exploramos as principais raz\u00f5es pelas quais esse erro pode acontecer, desde problemas de conex\u00e3o at\u00e9 limita\u00e7\u00f5es de recursos.<\/li><li><b>Diagn\u00f3stico<\/b>: Aprenda a diagnosticar o problema e identificar onde ele est\u00e1 se originando.<\/li><li><b>Poss\u00edveis solu\u00e7\u00f5es<\/b>: Vamos discutir as pr\u00e1ticas recomendadas para corrigir o erro e restaurar a funcionalidade do seu servi\u00e7o.<\/li><li><b>Preven\u00e7\u00e3o<\/b>: Dicas valiosas sobre como evitar que o erro aconte\u00e7a novamente.<\/li><\/ul><h2>Introdu\u00e7\u00e3o<\/h2><p>A internet \u00e9 como uma vasta rede de ruas e avenidas, onde cada servi\u00e7o online representa um edif\u00edcio diferente. No entanto, \u00e0s vezes isso tudo pode entrar em colapso devido a um erro de servidor, como <b>&#8216;FUNCTION_INVOCATION_FAILED&#8217;<\/b>. No meu dia a dia, enquanto arquiteto, percebo que entender os problemas que surgem nessas &#8216;constru\u00e7\u00f5es digitais&#8217; \u00e9 essencial para manter tudo funcionando bem.<\/p><h2>O que \u00e9 FUNCTION_INVOCATION_FAILED?<\/h2><p>O erro <b>FUNCTION_INVOCATION_FAILED<\/b> acontece quando o servidor n\u00e3o consegue executar uma fun\u00e7\u00e3o espec\u00edfica. Imagine um maestro que tenta dar in\u00edcio a uma sinfonia, mas um dos m\u00fasicos n\u00e3o aparece. Isso \u00e9 o que esse erro significa para o funcionamento de aplica\u00e7\u00f5es e servi\u00e7os online. Sem essa fun\u00e7\u00e3o, a pe\u00e7a n\u00e3o vai \u00e0 frente, e o usu\u00e1rio pode ficar frustrado com a aus\u00eancia do resultado esperado.<\/p><h2>Causas Comuns do Erro<\/h2><p>Antes de mais nada, \u00e9 essencial identificar do que se trata esse erro. Vamos falar sobre algumas causas comuns:<\/p><ul><li><h3>Problemas de Conex\u00e3o<\/h3><figure style=\"width: 1024px\" class=\"wp-caption aligncenter\"><img decoding=\"async\" src=\"https:\/\/www.aarquiteta.com.br\/blog\/wp-content\/uploads\/2024\/10\/estilo-decoracao01.jpg\" alt=\"Como Definir Estilo de Decora\u00e7\u00e3o em Projetos de Interiores\" width=\"1024\" height=\"1024\" title=\"\"><figcaption class=\"wp-caption-text\">Como Definir Estilo de Decora\u00e7\u00e3o em Projetos de Interiores<\/figcaption><\/figure><\/li><p>Quando a conex\u00e3o entre o servidor e o cliente \u00e9 interrompida, \u00e9 como perder o fio da meada em uma conversa. Isso pode resultar em execu\u00e7\u00e3o de fun\u00e7\u00f5es falhas.<\/p><li><h3>Limita\u00e7\u00f5es de Recursos<\/h3><img decoding=\"async\" src=\"\" alt=\"\" title=\"\"><\/li><p>Assim como um edif\u00edcio pode entrar em colapso se n\u00e3o houver suporte estrutural suficiente, um servidor pode falhar se n\u00e3o tiver recursos adequados (como mem\u00f3ria ou processamento) para executar fun\u00e7\u00f5es.<\/p><li><h3>Erros na L\u00f3gica do C\u00f3digo<\/h3><figure style=\"width: 1024px\" class=\"wp-caption aligncenter\"><img decoding=\"async\" src=\"https:\/\/www.aarquiteta.com.br\/blog\/wp-content\/uploads\/2024\/10\/estilos-decoracao-5-1200x800.jpg\" alt=\"Sala de estar desenhada pelo escrit\u00f3rio de Mylena recebeu design autoral brasileiro e objetos decorativos.\" title=\"\"><figcaption class=\"wp-caption-text\">Sala de estar desenhada pelo escrit\u00f3rio de Mylena recebeu design autoral brasileiro e objetos decorativos.<\/figcaption><\/figure><\/li><p>Uma falha na l\u00f3gica que rege o c\u00f3digo pode ser comparada a um c\u00e1lculo errado no projeto de uma casa. Um pequeno erro \u00e9 suficiente para desandar toda a estrutura.<\/p><li><h3>Configura\u00e7\u00f5es de Tempo Limite<\/h3><figure style=\"width: 1024px\" class=\"wp-caption aligncenter\"><img decoding=\"async\" src=\"https:\/\/www.aarquiteta.com.br\/blog\/wp-content\/uploads\/2024\/10\/estilo-decoracao02.jpg\" alt=\"Como Definir Estilo de Decora\u00e7\u00e3o em Projetos de Interiores\" width=\"1024\" height=\"1024\" title=\"\"><figcaption class=\"wp-caption-text\">Como Definir Estilo de Decora\u00e7\u00e3o em Projetos de Interiores<\/figcaption><\/figure><\/li><p>As configura\u00e7\u00f5es de tempo limite podem ser outra pedra no caminho. Imagine querer fazer uma obra, mas os prazos estipulados n\u00e3o s\u00e3o respeitados, provocando frustra\u00e7\u00e3o.<\/p><\/ul><h2>Como Diagnosticar o Problema<\/h2><p>Diagnosticar o erro \u00e9 crucial. Primeiro, voc\u00ea deve analisar os logs do servidor, que funcionam como os relatos de um detetive. Eles mostram o que aconteceu antes do erro ocorrer. Em seguida, monitorar o desempenho do servidor \u00e9 t\u00e3o vital quanto acompanhar o andamento de uma obra, para garantir que tudo esteja em ordem.<\/p><h2>Solu\u00e7\u00f5es Potenciais<\/h2><p>As solu\u00e7\u00f5es para o <b>FUNCTION_INVOCATION_FAILED<\/b> podem variar, mas algumas pr\u00e1ticas s\u00e3o sempre recomendadas. Aqui v\u00e3o elas:<\/p><ul><li><h3>Otimiza\u00e7\u00e3o de C\u00f3digo<\/h3><figure style=\"width: 1024px\" class=\"wp-caption aligncenter\"><img decoding=\"async\" src=\"https:\/\/www.aarquiteta.com.br\/blog\/wp-content\/uploads\/2024\/10\/estilos-decoracao-3-747x1120.jpg\" alt=\"Arquiteta Mylena Bonfim d\u00e1 dicas para acertar no estilo da decora\u00e7\u00e3o (Foto: Gabriel Gardini)\" title=\"\"><figcaption class=\"wp-caption-text\">Arquiteta Mylena Bonfim d\u00e1 dicas para acertar no estilo da decora\u00e7\u00e3o (Foto: Gabriel Gardini)<\/figcaption><\/figure><\/li><p>Revise seu c\u00f3digo regularmente. Isso \u00e9 como realizar a manuten\u00e7\u00e3o de um edif\u00edcio \u2013 evita problemas futuros e garante que tudo esteja em perfeito estado.<\/p><li><h3>Ajustes nas Configura\u00e7\u00f5es<\/h3><figure style=\"width: 1024px\" class=\"wp-caption aligncenter\"><img decoding=\"async\" src=\"https:\/\/www.aarquiteta.com.br\/blog\/wp-content\/uploads\/2024\/10\/estilo-decoracao03.jpg\" alt=\"Como Definir Estilo de Decora\u00e7\u00e3o em Projetos de Interiores\" width=\"1024\" height=\"1024\" title=\"\"><figcaption class=\"wp-caption-text\">Como Definir Estilo de Decora\u00e7\u00e3o em Projetos de Interiores<\/figcaption><\/figure><\/li><p>Verifique e ajuste as configura\u00e7\u00f5es do servidor conforme necess\u00e1rio, como a aloca\u00e7\u00e3o de recursos e os limites de execu\u00e7\u00e3o, garantindo que esteja sempre pronto para a a\u00e7\u00e3o.<\/p><\/ul><h2>Prevenindo Futuros Erros<\/h2><p>A preven\u00e7\u00e3o \u00e9 sempre o melhor rem\u00e9dio. Manter uma rotina de <b>manuten\u00e7\u00e3o preventiva<\/b> e monitoramento cont\u00ednuo do seu servi\u00e7o \u00e9 t\u00e3o importante quanto planejar os detalhes de um <a rel=\"nofollow noopener\" target=\"_blank\" href=\"https:\/\/www.aarquiteta.com.br\/projeto-arquitetonico\/\">projeto arquitet\u00f4nico<\/a>. Portanto, esteja sempre atento \u00e0s atualiza\u00e7\u00f5es e ao estado geral do seu ambiente digital.<\/p><h2>Conclus\u00e3o<\/h2><p>Em suma, entender o erro <b>FUNCTION_INVOCATION_FAILED<\/b> \u00e9 fundamental para garantir que suas &#8216;constru\u00e7\u00f5es&#8217; digitais permane\u00e7am firmes e est\u00e1veis. Com an\u00e1lises cuidadosas e a\u00e7\u00f5es corretivas adequadas, voc\u00ea pode evitar que esses percal\u00e7os estraguem a experi\u00eancia do usu\u00e1rio, mantendo sempre a qualidade do servi\u00e7o em primeiro lugar.<\/p><p><\/body><br \/><figure style=\"width: 1024px\" class=\"wp-caption aligncenter\"><img decoding=\"async\" src=\"https:\/\/www.aarquiteta.com.br\/blog\/wp-content\/uploads\/2024\/10\/estilos-decoracao-1-896x1120.jpg\" alt=\"Sala com sof\u00e1 bege e p\u00e9 direito duplo.\" title=\"\"><figcaption class=\"wp-caption-text\">Sala com sof\u00e1 bege e p\u00e9 direito duplo.<\/figcaption><\/figure><figure style=\"width: 1024px\" class=\"wp-caption aligncenter\"><img decoding=\"async\" src=\"https:\/\/www.aarquiteta.com.br\/blog\/wp-content\/uploads\/2024\/10\/estilo-decoracao4.jpg\" alt=\"Como Definir Estilo de Decora\u00e7\u00e3o em Projetos de Interiores\" width=\"1024\" height=\"1024\" title=\"\"><figcaption class=\"wp-caption-text\">Como Definir Estilo de Decora\u00e7\u00e3o em Projetos de Interiores<\/figcaption><\/figure><figure style=\"width: 1024px\" class=\"wp-caption aligncenter\"><img decoding=\"async\" src=\"https:\/\/www.aarquiteta.com.br\/blog\/wp-content\/uploads\/2024\/10\/estilos-decoracao-4-746x1120.jpg\" alt=\"Sala com sof\u00e1 acinzentado e mesas de centro com objetos decorativos.\" title=\"\"><figcaption class=\"wp-caption-text\">Sala com sof\u00e1 acinzentado e mesas de centro com objetos decorativos.<\/figcaption><\/figure><h3>Para se aprofundar mais sobre o tema, veja a minha recomenda\u00e7\u00e3o sobre o tema deste artigo no v\u00eddeo a seguir abaixo:<\/h3><p><iframe title=\"YouTube video player\" src=\"https:\/\/www.youtube.com\/embed\/-sn6E3aWNS4\" width=\"560\" height=\"315\" frameborder=\"0\" allowfullscreen=\"allowfullscreen\"><\/iframe><\/p><figure style=\"width: 1024px\" class=\"wp-caption aligncenter\"><img decoding=\"async\" src=\"https:\/\/www.aarquiteta.com.br\/blog\/wp-content\/uploads\/2024\/10\/estilos-decoracao-2-1120x586.jpg\" alt=\"Cozinha planejada com cobog\u00f3 branco.\" title=\"\"><figcaption class=\"wp-caption-text\">Cozinha planejada com cobog\u00f3 branco.<\/figcaption><\/figure>","protected":false},"excerpt":{"rendered":"<p>Aprenda a definir o estilo de decora\u00e7\u00e3o de projetos com dicas \u00fateis e refer\u00eancias visuais.<\/p>\n","protected":false},"author":102,"featured_media":131163,"comment_status":"closed","ping_status":"closed","sticky":false,"template":"","format":"standard","meta":{"footnotes":""},"categories":[1507],"tags":[],"class_list":["post-131170","post","type-post","status-publish","format-standard","has-post-thumbnail","category-arquitetura"],"_wp_attached_file":null,"_wp_attachment_metadata":null,"_wp_attachment_context":null,"_wp_attachment_is_custom_header":null,"geo_longitude":null,"geo_public":null,"geo_latitude":null,"_publicize_done_external":null,"_wpas_done_3897181":null,"publicize_twitter_user":null,"_wpas_done_3897175":null,"_wpas_skip_3897181":null,"_wpas_skip_3897175":null,"_wpas_skip_3924723":null,"_wpas_mess":null,"_wpas_done_3924723":null,"wps_subtitle":"","_links":{"self":[{"href":"https:\/\/www.aarquiteta.com.br\/blog\/wp-json\/wp\/v2\/posts\/131170","targetHints":{"allow":["GET"]}}],"collection":[{"href":"https:\/\/www.aarquiteta.com.br\/blog\/wp-json\/wp\/v2\/posts"}],"about":[{"href":"https:\/\/www.aarquiteta.com.br\/blog\/wp-json\/wp\/v2\/types\/post"}],"author":[{"embeddable":true,"href":"https:\/\/www.aarquiteta.com.br\/blog\/wp-json\/wp\/v2\/users\/102"}],"replies":[{"embeddable":true,"href":"https:\/\/www.aarquiteta.com.br\/blog\/wp-json\/wp\/v2\/comments?post=131170"}],"version-history":[{"count":0,"href":"https:\/\/www.aarquiteta.com.br\/blog\/wp-json\/wp\/v2\/posts\/131170\/revisions"}],"wp:featuredmedia":[{"embeddable":true,"href":"https:\/\/www.aarquiteta.com.br\/blog\/wp-json\/wp\/v2\/media\/131163"}],"wp:attachment":[{"href":"https:\/\/www.aarquiteta.com.br\/blog\/wp-json\/wp\/v2\/media?parent=131170"}],"wp:term":[{"taxonomy":"category","embeddable":true,"href":"https:\/\/www.aarquiteta.com.br\/blog\/wp-json\/wp\/v2\/categories?post=131170"},{"taxonomy":"post_tag","embeddable":true,"href":"https:\/\/www.aarquiteta.com.br\/blog\/wp-json\/wp\/v2\/tags?post=131170"}],"curies":[{"name":"wp","href":"https:\/\/api.w.org\/{rel}","templated":true}]}}