{"id":131132,"date":"2024-09-30T16:20:11","date_gmt":"2024-09-30T19:20:11","guid":{"rendered":"https:\/\/www.aarquiteta.com.br\/blog\/mesa-redonda-de-vidro\/"},"modified":"2024-09-30T16:38:57","modified_gmt":"2024-09-30T19:38:57","slug":"mesa-redonda-de-vidro","status":"publish","type":"post","link":"https:\/\/www.aarquiteta.com.br\/blog\/mesa-redonda-de-vidro\/","title":{"rendered":"Mesa Redonda de Vidro: 8 Maneiras de Usar na Sua Decora\u00e7\u00e3o"},"content":{"rendered":"<p><body><\/p>\n<p>Se voc\u00ea est\u00e1 em busca de uma pe\u00e7a que combine <b>eleg\u00e2ncia<\/b> e <b>versatilidade<\/b>, a mesa redonda de vidro \u00e9 a escolha perfeita. Ideal para qualquer ambiente, ela se adapta a diversos estilos e oferece um toque de leveza ao espa\u00e7o.<\/p>\n<h2>Introdu\u00e7\u00e3o<\/h2>\n<p>A mesa redonda de vidro n\u00e3o \u00e9 apenas um objeto decorativo, mas uma pe\u00e7a que traz <b>fun\u00e7\u00e3o<\/b> e <b>estilo<\/b> para o seu lar. Vamos explorar as m\u00faltiplas formas de integr\u00e1-la na sua decora\u00e7\u00e3o e como ela pode transformar o ambiente em que est\u00e1 inserida.<\/p>\n<h2>1. Versatilidade em Diferentes Ambientes<\/h2>\n<p>Olha, essa mesa brilha em v\u00e1rios espa\u00e7os! Seja na <b>sala de jantar<\/b>, na <b>cozinha<\/b> ou at\u00e9 no <b>jardim<\/b>, ela se adapta a tudo, como um camale\u00e3o da decora\u00e7\u00e3o. \u00c9 s\u00f3 escolher o modelo que mais combina com a sua vibe!<\/p>\n<h3>Na sala de jantar<\/h3>\n<figure style=\"width: 1024px\" class=\"wp-caption aligncenter\"><img decoding=\"async\" src=\"https:\/\/www.aarquiteta.com.br\/blog\/wp-content\/uploads\/2024\/09\/mesa-redonda-de-vidro-6-730x913.webp\" alt=\"Foto de mesa redonda de vidro 6 - 6\" title=\"\"><figcaption class=\"wp-caption-text\">Foto de mesa redonda de vidro 6 &#8211; 6<\/figcaption><\/figure>\n<p>Na sala de jantar, a mesa redonda de vidro cria um clima intimista e aconchegante. Ao inv\u00e9s de m\u00f3veis pesados, ela garante <b>boa circula\u00e7\u00e3o<\/b> e permite que todos os convidados se sintam \u00e0 vontade para interagir. E quem n\u00e3o gosta de uma boa conversa em volta da mesa, n\u00e3o \u00e9 mesmo?<\/p>\n<h3>Na cozinha<\/h3>\n<figure style=\"width: 1024px\" class=\"wp-caption aligncenter\"><img decoding=\"async\" src=\"https:\/\/www.aarquiteta.com.br\/blog\/wp-content\/uploads\/2024\/09\/mesa-redonda-de-vidro01.jpg\" alt=\"Mesa Redonda de Vidro: 66 Maneiras de Usar na Sua Decora\u00e7\u00e3o\" width=\"1024\" height=\"1024\" title=\"\"><figcaption class=\"wp-caption-text\">Mesa Redonda de Vidro: 66 Maneiras de Usar na Sua Decora\u00e7\u00e3o<\/figcaption><\/figure>\n<p>J\u00e1 na cozinha, uma tabela menor pode se tornar um espa\u00e7o gourmet. Com cadeiras confort\u00e1veis e um design clean, voc\u00ea transforma seu cantinho em um ponto de encontro para as refei\u00e7\u00f5es. <b>Bom apetite<\/b> e boas hist\u00f3rias come\u00e7am aqui!<\/p>\n<h2>2. Estilos de Mesa Redonda de Vidro<\/h2>\n<p>As mesas redondas de vidro est\u00e3o dispon\u00edveis em uma gama de estilos. Elas podem ser modernas, r\u00fasticas ou at\u00e9 requintadas. O que a sua decora\u00e7\u00e3o pede?<\/p>\n<h3>Moderna<\/h3>\n<figure style=\"width: 1024px\" class=\"wp-caption aligncenter\"><img decoding=\"async\" src=\"https:\/\/www.aarquiteta.com.br\/blog\/wp-content\/uploads\/2024\/09\/mesa-redonda-de-vidro-1-730x913.webp\" alt=\"Foto de mesa redonda de vidro 1 - 1\" title=\"\"><figcaption class=\"wp-caption-text\">Foto de mesa redonda de vidro 1 &#8211; 1<\/figcaption><\/figure>\n<p>A mesa com linhas retas e acabamentos minimalistas traz uma <b>atitude contempor\u00e2nea<\/b> para o ambiente. O vidro transparente ajuda a criar uma sensa\u00e7\u00e3o de espa\u00e7o, como se a mesa n\u00e3o ocupasse lugar algum!<\/p>\n<h3>R\u00fastica<\/h3>\n<figure style=\"width: 1024px\" class=\"wp-caption aligncenter\"><img decoding=\"async\" src=\"https:\/\/www.aarquiteta.com.br\/blog\/wp-content\/uploads\/2024\/09\/mesa-redonda-de-vidro02.jpg\" alt=\"Mesa Redonda de Vidro: 66 Maneiras de Usar na Sua Decora\u00e7\u00e3o\" width=\"1024\" height=\"1024\" title=\"\"><figcaption class=\"wp-caption-text\">Mesa Redonda de Vidro: 66 Maneiras de Usar na Sua Decora\u00e7\u00e3o<\/figcaption><\/figure>\n<p>No estilo r\u00fastico, as mesas com base de madeira demarcada trazem aquele charme especial. Imagine s\u00f3: um tampo de vidro em cima de uma base de madeira trabalhada. \u00c9 como se a natureza e a modernidade se abra\u00e7assem!<\/p>\n<h2>3. Combinando Cores e Material<\/h2>\n<p>Um dos grandes trunfos da mesa de vidro \u00e9 a capacidade de se adaptar a diferentes <b>cores<\/b> e <b>materiais<\/b>. O tampo de vidro pode harmonizar com bases em diversas tonalidades e texturas.<\/p>\n<h3>Cores Neutras<\/h3>\n<figure style=\"width: 1024px\" class=\"wp-caption aligncenter\"><img decoding=\"async\" src=\"https:\/\/www.aarquiteta.com.br\/blog\/wp-content\/uploads\/2024\/09\/mesa-redonda-de-vidro-2-730x487.webp\" alt=\"Foto de mesa redonda de vidro 2 - 2\" title=\"\"><figcaption class=\"wp-caption-text\">Foto de mesa redonda de vidro 2 &#8211; 2<\/figcaption><\/figure>\n<p>M\u00f3veis em tons neutros, como o branco ou o preto, oferecem um contraste maravilhoso com o brilho do vidro, criando um ambiente mais sofisticado. Voc\u00ea j\u00e1 parou pra pensar que uma <b>simples mudan\u00e7a de cor<\/b> pode transformar o seu espa\u00e7o?<\/p>\n<h3>Cores Vibrantes<\/h3>\n<figure style=\"width: 1024px\" class=\"wp-caption aligncenter\"><img decoding=\"async\" src=\"https:\/\/www.aarquiteta.com.br\/blog\/wp-content\/uploads\/2024\/09\/mesa-redonda-de-vidro03.jpg\" alt=\"Mesa Redonda de Vidro: 66 Maneiras de Usar na Sua Decora\u00e7\u00e3o\" width=\"1024\" height=\"1024\" title=\"\"><figcaption class=\"wp-caption-text\">Mesa Redonda de Vidro: 66 Maneiras de Usar na Sua Decora\u00e7\u00e3o<\/figcaption><\/figure>\n<p>Por outro lado, bases coloridas ou estampadas tornam a mesa o verdadeiro <b>foco da aten\u00e7\u00e3o<\/b> na sala. Imagine uma mesa com uma base laranja vibrante, trazendo alegria e vida para o ambiente!<\/p>\n<h2>4. Dimens\u00f5es e Formatos<\/h2>\n<p>Quando se fala em mesas redondas de vidro, a escolha das <b>dimens\u00f5es<\/b> \u00e9 essencial. Com tantos formatos e tamanhos dispon\u00edveis, \u00e9 importante escolher a mesa que melhor se adapta ao espa\u00e7o dispon\u00edvel.<\/p>\n<h3>Para espa\u00e7os pequenos<\/h3>\n<figure style=\"width: 1024px\" class=\"wp-caption aligncenter\"><img decoding=\"async\" src=\"https:\/\/www.aarquiteta.com.br\/blog\/wp-content\/uploads\/2024\/09\/mesa-redonda-de-vidro-3-730x913.webp\" alt=\"Foto de mesa redonda de vidro 3 - 3\" title=\"\"><figcaption class=\"wp-caption-text\">Foto de mesa redonda de vidro 3 &#8211; 3<\/figcaption><\/figure>\n<p>Em espa\u00e7os menores, mesas compactas oferecem funcionalidade sem sobrecarregar. \u00c9 como se voc\u00ea estivesse tirando o seu sof\u00e1 e colocando mais liberdade para circular pelo ambiente!<\/p>\n<h3>Para ambientes amplos<\/h3>\n<figure style=\"width: 1024px\" class=\"wp-caption aligncenter\"><img decoding=\"async\" src=\"https:\/\/www.aarquiteta.com.br\/blog\/wp-content\/uploads\/2024\/09\/mesa-redonda-de-vidro4.jpg\" alt=\"Mesa Redonda de Vidro: 66 Maneiras de Usar na Sua Decora\u00e7\u00e3o\" width=\"1024\" height=\"1024\" title=\"\"><figcaption class=\"wp-caption-text\">Mesa Redonda de Vidro: 66 Maneiras de Usar na Sua Decora\u00e7\u00e3o<\/figcaption><\/figure>\n<p>Se o espa\u00e7o permitir, uma mesa maior n\u00e3o s\u00f3 acomoda mais pessoas, mas tamb\u00e9m pode se tornar um <b>ponto central<\/b> na decora\u00e7\u00e3o da sala. Uma verdadeira t\u00e9cnica de como criar um espa\u00e7o convidativo!<\/p>\n<h2>5. Decorando com Mesas Redondas de Vidro<\/h2>\n<p>Agora, vamos \u00e0s dicas pr\u00e1ticas para integrar essas belezuras na sua decora\u00e7\u00e3o. Uma boa combina\u00e7\u00e3o de <b>cadeiras<\/b> e elementos complementares \u00e9 crucial!<\/p>\n<h3>Cadeiras<\/h3>\n<figure style=\"width: 1024px\" class=\"wp-caption aligncenter\"><img decoding=\"async\" src=\"https:\/\/www.aarquiteta.com.br\/blog\/wp-content\/uploads\/2024\/09\/mesa-redonda-de-vidro-4-730x730.webp\" alt=\"Foto de mesa redonda de vidro 4 - 4\" title=\"\"><figcaption class=\"wp-caption-text\">Foto de mesa redonda de vidro 4 &#8211; 4<\/figcaption><\/figure>\n<p>Escolher cadeiras que contrastam ou complementam a mesa ajuda a criar uma composi\u00e7\u00e3o harm\u00f4nica. Que tal usar cadeiras de madeira ao redor de uma mesa de vidro? \u00c9 um cl\u00e1ssico que nunca sai de moda!<\/p>\n<h3>Elementos decorativos<\/h3>\n<h3>Para se aprofundar mais sobre o tema, veja a minha recomenda\u00e7\u00e3o sobre o tema deste artigo no v\u00eddeo a seguir abaixo:<\/h3>\n<p><iframe title=\"YouTube video player\" src=\"https:\/\/www.youtube.com\/embed\/0GWxXEqOB30\" width=\"560\" height=\"315\" frameborder=\"0\" allowfullscreen=\"allowfullscreen\"><\/iframe><\/p>\n<p>N\u00e3o esquece dos detalhes! Decorar com <b>centros de mesa<\/b> e arranjos florais pode dar aquele toque especial. Uma mesa redonda vestida de forma elegante atrai a aten\u00e7\u00e3o como uma verdadeira obra de arte!<\/p>\n<h2>6. Manuten\u00e7\u00e3o e Limpeza<\/h2>\n<p>Outro ponto positivo das mesas de vidro \u00e9 a facilidade de <b>limpeza<\/b>. Basta um pano \u00famido e detergente neutro, e pronto, sua mesa est\u00e1 como nova!<\/p>\n<h3>Vantagens do vidro<\/h3>\n<figure style=\"width: 1024px\" class=\"wp-caption aligncenter\"><img decoding=\"async\" src=\"https:\/\/www.aarquiteta.com.br\/blog\/wp-content\/uploads\/2024\/09\/mesa-redonda-de-vidro-5-730x730.webp\" alt=\"Foto de mesa redonda de vidro 5 - 5\" title=\"\"><figcaption class=\"wp-caption-text\">Foto de mesa redonda de vidro 5 &#8211; 5<\/figcaption><\/figure>\n<p>O vidro resiste bem a manchas e permite que voc\u00ea fa\u00e7a uma limpeza r\u00e1pida. Isso \u00e9 um baita ganho na correria do dia a dia, n\u00e3o acha?<\/p>\n<h3>Cuidados necess\u00e1rios<\/h3>\n<p>Por mais pr\u00e1ticas que sejam, \u00e9 sempre bom tomar cuidado com impactos para n\u00e3o danificar o tampo. Afinal, a ideia \u00e9 manter essa <b>beleza<\/b> por muito tempo!<\/p>\n<h2>Conclus\u00e3o<\/h2>\n<p>Em suma, a mesa redonda de vidro \u00e9 uma op\u00e7\u00e3o que traz <b>funcionalidade<\/b> e <b>estilo<\/b> para diversas situa\u00e7\u00f5es. Ao escolher a mesa ideal, voc\u00ea n\u00e3o s\u00f3 valoriza o seu espa\u00e7o, mas tamb\u00e9m expressa o seu estilo pessoal. Lembre-se: ela deve se harmonizar com o ambiente, garantindo que o todo fique em perfeita sintonia. E, se precisar de mais inspira\u00e7\u00e3o, quem sabe uma visita \u00e0 loja n\u00e3o ajude a dar aquele toque final que voc\u00ea deseja!<\/p>\n<p><\/body><\/p>\n","protected":false},"excerpt":{"rendered":"<p>Descubra 66 formas criativas de utilizar mesas redondas de vidro na decora\u00e7\u00e3o da sua casa, combinando estilo e funcionalidade.<\/p>\n","protected":false},"author":102,"featured_media":131125,"comment_status":"closed","ping_status":"closed","sticky":false,"template":"","format":"standard","meta":{"footnotes":""},"categories":[1484],"tags":[],"class_list":["post-131132","post","type-post","status-publish","format-standard","has-post-thumbnail","category-decoracao"],"_wp_attached_file":null,"_wp_attachment_metadata":null,"_wp_attachment_context":null,"_wp_attachment_is_custom_header":null,"geo_longitude":null,"geo_public":null,"geo_latitude":null,"_publicize_done_external":null,"_wpas_done_3897181":null,"publicize_twitter_user":null,"_wpas_done_3897175":null,"_wpas_skip_3897181":null,"_wpas_skip_3897175":null,"_wpas_skip_3924723":null,"_wpas_mess":null,"_wpas_done_3924723":null,"wps_subtitle":"","_links":{"self":[{"href":"https:\/\/www.aarquiteta.com.br\/blog\/wp-json\/wp\/v2\/posts\/131132","targetHints":{"allow":["GET"]}}],"collection":[{"href":"https:\/\/www.aarquiteta.com.br\/blog\/wp-json\/wp\/v2\/posts"}],"about":[{"href":"https:\/\/www.aarquiteta.com.br\/blog\/wp-json\/wp\/v2\/types\/post"}],"author":[{"embeddable":true,"href":"https:\/\/www.aarquiteta.com.br\/blog\/wp-json\/wp\/v2\/users\/102"}],"replies":[{"embeddable":true,"href":"https:\/\/www.aarquiteta.com.br\/blog\/wp-json\/wp\/v2\/comments?post=131132"}],"version-history":[{"count":0,"href":"https:\/\/www.aarquiteta.com.br\/blog\/wp-json\/wp\/v2\/posts\/131132\/revisions"}],"wp:featuredmedia":[{"embeddable":true,"href":"https:\/\/www.aarquiteta.com.br\/blog\/wp-json\/wp\/v2\/media\/131125"}],"wp:attachment":[{"href":"https:\/\/www.aarquiteta.com.br\/blog\/wp-json\/wp\/v2\/media?parent=131132"}],"wp:term":[{"taxonomy":"category","embeddable":true,"href":"https:\/\/www.aarquiteta.com.br\/blog\/wp-json\/wp\/v2\/categories?post=131132"},{"taxonomy":"post_tag","embeddable":true,"href":"https:\/\/www.aarquiteta.com.br\/blog\/wp-json\/wp\/v2\/tags?post=131132"}],"curies":[{"name":"wp","href":"https:\/\/api.w.org\/{rel}","templated":true}]}}