{"id":131094,"date":"2024-09-30T11:27:57","date_gmt":"2024-09-30T14:27:57","guid":{"rendered":"https:\/\/www.aarquiteta.com.br\/blog\/fachadas-de-casas-simples-com-varanda\/"},"modified":"2024-09-30T11:27:57","modified_gmt":"2024-09-30T14:27:57","slug":"fachadas-de-casas-simples-com-varanda","status":"publish","type":"post","link":"https:\/\/www.aarquiteta.com.br\/blog\/fachadas-de-casas-simples-com-varanda\/","title":{"rendered":"8 Fachadas de Casas Simples e Aconchegantes com Varanda"},"content":{"rendered":"<p><body><\/p>\n<p>Se voc\u00ea est\u00e1 em busca de inspira\u00e7\u00e3o para criar uma fachada de casa simples com varanda, veio ao lugar certo! Vamos explorar juntos 35 ideias que unem beleza e funcionalidade, garantindo um espa\u00e7o aconchegante para toda a fam\u00edlia.<\/p>\n<h2>Principais Considera\u00e7\u00f5es sobre Fachadas de Casas Simples com Varanda<\/h2>\n<ul>\n<li><b>Atemporalidade:<\/b> Fachadas simples t\u00eam um charme duradouro que se adapta a diferentes estilos.<\/li>\n<li><b>Personalidade:<\/b> Varandas refletem o gosto pessoal de seus moradores, seja no minimalismo ou em detalhes exuberantes.<\/li>\n<li><b>Materiais de Qualidade:<\/b> O uso de diferentes texturas e acabamentos pode valorizar ainda mais a est\u00e9tica da casa.<\/li>\n<li><b>Integra\u00e7\u00e3o:<\/b> A varanda proporciona uma transi\u00e7\u00e3o perfeita entre o interior e o exterior do im\u00f3vel.<\/li>\n<li><b>Incorporando Natureza:<\/b> Plantas e jardinagem s\u00e3o aliados no embelezamento da fachada.<\/li>\n<li><b>Ilumina\u00e7\u00e3o:<\/b> A escolha da ilumina\u00e7\u00e3o traz vida \u00e0 fachada, destacando detalhes importantes.<\/li>\n<\/ul>\n<h2>O Charme das Fachadas Simples<\/h2>\n<p>Eu sempre acreditei que a <b>simples fachada de uma casa<\/b> pode ter um impacto incr\u00edvel. Cada im\u00f3vel possui sua pr\u00f3pria ess\u00eancia, e as fachadas simples t\u00eam uma maneira \u00fanica de exibir <b>harmonia<\/b> e <b>simplicidade<\/b>. \u00c9 como se cada parede contasse uma hist\u00f3ria, deixando um rastro de nostalgia pelo caminho.<\/p>\n<p>Quando olho para uma fachada com varanda, sinto uma <b>magnetude especial<\/b>. O design simples pode ser combinado com elementos contempor\u00e2neos sem perder a identidade. Portanto, ao considerar a est\u00e9tica da sua casa, lembre-se: menos \u00e9 mais, e isso pode ser muito mais do que voc\u00ea imagina.<\/p>\n<h2>Varanda: Refletindo a Personalidade dos Moradores<\/h2>\n<h3>Minimalismo versus Destaque<\/h3>\n<figure style=\"width: 1024px\" class=\"wp-caption aligncenter\"><img decoding=\"async\" src=\"https:\/\/www.aarquiteta.com.br\/blog\/wp-content\/uploads\/2024\/09\/fachadas-de-casas-simples-com-varanda01.jpg\" alt=\"8 Fachadas de Casas Simples e Aconchegantes com Varanda\" width=\"1024\" height=\"1024\" title=\"\"><figcaption class=\"wp-caption-text\">8 Fachadas de Casas Simples e Aconchegantes com Varanda<\/figcaption><\/figure>\n<p>Dizem que a primeira impress\u00e3o \u00e9 a que fica, e as varandas s\u00e3o a carta de apresenta\u00e7\u00e3o das casas. Se voc\u00ea optar por um <b>estilo minimalista<\/b>, vai transmitir uma sensa\u00e7\u00e3o de paz e seriedade. Por outro lado, varandas com <b>cores vibrantes<\/b> ou elementos marcantes podem dar um ar jovial e criativo ao im\u00f3vel.<\/p>\n<p>O que voc\u00ea prefere: um espa\u00e7o discreto, onde a natureza reina, ou uma varanda que fa\u00e7a a vizinhan\u00e7a parar e olhar? Aqui, a escolha reflete <b>n\u00e3o s\u00f3 gosto pessoal<\/b>, mas tamb\u00e9m a mensagem que queremos passar. Afinal, a casa \u00e9 um reflexo de quem somos!<\/p>\n<h2>Materiais que Valorizam a Fachada<\/h2>\n<h3>Revestimentos e Texturas<\/h3>\n<figure style=\"width: 1024px\" class=\"wp-caption aligncenter\"><img decoding=\"async\" src=\"https:\/\/www.aarquiteta.com.br\/blog\/wp-content\/uploads\/2024\/09\/fachadas-de-casas-simples-com-varanda-04-730x488.webp\" alt=\"Ou o grande destaque da fachada.\" title=\"\"><figcaption class=\"wp-caption-text\">Ou o grande destaque da fachada.<\/figcaption><\/figure>\n<p>Um dos pontos que considero mais interessantes ao projetar uma fachada \u00e9 a escolha dos materiais. Eles s\u00e3o como <b>pinceladas de um artista<\/b> em uma tela branca. Entre as op\u00e7\u00f5es dispon\u00edveis, temos o cl\u00e1ssico <b>tijolinho<\/b>, que traz um ar r\u00fastico, e o <b>reboco texturizado<\/b>, que garante modernidade.<\/p>\n<p>O uso de <b>madeira<\/b>, mesmo que em detalhes, tamb\u00e9m acrescenta uma beleza singular. Por exemplo, uma varanda com <b>vigas expostas<\/b> n\u00e3o s\u00f3 embeleza, mas traz aconchego. Portanto, ao selecionar os materiais, pense em como cada um deles contribui para a identidade da sua casa.<\/p>\n<h2>Integra\u00e7\u00e3o da Varanda com o Interior<\/h2>\n<h3>Divis\u00f5es Criativas<\/h3>\n<figure style=\"width: 1024px\" class=\"wp-caption aligncenter\"><img decoding=\"async\" src=\"https:\/\/www.aarquiteta.com.br\/blog\/wp-content\/uploads\/2024\/09\/fachada-de-casa-simples-com-varanda-0000.webp\" alt=\"Uma fachada de casa com varanda, independentemente de ser grande ou pequena, moderna ou altamente luxuosa, pode ser devidamente valorizada com materiais simples e de boa qualidade.\" title=\"\"><figcaption class=\"wp-caption-text\">Uma fachada de casa com varanda, independentemente de ser grande ou pequena, moderna ou altamente luxuosa, pode ser devidamente valorizada com materiais simples e de boa qualidade.<\/figcaption><\/figure>\n<p>A varanda n\u00e3o precisa ser um espa\u00e7o isolado. Ela pode se conectar ao interior da casa de forma fluida, como se cri\u00e1ssemos uma extens\u00e3o da sala. Eu sempre sugiro que considerem usar <b>portas de vidro<\/b> ou <b>janelas amplas<\/b>, que literalmente abrem caminho para a luz natural. Isso n\u00e3o s\u00f3 aumenta o espa\u00e7o, mas traz tamb\u00e9m o <b>sentido de liberdade<\/b>.<\/p>\n<p>Al\u00e9m disso, \u00e9 uma \u00f3tima maneira de integrar a natureza ao nosso dia a dia. Uma fachada que conecta a \u00e1rea externa com o interno transforma cada momento em alguns instantes m\u00e1gicos. Imagine um caf\u00e9 da manh\u00e3 no aconchego da varanda, cercado pelo cheiro do orvalho nas plantas! \u00c9 sentir a vida pulsando, n\u00e3o \u00e9 mesmo?<\/p>\n<h2>Plantas: A Natureza como Complemento<\/h2>\n<h3>Jardinagem e Estilo<\/h3>\n<figure style=\"width: 1024px\" class=\"wp-caption aligncenter\"><img decoding=\"async\" src=\"https:\/\/www.aarquiteta.com.br\/blog\/wp-content\/uploads\/2024\/09\/fachadas-de-casas-simples-com-varanda02.jpg\" alt=\"8 Fachadas de Casas Simples e Aconchegantes com Varanda\" width=\"1024\" height=\"1024\" title=\"\"><figcaption class=\"wp-caption-text\">8 Fachadas de Casas Simples e Aconchegantes com Varanda<\/figcaption><\/figure>\n<p>Ao falarmos de fachadas, as plantas s\u00e3o verdadeiros detalhes que trazem vida e frescor ao ambiente. Uma varanda bem cuidada com <b>plantas rasteiras<\/b> pode ser t\u00e3o impactante quanto qualquer elemento arquitet\u00f4nico. Se pensa em criar um <b>mini-jardim<\/b>, n\u00e3o hesite em misturar plantas de diferentes alturas e texturas para dar profundidade.<\/p>\n<p>Al\u00e9m disso, as plantas podem suavizar a dureza do concreto e trazer um certo ar de alegria ao ambiente. Ent\u00e3o, que tal apostar em algumas <b>ervas arom\u00e1ticas<\/b> ou flores coloridas para alegrar o dia a dia? Elas v\u00e3o atrair n\u00e3o s\u00f3 o olhar, mas tamb\u00e9m a presen\u00e7a de beija-flores!<\/p>\n<h2>Ilumina\u00e7\u00e3o e Destaque Arquitet\u00f4nico<\/h2>\n<h3>Avalie a Import\u00e2ncia da Ilumina\u00e7\u00e3o<\/h3>\n<figure style=\"width: 1024px\" class=\"wp-caption aligncenter\"><img decoding=\"async\" src=\"https:\/\/www.aarquiteta.com.br\/blog\/wp-content\/uploads\/2024\/09\/fachadas-de-casas-simples-com-varanda-01-730x730.webp\" alt=\"Uma fachada simples \u00e9 atemporal.\" title=\"\"><figcaption class=\"wp-caption-text\">Uma fachada simples \u00e9 atemporal.<\/figcaption><\/figure>\n<p>Quando o sol se p\u00f5e, sua casa pode se transformar com uma <b>ilumina\u00e7\u00e3o estrat\u00e9gica<\/b>. Uma varanda iluminada n\u00e3o s\u00f3 embeleza, mas amplia as possibilidades de uso noturno. Durante minhas experi\u00eancias, percebi que uma <b>boa ilumina\u00e7\u00e3o<\/b> pode fazer com que uma fachada simples se destaque completamente.<\/p>\n<p>Escolher lanternas e luzes diretas que evidenciam elementos da arquitetura s\u00f3 traz vantagens. Algo que eu sempre recomendo \u00e9 investir em <b>focos de luz<\/b> nas plantas ou na estrutura da varanda. Isso traz um efeito m\u00e1gico e seguro, permitindo que a festa continue bem depois do p\u00f4r do sol!<\/p>\n<h2>Conclus\u00e3o<\/h2>\n<p>Em suma, as fachadas de casas simples com varanda trazem uma beleza inerente que cativa a todos. Ao considerar cada detalhe, desde os materiais at\u00e9 a ilumina\u00e7\u00e3o, voc\u00ea poder\u00e1 criar um belo espa\u00e7o que reflete o estilo de vida desejado. Afinal, a casa deve ser um <b>lar<\/b>, onde cada um se sente acolhido e feliz! Com essa abordagem, sem d\u00favidas momentos inesquec\u00edveis est\u00e3o garantidos.<\/p>\n<p><\/body><br \/>\n<figure style=\"width: 1024px\" class=\"wp-caption aligncenter\"><img decoding=\"async\" src=\"https:\/\/www.aarquiteta.com.br\/blog\/wp-content\/uploads\/2024\/09\/fachadas-de-casas-simples-com-varanda03.jpg\" alt=\"8 Fachadas de Casas Simples e Aconchegantes com Varanda\" width=\"1024\" height=\"1024\" title=\"\"><figcaption class=\"wp-caption-text\">8 Fachadas de Casas Simples e Aconchegantes com Varanda<\/figcaption><\/figure>\n<figure style=\"width: 1024px\" class=\"wp-caption aligncenter\"><img decoding=\"async\" src=\"https:\/\/www.aarquiteta.com.br\/blog\/wp-content\/uploads\/2024\/09\/fachadas-de-casas-simples-com-varanda-02-730x410.webp\" alt=\"A simplicidade acompanha a evolu\u00e7\u00e3o da arquitetura.\" title=\"\"><figcaption class=\"wp-caption-text\">A simplicidade acompanha a evolu\u00e7\u00e3o da arquitetura.<\/figcaption><\/figure>\n<figure style=\"width: 1024px\" class=\"wp-caption aligncenter\"><img decoding=\"async\" src=\"https:\/\/www.aarquiteta.com.br\/blog\/wp-content\/uploads\/2024\/09\/fachadas-de-casas-simples-com-varanda4.jpg\" alt=\"8 Fachadas de Casas Simples e Aconchegantes com Varanda\" width=\"1024\" height=\"1024\" title=\"\"><figcaption class=\"wp-caption-text\">8 Fachadas de Casas Simples e Aconchegantes com Varanda<\/figcaption><\/figure>\n<figure style=\"width: 1024px\" class=\"wp-caption aligncenter\"><img decoding=\"async\" src=\"https:\/\/www.aarquiteta.com.br\/blog\/wp-content\/uploads\/2024\/09\/fachadas-de-casas-simples-com-varanda-03.webp\" alt=\"A varanda pode ser minimalista.\" title=\"\"><figcaption class=\"wp-caption-text\">A varanda pode ser minimalista.<\/figcaption><\/figure>\n<p><iframe title=\"YouTube video player\" src=\"https:\/\/www.youtube.com\/embed\/SMfW0zxfohI\" width=\"560\" height=\"315\" frameborder=\"0\" allowfullscreen=\"allowfullscreen\"><\/iframe><\/p>\n<figure style=\"width: 1024px\" class=\"wp-caption aligncenter\"><img decoding=\"async\" src=\"https:\/\/www.aarquiteta.com.br\/blog\/wp-content\/uploads\/2024\/09\/fachadas-de-casas-simples-com-varanda-05-730x913.webp\" alt=\"A espa\u00e7osa varanda proporciona bons momentos de descanso.\" title=\"\"><figcaption class=\"wp-caption-text\">A espa\u00e7osa varanda proporciona bons momentos de descanso.<\/figcaption><\/figure>\n","protected":false},"excerpt":{"rendered":"<p>Descubra 35 inspira\u00e7\u00f5es de fachadas de casas simples com varanda, que oferecem aconchego e estilo para o seu projeto.<\/p>\n","protected":false},"author":102,"featured_media":131087,"comment_status":"closed","ping_status":"closed","sticky":false,"template":"","format":"standard","meta":{"footnotes":""},"categories":[1507,249],"tags":[],"class_list":["post-131094","post","type-post","status-publish","format-standard","has-post-thumbnail","category-arquitetura","category-engenharia-e-construcao-civil"],"_wp_attached_file":null,"_wp_attachment_metadata":null,"_wp_attachment_context":null,"_wp_attachment_is_custom_header":null,"geo_longitude":null,"geo_public":null,"geo_latitude":null,"_publicize_done_external":null,"_wpas_done_3897181":null,"publicize_twitter_user":null,"_wpas_done_3897175":null,"_wpas_skip_3897181":null,"_wpas_skip_3897175":null,"_wpas_skip_3924723":null,"_wpas_mess":null,"_wpas_done_3924723":null,"wps_subtitle":"","_links":{"self":[{"href":"https:\/\/www.aarquiteta.com.br\/blog\/wp-json\/wp\/v2\/posts\/131094","targetHints":{"allow":["GET"]}}],"collection":[{"href":"https:\/\/www.aarquiteta.com.br\/blog\/wp-json\/wp\/v2\/posts"}],"about":[{"href":"https:\/\/www.aarquiteta.com.br\/blog\/wp-json\/wp\/v2\/types\/post"}],"author":[{"embeddable":true,"href":"https:\/\/www.aarquiteta.com.br\/blog\/wp-json\/wp\/v2\/users\/102"}],"replies":[{"embeddable":true,"href":"https:\/\/www.aarquiteta.com.br\/blog\/wp-json\/wp\/v2\/comments?post=131094"}],"version-history":[{"count":0,"href":"https:\/\/www.aarquiteta.com.br\/blog\/wp-json\/wp\/v2\/posts\/131094\/revisions"}],"wp:featuredmedia":[{"embeddable":true,"href":"https:\/\/www.aarquiteta.com.br\/blog\/wp-json\/wp\/v2\/media\/131087"}],"wp:attachment":[{"href":"https:\/\/www.aarquiteta.com.br\/blog\/wp-json\/wp\/v2\/media?parent=131094"}],"wp:term":[{"taxonomy":"category","embeddable":true,"href":"https:\/\/www.aarquiteta.com.br\/blog\/wp-json\/wp\/v2\/categories?post=131094"},{"taxonomy":"post_tag","embeddable":true,"href":"https:\/\/www.aarquiteta.com.br\/blog\/wp-json\/wp\/v2\/tags?post=131094"}],"curies":[{"name":"wp","href":"https:\/\/api.w.org\/{rel}","templated":true}]}}