{"id":131066,"date":"2024-09-29T17:53:09","date_gmt":"2024-09-29T20:53:09","guid":{"rendered":"https:\/\/www.aarquiteta.com.br\/blog\/prateleira-suspensa\/"},"modified":"2024-09-29T17:57:40","modified_gmt":"2024-09-29T20:57:40","slug":"prateleira-suspensa","status":"publish","type":"post","link":"https:\/\/www.aarquiteta.com.br\/blog\/prateleira-suspensa\/","title":{"rendered":"Prateleira Suspensa: 8 Ideias para Decorar Sua Casa"},"content":{"rendered":"<p>A <a href=\"https:\/\/www.aarquiteta.com.br\/blog\/home-decor\/acessorios-para-decoracao\/prateleiras-e-nichos\/\" class=\"ilj-generated-link\">prateleira<\/a> suspensa \u00e9 uma solu\u00e7\u00e3o pr\u00e1tica e estilosa para otimizar o espa\u00e7o e embelezar a decora\u00e7\u00e3o de qualquer ambiente. Com v\u00e1rias op\u00e7\u00f5es de design e materiais, ela pode ser a pe\u00e7a-chave que faltava na sua casa!<\/p><h2>Introdu\u00e7\u00e3o<\/h2><p>Descubra como a prateleira suspensa pode transformar sua decora\u00e7\u00e3o, economizando espa\u00e7o e adicionando estilo ao ambiente. Neste artigo, apresentaremos modelos, materiais e dicas de uso para voc\u00ea se inspirar!<\/p><h2>1. Vantagens da Prateleira Suspensa<\/h2><h3>1.1. Otimiza\u00e7\u00e3o de Espa\u00e7o<\/h3><p><img decoding=\"async\" src=\"https:\/\/www.aarquiteta.com.br\/blog\/wp-content\/uploads\/2024\/09\/prateleira-suspensa-3-730x730.webp\" alt=\"Uma prateleira suspensa moderna e minimalista.\" title=\"\"><\/p><p>Quando falamos em <b>prateleiras suspensas<\/b>, uma das primeiras vantagens que me vem \u00e0 mente \u00e9 a otimiza\u00e7\u00e3o de espa\u00e7o. Sabe aquele cantinho meio perdido da sala ou aquele espa\u00e7o na <a href=\"https:\/\/www.aarquiteta.com.br\/blog\/decoracao\/ambientes-na-decoracao\/decoracao-de-cozinha\/\">cozinha<\/a> que nunca sabe como usar? Uma prateleira suspensa aparece como uma verdadeira hero\u00edna, n\u00e3o ocupa espa\u00e7o no ch\u00e3o e ainda permite que voc\u00ea coloque objetos que adora \u00e0 vista!<\/p><h3>1.2. Estilo e Eleg\u00e2ncia<\/h3><p>Al\u00e9m de serem funcionais, essas prateleiras trazem um toque de <b>estilo e eleg\u00e2ncia<\/b> ao ambiente. Podem ser encontradas em diversas <a href=\"https:\/\/www.aarquiteta.com.br\/blog\/?s=CORES\">cores<\/a> e materiais, do cl\u00e1ssico ao moderno, ent\u00e3o, com certeza, voc\u00ea vai encontrar um modelo que combine com seu gosto pessoal e a identidade da sua casa!<\/p><h2>2. Modelos de Prateleira Suspensa<\/h2><h3>2.1. Prateleira Retangular<\/h3><p><img decoding=\"async\" src=\"https:\/\/www.aarquiteta.com.br\/blog\/wp-content\/uploads\/2024\/09\/1_prateleira-suspensa-0.webp\" alt=\"Ideias de decora\u00e7\u00e3o com prateleiras suspensas.\" title=\"\"><\/p><p>O modelo mais comum e conhecido \u00e9 a prateleira <b>retangular<\/b>. Ela se encaixa em praticamente qualquer espa\u00e7o e \u00e9 perfeita para suportar desde livros at\u00e9 itens decorativos. \u00c9 como um bom vinho que combina com tudo, sabe?<\/p><h3>2.2. Prateleira Redonda e Criativa<\/h3><p>Mas, se voc\u00ea \u00e9 do tipo que busca inova\u00e7\u00e3o, a <b>prateleira redonda<\/b> pode ser o que voc\u00ea precisa! Com um design mais ousado, ela pode ser um \u00edcone em uma sala. E voc\u00ea, j\u00e1 pensou em como um s\u00f3 objeto pode transformar um ambiente inteiro?<\/p><figure id=\"attachment_126185\" aria-describedby=\"caption-attachment-126185\" style=\"width: 1024px\" class=\"wp-caption alignnone\"><img decoding=\"async\" class=\"size-full wp-image-126185\" src=\"https:\/\/www.aarquiteta.com.br\/blog\/wp-content\/uploads\/2024\/08\/Dicas-para-Usar-Prateleiras-como-Elementos-Decorativos02.jpg\" alt=\"Dicas para Usar Prateleiras como Elementos Decorativos\" width=\"1024\" height=\"1024\" title=\"\"><figcaption id=\"caption-attachment-126185\" class=\"wp-caption-text\">Dicas para Usar Prateleiras como Elementos Decorativos<\/figcaption><\/figure><h2>3. Materiais Utilizados<\/h2><h3>3.1. Madeira<\/h3><p>A <b>madeira<\/b> \u00e9, sem d\u00favida, um dos materiais mais utilizados nessa jornada de design. Tanto pela beleza natural quanto pela resist\u00eancia. Uma prateleira de madeira pode trazer aquela sensa\u00e7\u00e3o de aconchego, ideal para salas e <a href=\"https:\/\/www.aarquiteta.com.br\/blog\/?s=quarto\">quartos<\/a>.<\/p><h3>3.2. Metal e Outros Materiais Inovadores<\/h3><p>Outro material que est\u00e1 super em alta \u00e9 o <b>metal<\/b>. Com um ar moderno e industrial, as prateleiras feitas desse material trazem um charme \u00fanico aos ambientes, ideais para quem adora uma pegada contempor\u00e2nea e descolada!<\/p><figure id=\"attachment_126184\" aria-describedby=\"caption-attachment-126184\" style=\"width: 1024px\" class=\"wp-caption alignnone\"><img decoding=\"async\" class=\"size-full wp-image-126184\" src=\"https:\/\/www.aarquiteta.com.br\/blog\/wp-content\/uploads\/2024\/08\/Dicas-para-Usar-Prateleiras-como-Elementos-Decorativos01.jpg\" alt=\"Dicas para Usar Prateleiras como Elementos Decorativos\" width=\"1024\" height=\"1024\" title=\"\"><figcaption id=\"caption-attachment-126184\" class=\"wp-caption-text\">Dicas para Usar Prateleiras como Elementos Decorativos<\/figcaption><\/figure><h2>4. Como Instalar Prateleiras Suspensas<\/h2><h3>4.1. Suporte Invis\u00edvel<\/h3><p>Vamos falar de instala\u00e7\u00e3o? O suporte <b>invis\u00edvel<\/b> \u00e9 a op\u00e7\u00e3o favorita de muita gente, j\u00e1 que oferece um visual clean e minimalista. Voc\u00ea s\u00f3 v\u00ea a prateleira, como num truque de m\u00e1gica. \u00c9 isso mesmo!<\/p><h3>4.2. Cinto de Couro e Cordas<\/h3><p>Outra alternativa que gosto muito \u00e9 o uso de <b>cintos de couro e cordas<\/b>. Essas op\u00e7\u00f5es d\u00e3o um ar mais r\u00fastico e descontra\u00eddo ao mesmo tempo. J\u00e1 imaginou ter prateleiras que parecem estar flutuando?<\/p><h2>5. Dicas de Decora\u00e7\u00e3o com Prateleiras Suspensas<\/h2><h3>5.1. Uso em Diferentes Ambientes<\/h3><p><img decoding=\"async\" src=\"https:\/\/www.aarquiteta.com.br\/blog\/wp-content\/uploads\/2024\/09\/prateleira-suspensa-1-730x803.webp\" alt=\"Uma prateleira suspensa em formato tradicional.\" title=\"\"><\/p><p>Uma das maiores vantagens dessas prateleiras \u00e9 a sua versatilidade. Elas podem ser utilizadas em <b>diversos ambientes<\/b>, como salas, cozinhas e at\u00e9 banheiros! Olha s\u00f3, o que n\u00e3o falta \u00e9 disposi\u00e7\u00e3o para deixar sua casa ainda mais agrad\u00e1vel!<\/p><h3>5.2. Sugest\u00f5es de Itens para Decorar<\/h3><h3>Para se aprofundar mais sobre o tema, veja a minha recomenda\u00e7\u00e3o sobre o tema deste artigo no v\u00eddeo a seguir abaixo:<\/h3><p><iframe title=\"YouTube video player\" src=\"https:\/\/www.youtube.com\/embed\/oDgNE5JFnuo\" width=\"560\" height=\"315\" frameborder=\"0\" allowfullscreen=\"allowfullscreen\"><\/iframe><\/p><p><b>Decorar<\/b> uma prateleira n\u00e3o \u00e9 apenas empilhar coisas. Use plantas, livros, quadros e at\u00e9 objetos de arte para dar vida e personalidade ao espa\u00e7o. Lembre-se: cada item conta uma hist\u00f3ria, e essa hist\u00f3ria pode ser a sua!<\/p><h2>6. DIY: Fa\u00e7a Sua Prateleira Suspensa<\/h2><h3>6.1. Prateleira de Madeira com Corda<\/h3><p><img decoding=\"async\" src=\"https:\/\/www.aarquiteta.com.br\/blog\/wp-content\/uploads\/2024\/09\/prateleira-suspensa-2-730x548.webp\" alt=\"Prateleira suspensa com uma combina\u00e7\u00e3o de materiais.\" title=\"\"><\/p><p>Se voc\u00ea gosta de um bom <b>fa\u00e7a voc\u00ea mesmo<\/b>, que tal criar uma prateleira de <a href=\"https:\/\/www.aarquiteta.com.br\/blog\/?s=MADEIRA\">madeira<\/a> utilizando cordas? \u00c9 uma maneira divertida de imprimir sua personalidade na decora\u00e7\u00e3o, al\u00e9m de ser uma atividade que pode ser feita em fam\u00edlia!<\/p><h3>6.2. Prateleira com Suporte Invis\u00edvel<\/h3><p>Caso n\u00e3o queira complicar, voc\u00ea pode optar por uma prateleira com <b>suporte invis\u00edvel<\/b>. O processo \u00e9 bem simples, ideal para quem n\u00e3o tem muito tempo, mas deseja um resultado elegante!<\/p><h3>6.3. Prateleira com Cinto de Couro<\/h3><p>Puxa, o que tem de <b>cinto antigo<\/b> guardado? Que tal utiliz\u00e1-lo para fazer uma prateleira suspensa bem estilosa? \u00c9 uma forma de reutilizar e ainda dar um charminho todo especial ao seu lar!<\/p><h2>Conclus\u00e3o<\/h2><p>Ao incorporar prateleiras suspensas na sua decora\u00e7\u00e3o, voc\u00ea aproveita espa\u00e7os de modo eficiente e traz um toque de modernidade ao seu lar. Explore as diferentes op\u00e7\u00f5es e escolha a que melhor reflete seu estilo pessoal!<\/p><p>&nbsp;<\/p>","protected":false},"excerpt":{"rendered":"<p>Descubra 55 ideias incr\u00edveis de prateleiras suspensas que v\u00e3o transformar a decora\u00e7\u00e3o da sua casa! Facilite a organiza\u00e7\u00e3o e embeleze seu espa\u00e7o.<\/p>\n","protected":false},"author":102,"featured_media":126187,"comment_status":"closed","ping_status":"closed","sticky":false,"template":"","format":"standard","meta":{"footnotes":""},"categories":[1484],"tags":[],"class_list":["post-131066","post","type-post","status-publish","format-standard","has-post-thumbnail","category-decoracao"],"_wp_attached_file":null,"_wp_attachment_metadata":null,"_wp_attachment_context":null,"_wp_attachment_is_custom_header":null,"geo_longitude":null,"geo_public":null,"geo_latitude":null,"_publicize_done_external":null,"_wpas_done_3897181":null,"publicize_twitter_user":null,"_wpas_done_3897175":null,"_wpas_skip_3897181":null,"_wpas_skip_3897175":null,"_wpas_skip_3924723":null,"_wpas_mess":null,"_wpas_done_3924723":null,"wps_subtitle":"","_links":{"self":[{"href":"https:\/\/www.aarquiteta.com.br\/blog\/wp-json\/wp\/v2\/posts\/131066","targetHints":{"allow":["GET"]}}],"collection":[{"href":"https:\/\/www.aarquiteta.com.br\/blog\/wp-json\/wp\/v2\/posts"}],"about":[{"href":"https:\/\/www.aarquiteta.com.br\/blog\/wp-json\/wp\/v2\/types\/post"}],"author":[{"embeddable":true,"href":"https:\/\/www.aarquiteta.com.br\/blog\/wp-json\/wp\/v2\/users\/102"}],"replies":[{"embeddable":true,"href":"https:\/\/www.aarquiteta.com.br\/blog\/wp-json\/wp\/v2\/comments?post=131066"}],"version-history":[{"count":0,"href":"https:\/\/www.aarquiteta.com.br\/blog\/wp-json\/wp\/v2\/posts\/131066\/revisions"}],"wp:featuredmedia":[{"embeddable":true,"href":"https:\/\/www.aarquiteta.com.br\/blog\/wp-json\/wp\/v2\/media\/126187"}],"wp:attachment":[{"href":"https:\/\/www.aarquiteta.com.br\/blog\/wp-json\/wp\/v2\/media?parent=131066"}],"wp:term":[{"taxonomy":"category","embeddable":true,"href":"https:\/\/www.aarquiteta.com.br\/blog\/wp-json\/wp\/v2\/categories?post=131066"},{"taxonomy":"post_tag","embeddable":true,"href":"https:\/\/www.aarquiteta.com.br\/blog\/wp-json\/wp\/v2\/tags?post=131066"}],"curies":[{"name":"wp","href":"https:\/\/api.w.org\/{rel}","templated":true}]}}