{"id":131035,"date":"2024-09-29T15:16:25","date_gmt":"2024-09-29T18:16:25","guid":{"rendered":"https:\/\/www.aarquiteta.com.br\/blog\/granito-preto-sao-gabriel\/"},"modified":"2024-09-29T15:16:25","modified_gmt":"2024-09-29T18:16:25","slug":"granito-preto-sao-gabriel","status":"publish","type":"post","link":"https:\/\/www.aarquiteta.com.br\/blog\/granito-preto-sao-gabriel\/","title":{"rendered":"Dicas para usar granito preto na decora\u00e7\u00e3o"},"content":{"rendered":"<p><body><\/p>\n<p>Descubra como o granito preto S\u00e3o Gabriel pode transformar seu espa\u00e7o com sua beleza, resist\u00eancia e versatilidade, ideal para qualquer projeto de decora\u00e7\u00e3o.<\/p>\n<h2>Introdu\u00e7\u00e3o<\/h2>\n<p>O granito preto S\u00e3o Gabriel \u00e9, sem d\u00favida, uma escolha de peso quando falamos de decora\u00e7\u00e3o. Ele combina eleg\u00e2ncia com uma pitada de <b>funcionalidade<\/b>, criando ambientes que, ao mesmo tempo, s\u00e3o modernos e aconchegantes, como um abra\u00e7o apertado em um dia frio.<\/p>\n<h2>O que \u00e9 o Granito Preto S\u00e3o Gabriel?<\/h2>\n<p>O granito preto S\u00e3o Gabriel n\u00e3o \u00e9 apenas uma pedra qualquer; \u00e9 uma <b>joia natural<\/b> que vem do solo brasileiro. Essa pedra \u00e9 caracterizada pela sua beleza inconfund\u00edvel e resist\u00eancia admir\u00e1vel. Voc\u00ea sabia que essa rocha \u00edgnea \u00e9 uma favorita entre arquitetos e designers de interiores? \u00c9 isso mesmo! Ela se adapta a tantos estilos de decora\u00e7\u00e3o que parece ter sa\u00eddo de um conto de fadas.<\/p>\n<h2>Vantagens do Granito Preto S\u00e3o Gabriel<\/h2>\n<h3>Durabilidade e Estabilidade<\/h3>\n<p>Um dos maiores trunfos do granite preto S\u00e3o Gabriel \u00e9, sem d\u00favida, sua <b>durabilidade<\/b>. Imagine ter um material que resiste \u00e0s altas temperaturas e \u00e0s mudan\u00e7as de clima! Ele \u00e9 perfeito para aquelas festas de fim de semana, onde podem ocorrer desde churrascos com amigos at\u00e9 banquetes familiares. Al\u00e9m disso, a cor escura se mant\u00e9m vibrante por muitos anos, como um bom vinho &#8211; s\u00f3 melhora com o tempo!<\/p>\n<h3>Versatilidade na Decora\u00e7\u00e3o<\/h3>\n<figure style=\"width: 1024px\" class=\"wp-caption aligncenter\"><img decoding=\"async\" src=\"https:\/\/www.aarquiteta.com.br\/blog\/wp-content\/uploads\/2024\/09\/granito-preto-sao-gabriel01.jpg\" alt=\"Dicas para usar granito preto na decora\u00e7\u00e3o\" width=\"1024\" height=\"1024\" title=\"\"><figcaption class=\"wp-caption-text\">Dicas para usar granito preto na decora\u00e7\u00e3o<\/figcaption><\/figure>\n<p>Quando penso no granito preto S\u00e3o Gabriel, a palavra <b>versatilidade<\/b> n\u00e3o sai da minha cabe\u00e7a. Ele \u00e9 um verdadeiro camale\u00e3o! Pode estar presente em cozinhas, banheiros, \u00e1reas gourmet, pias ou at\u00e9 mesmo como revestimento de paredes. Deixe sua criatividade fluir; esse granito combina com quase tudo. J\u00e1 imaginou uma cozinha que \u00e9 um verdadeiro espet\u00e1culo? O granito pode ajudar com isso.<\/p>\n<h2>Como Escolher o Granito Preto S\u00e3o Gabriel<\/h2>\n<p>Escolher o granito certo pode parecer uma tarefa \u00e1rdua, mas \u00e9 bem mais f\u00e1cil do que se imagina. Se voc\u00ea prefere um aspecto mais brilhante, a <b>tonalidade polida<\/b> \u00e9 a sua melhor amiga. Por\u00e9m, se o seu cora\u00e7\u00e3o bate mais forte pelo design moderno, voc\u00ea pode optar pela <b>textura escovada<\/b>, que d\u00e1 um toque sofisticado, ideal para \u00e1reas gourmet. Lembre-se, sua escolha deve refletir a sua personalidade!<\/p>\n<h2>Inspira\u00e7\u00f5es de Uso do Granito Preto S\u00e3o Gabriel<\/h2>\n<p>Vamos falar de criatividade? Que tal 15 maneiras de usar o granito preto S\u00e3o Gabriel na sua decora\u00e7\u00e3o? Prepare-se para se inspirar, pois esse material \u00e9 como uma paleta de cores esperando para ser desbravada!<\/p>\n<h3>1. Bancadas de Cozinha<\/h3>\n<figure style=\"width: 1024px\" class=\"wp-caption aligncenter\"><img decoding=\"async\" src=\"https:\/\/www.aarquiteta.com.br\/blog\/wp-content\/uploads\/2024\/09\/granito-preto-sao-gabriel-0007.webp\" alt=\"Arquiteta BRUNA PAGNONCELLI\" title=\"\"><figcaption class=\"wp-caption-text\">Arquiteta BRUNA PAGNONCELLI<\/figcaption><\/figure>\n<p>Imagine preparar seus pratos favoritos sobre uma bancada que n\u00e3o s\u00f3 \u00e9 linda, mas tamb\u00e9m <b>resistente<\/b>. O granito \u00e9 perfeito para isso.<\/p>\n<h3>2. Lavabos Luxuosos<\/h3>\n<figure style=\"width: 1024px\" class=\"wp-caption aligncenter\"><img decoding=\"async\" src=\"https:\/\/www.aarquiteta.com.br\/blog\/wp-content\/uploads\/2024\/09\/granito-preto-sao-gabriel02.jpg\" alt=\"Dicas para usar granito preto na decora\u00e7\u00e3o\" width=\"1024\" height=\"1024\" title=\"\"><figcaption class=\"wp-caption-text\">Dicas para usar granito preto na decora\u00e7\u00e3o<\/figcaption><\/figure>\n<p>Transforme seu lavabo em um espa\u00e7o chic e convidativo com o uso do granito preto. Ele d\u00e1 um ar de sofistica\u00e7\u00e3o instant\u00e2nea.<\/p>\n<h3>3. Mesas de Jantar<\/h3>\n<figure style=\"width: 1024px\" class=\"wp-caption aligncenter\"><img decoding=\"async\" src=\"https:\/\/www.aarquiteta.com.br\/blog\/wp-content\/uploads\/2024\/09\/granito-preto-sao-gabriel-2-730x449.webp\" alt=\"Casa do M\u00e1rmore\" title=\"\"><figcaption class=\"wp-caption-text\">Casa do M\u00e1rmore<\/figcaption><\/figure>\n<p>Uma mesa de jantar com tampo de granito \u00e9 um convite \u00e0 boas conversas e risadas. Aproxima as pessoas!<\/p>\n<h3>4. Escadas Elegantes<\/h3>\n<figure style=\"width: 1024px\" class=\"wp-caption aligncenter\"><img decoding=\"async\" src=\"https:\/\/www.aarquiteta.com.br\/blog\/wp-content\/uploads\/2024\/09\/granito-preto-sao-gabriel03.jpg\" alt=\"Dicas para usar granito preto na decora\u00e7\u00e3o\" width=\"1024\" height=\"1024\" title=\"\"><figcaption class=\"wp-caption-text\">Dicas para usar granito preto na decora\u00e7\u00e3o<\/figcaption><\/figure>\n<p>As escadas podem ganhar destaque se revestidas com granito. Elas se tornam a <b>estrela<\/b> da casa.<\/p>\n<h3>5. M\u00f3veis Planejados<\/h3>\n<figure style=\"width: 1024px\" class=\"wp-caption aligncenter\"><img decoding=\"async\" src=\"https:\/\/www.aarquiteta.com.br\/blog\/wp-content\/uploads\/2024\/09\/granito-marrom-absoluto-destacada-286x160.webp\" alt=\"Granito marrom absoluto na decora\u00e7\u00e3o \u00e9 sucesso garantido\" title=\"\"><figcaption class=\"wp-caption-text\">Granito marrom absoluto na decora\u00e7\u00e3o \u00e9 sucesso garantido<\/figcaption><\/figure>\n<p>Que tal integrar o granito a essa estrutura? Ele pode ser a cereja do bolo.<\/p>\n<h3>6. Pain\u00e9is Decorativos<\/h3>\n<figure style=\"width: 1024px\" class=\"wp-caption aligncenter\"><img decoding=\"async\" src=\"https:\/\/www.aarquiteta.com.br\/blog\/wp-content\/uploads\/2024\/09\/granito-preto-sao-gabriel4.jpg\" alt=\"Dicas para usar granito preto na decora\u00e7\u00e3o\" width=\"1024\" height=\"1024\" title=\"\"><figcaption class=\"wp-caption-text\">Dicas para usar granito preto na decora\u00e7\u00e3o<\/figcaption><\/figure>\n<p>Use o granito em pain\u00e9is de parede e veja sua casa ganhar vida. Ele se torna um ponto focal e um tema de conversa.<\/p>\n<h3>7. Pias de Banheiro<\/h3>\n<figure style=\"width: 1024px\" class=\"wp-caption aligncenter\"><img decoding=\"async\" src=\"https:\/\/www.aarquiteta.com.br\/blog\/wp-content\/uploads\/2024\/09\/bancada-de-granito-capa-286x160.webp\" alt=\"Bancada de granito: custos e dicas para usar na sua casa\" title=\"\"><figcaption class=\"wp-caption-text\">Bancada de granito: custos e dicas para usar na sua casa<\/figcaption><\/figure>\n<p>Substitua aquelas pias comuns por modelos em granito. A durabilidade e a beleza s\u00e3o pontos a favor!<\/p>\n<h3>8. Revestimentos Externos<\/h3>\n<p><iframe title=\"YouTube video player\" src=\"https:\/\/www.youtube.com\/embed\/KdPqqb3ARHE\" width=\"560\" height=\"315\" frameborder=\"0\" allowfullscreen=\"allowfullscreen\"><\/iframe><\/p>\n<p>O clima pode ser desafiador, mas o granito \u00e9 um lutador incans\u00e1vel. Ele resiste bem \u00e0s intemp\u00e9ries.<\/p>\n<h3>9. Churrasqueiras<\/h3>\n<figure style=\"width: 1024px\" class=\"wp-caption aligncenter\"><img decoding=\"async\" src=\"https:\/\/www.aarquiteta.com.br\/blog\/wp-content\/uploads\/2024\/09\/granito-cinza-00-286x160.jpg\" alt=\"Dicas de arquitetas e 80 formas de usar o granito cinza na sua casa\" title=\"\"><figcaption class=\"wp-caption-text\">Dicas de arquitetas e 80 formas de usar o granito cinza na sua casa<\/figcaption><\/figure>\n<p>Uma \u00e1rea gourmet precisa de algo especial, e o granito \u00e9 perfeito para dar aquele brilho.<\/p>\n<h3>10. Mesas de Centro<\/h3>\n<figure style=\"width: 1024px\" class=\"wp-caption aligncenter\"><img decoding=\"async\" src=\"https:\/\/www.aarquiteta.com.br\/blog\/wp-content\/uploads\/2024\/09\/granito-preto-sao-gabriel-3.webp\" alt=\"Poligran M\u00e1rmores e Granitos\" title=\"\"><figcaption class=\"wp-caption-text\">Poligran M\u00e1rmores e Granitos<\/figcaption><\/figure>\n<p>Um toque de granito nas mesas de centro? \u00c9 sucesso garantido. Fica lindo e \u00e9 pr\u00e1tico.<\/p>\n<h2>D\u00favidas Comuns sobre Granito Preto S\u00e3o Gabriel<\/h2>\n<p>\u00c9 natural ter algumas perguntas sobre o uso e manuten\u00e7\u00e3o do granito preto S\u00e3o Gabriel. Aqui est\u00e3o algumas dicas que podem ajudar:<\/p>\n<ul>\n<li><b>Como limpar?<\/b> Utilize apenas \u00e1gua e sab\u00e3o neutro para manter o brilho.<\/li>\n<li><b>\u00c9 resistente a manchas?<\/b> Sim, com a devida impermeabiliza\u00e7\u00e3o, o granito se torna ainda mais dur\u00e1vel.<\/li>\n<li><b>Pode ser usado em \u00e1reas externas?<\/b> Sem d\u00favida! O granito \u00e9 excelente para \u00e1reas externas.<\/li>\n<\/ul>\n<h2>Conclus\u00e3o<\/h2>\n<p>Com as dicas e informa\u00e7\u00f5es acima, voc\u00ea est\u00e1 pronto para usar o granito preto S\u00e3o Gabriel em seu projeto decorativo. Este material n\u00e3o s\u00f3 traz sofistica\u00e7\u00e3o, como tamb\u00e9m garante um ambiente dur\u00e1vel e estiloso. Agora \u00e9 sua vez de dar aquele brilho na sua decora\u00e7\u00e3o!<\/p>\n<p><\/body><\/p>\n","protected":false},"excerpt":{"rendered":"<p>Descubra as vantagens e aplica\u00e7\u00f5es do granito preto S\u00e3o Gabriel na decora\u00e7\u00e3o de ambientes, garantindo eleg\u00e2ncia e funcionalidade.<\/p>\n","protected":false},"author":102,"featured_media":131028,"comment_status":"closed","ping_status":"closed","sticky":false,"template":"","format":"standard","meta":{"footnotes":""},"categories":[1507,249],"tags":[],"class_list":["post-131035","post","type-post","status-publish","format-standard","has-post-thumbnail","category-arquitetura","category-engenharia-e-construcao-civil"],"_wp_attached_file":null,"_wp_attachment_metadata":null,"_wp_attachment_context":null,"_wp_attachment_is_custom_header":null,"geo_longitude":null,"geo_public":null,"geo_latitude":null,"_publicize_done_external":null,"_wpas_done_3897181":null,"publicize_twitter_user":null,"_wpas_done_3897175":null,"_wpas_skip_3897181":null,"_wpas_skip_3897175":null,"_wpas_skip_3924723":null,"_wpas_mess":null,"_wpas_done_3924723":null,"wps_subtitle":"","_links":{"self":[{"href":"https:\/\/www.aarquiteta.com.br\/blog\/wp-json\/wp\/v2\/posts\/131035","targetHints":{"allow":["GET"]}}],"collection":[{"href":"https:\/\/www.aarquiteta.com.br\/blog\/wp-json\/wp\/v2\/posts"}],"about":[{"href":"https:\/\/www.aarquiteta.com.br\/blog\/wp-json\/wp\/v2\/types\/post"}],"author":[{"embeddable":true,"href":"https:\/\/www.aarquiteta.com.br\/blog\/wp-json\/wp\/v2\/users\/102"}],"replies":[{"embeddable":true,"href":"https:\/\/www.aarquiteta.com.br\/blog\/wp-json\/wp\/v2\/comments?post=131035"}],"version-history":[{"count":0,"href":"https:\/\/www.aarquiteta.com.br\/blog\/wp-json\/wp\/v2\/posts\/131035\/revisions"}],"wp:featuredmedia":[{"embeddable":true,"href":"https:\/\/www.aarquiteta.com.br\/blog\/wp-json\/wp\/v2\/media\/131028"}],"wp:attachment":[{"href":"https:\/\/www.aarquiteta.com.br\/blog\/wp-json\/wp\/v2\/media?parent=131035"}],"wp:term":[{"taxonomy":"category","embeddable":true,"href":"https:\/\/www.aarquiteta.com.br\/blog\/wp-json\/wp\/v2\/categories?post=131035"},{"taxonomy":"post_tag","embeddable":true,"href":"https:\/\/www.aarquiteta.com.br\/blog\/wp-json\/wp\/v2\/tags?post=131035"}],"curies":[{"name":"wp","href":"https:\/\/api.w.org\/{rel}","templated":true}]}}