{"id":130883,"date":"2024-09-28T12:28:01","date_gmt":"2024-09-28T15:28:01","guid":{"rendered":"https:\/\/www.aarquiteta.com.br\/blog\/cores-primarias\/"},"modified":"2024-09-28T12:28:01","modified_gmt":"2024-09-28T15:28:01","slug":"cores-primarias","status":"publish","type":"post","link":"https:\/\/www.aarquiteta.com.br\/blog\/cores-primarias\/","title":{"rendered":"Cores prim\u00e1rias: a tr\u00edade perfeita para sua decora\u00e7\u00e3o"},"content":{"rendered":"<p>As <b>cores prim\u00e1rias<\/b> &#8211; azul, vermelho e amarelo &#8211; s\u00e3o a ess\u00eancia da decora\u00e7\u00e3o, pois formam a base de todas as outras tonalidades, oferecendo combina\u00e7\u00f5es vibrantes que transmitem diferentes sensa\u00e7\u00f5es e estilos \u00fanicos em qualquer ambiente.<\/p>\n<h2>Introdu\u00e7\u00e3o<\/h2>\n<p>Quando penso em decora\u00e7\u00e3o, a primeira coisa que vem \u00e0 cabe\u00e7a \u00e9 como as <b>cores<\/b> t\u00eam o poder de transformar um espa\u00e7o. Entender as cores prim\u00e1rias e suas aplica\u00e7\u00f5es \u00e9 fundamental para criar ambientes harm\u00f4nicos e personalizados. Neste artigo, vou explorar o conceito de cores e como combin\u00e1-las para dar vida a qualquer ambiente.<\/p>\n<h2>O que s\u00e3o as cores prim\u00e1rias?<\/h2>\n<p>As <b>cores prim\u00e1rias<\/b> s\u00e3o aquelas que n\u00e3o podem ser criadas a partir da mistura de outras cores. No meu trabalho, utilizo o <b>azul<\/b>, <b>vermelho<\/b> e <b>amarelo<\/b> como o trio essencial. Juntas, elas formam a base do <b>c\u00edrculo crom\u00e1tico<\/b> e quando misturadas, geram uma infinidade de outras tonalidades.<\/p>\n<h2>Cores secund\u00e1rias e terci\u00e1rias<\/h2>\n<h3>Cores secund\u00e1rias<\/h3>\n<p>As <b>cores secund\u00e1rias<\/b> surgem da mistura das cores prim\u00e1rias em propor\u00e7\u00f5es iguais. Para exemplificar, quando misturo o <b>amarelo<\/b> com o <b>vermelho<\/b>, obtenho o <b>laranja<\/b>; o <b>azul<\/b> com o <b>amarelo<\/b> forma o <b>verde<\/b>; e por fim, o <b>vermelho<\/b> e o <b>azul<\/b> se transformam em <b>roxo<\/b>. Esse leque de cores traz riqueza e possibilidades ao design de interiores.<\/p>\n<h3>Cores terci\u00e1rias<\/h3>\n<figure style=\"width: 1024px\" class=\"wp-caption aligncenter\"><img decoding=\"async\" src=\"https:\/\/www.aarquiteta.com.br\/blog\/wp-content\/uploads\/2024\/09\/cores-primarias01.jpg\" alt=\"Cores prim\u00e1rias: a tr\u00edade perfeita para sua decora\u00e7\u00e3o\" width=\"1024\" height=\"1024\" title=\"\"><figcaption class=\"wp-caption-text\">Cores prim\u00e1rias: a tr\u00edade perfeita para sua decora\u00e7\u00e3o<\/figcaption><\/figure>\n<p>Como um arquiteto, sempre busco ampliar a paleta de cores utilizando as <b>cores terci\u00e1rias<\/b>, que resultam da mistura de uma cor prim\u00e1ria com uma secund\u00e1ria. Isso gera tons sofisticados como <b>vermelho-arroxeado<\/b> ou <b>amarelo-esverdeado<\/b>, que adicionam complexidade e personalidade aos projetos.<\/p>\n<h2>Cores neutras<\/h2>\n<p>Enquanto as cores prim\u00e1rias vibram com intensidade, as <b>cores neutras<\/b> &#8211; <b>branco<\/b>, <b>preto<\/b> e <b>cinza<\/b> &#8211; proporcionam equil\u00edbrio. Elas atuam como pano de fundo para as tonalidades mais vibrantes, permitindo que a decora\u00e7\u00e3o se destaque sem sobrecarregar o ambiente.<\/p>\n<h2>Usando o c\u00edrculo crom\u00e1tico na decora\u00e7\u00e3o<\/h2>\n<p>Eu sempre recomendo utilizar o <b>c\u00edrculo crom\u00e1tico<\/b> como uma ferramenta valiosa na hora de planejar a paleta de um ambiente. Ele ajuda a entender as rela\u00e7\u00f5es entre as cores e a escolher combina\u00e7\u00f5es que tragam harmonia e unidade.<\/p>\n<h3>Combina\u00e7\u00f5es de cores<\/h3>\n<figure style=\"width: 1024px\" class=\"wp-caption aligncenter\"><img decoding=\"async\" src=\"https:\/\/www.aarquiteta.com.br\/blog\/wp-content\/uploads\/2024\/09\/cores-primarias-41.png\" alt=\"Foto de cores primarias 41 - 1\" title=\"\"><figcaption class=\"wp-caption-text\">Foto de cores primarias 41 &#8211; 1<\/figcaption><\/figure>\n<ul>\n<li><b>Monocrom\u00e1tica:<\/b> utiliza varia\u00e7\u00f5es de uma \u00fanica cor, criando um efeito elegante e sereno.<\/li>\n<li><b>An\u00e1logas:<\/b> combina cores que est\u00e3o lado a lado no c\u00edrculo, como amarelo, laranja e vermelho, que promovem uma sensa\u00e7\u00e3o de aconchego.<\/li>\n<li><b>Complementares:<\/b> usam cores opostas no c\u00edrculo, proporcionando um contraste vibrante e din\u00e2mico.<\/li>\n<li><b>Tr\u00edade:<\/b> combina tr\u00eas cores equidistantes, resultando em um ambiente cheio de personalidade e vitalidade.<\/li>\n<\/ul>\n<h2>Como aplicar as cores prim\u00e1rias na decora\u00e7\u00e3o<\/h2>\n<p>Ao aplicar as <b>cores prim\u00e1rias<\/b> em projetos de decora\u00e7\u00e3o, \u00e9 crucial encontrar o equil\u00edbrio. Posso sugerir que usemos vermelho e amarelo em detalhes, mantendo o azul como uma cor de fundo, dando vida e dinamismo ao espa\u00e7o. Isso pode funcionar em ambientes como salas de estar, cozinhas ou at\u00e9 mesmo banheiros.<\/p>\n<h3>Ambientes infantis<\/h3>\n<figure style=\"width: 1024px\" class=\"wp-caption aligncenter\"><img decoding=\"async\" src=\"https:\/\/www.aarquiteta.com.br\/blog\/wp-content\/uploads\/2024\/09\/cores-primarias02.jpg\" alt=\"Cores prim\u00e1rias: a tr\u00edade perfeita para sua decora\u00e7\u00e3o\" width=\"1024\" height=\"1024\" title=\"\"><figcaption class=\"wp-caption-text\">Cores prim\u00e1rias: a tr\u00edade perfeita para sua decora\u00e7\u00e3o<\/figcaption><\/figure>\n<p>Acho fascinante como as <b>cores prim\u00e1rias<\/b> podem se destacar em espa\u00e7os infantis. Um quarto colorido e alegre, onde azul, vermelho e amarelo se conectam, d\u00e1 um toque l\u00fadico e divertido, perfeito para estimular a criatividade das crian\u00e7as.<\/p>\n<h3>Ambientes adultos<\/h3>\n<figure style=\"width: 1024px\" class=\"wp-caption aligncenter\"><img decoding=\"async\" src=\"https:\/\/www.aarquiteta.com.br\/blog\/wp-content\/uploads\/2024\/09\/cores-para-sala-pequena-00-1-286x160.webp\" alt=\"Foto de cores para sala pequena 00 1 - 2\" title=\"\"><figcaption class=\"wp-caption-text\">Foto de cores para sala pequena 00 1 &#8211; 2<\/figcaption><\/figure>\n<p>Mas n\u00e3o pense que as <b>cores prim\u00e1rias<\/b> n\u00e3o t\u00eam seu lugar em ambientes mais sofisticados! Um <b>espa\u00e7o adulto<\/b> pode muito bem incorporar essas cores de forma sutil. Imagine-se relaxando em uma sala onde o azul reina nas paredes, enquanto detalhes em vermelho e amarelo nas almofadas conferem um charme vibrante.<\/p>\n<h3>Detalhes que fazem a diferen\u00e7a<\/h3>\n<figure style=\"width: 1024px\" class=\"wp-caption aligncenter\"><img decoding=\"async\" src=\"https:\/\/www.aarquiteta.com.br\/blog\/wp-content\/uploads\/2024\/09\/cores-primarias03.jpg\" alt=\"Cores prim\u00e1rias: a tr\u00edade perfeita para sua decora\u00e7\u00e3o\" width=\"1024\" height=\"1024\" title=\"\"><figcaption class=\"wp-caption-text\">Cores prim\u00e1rias: a tr\u00edade perfeita para sua decora\u00e7\u00e3o<\/figcaption><\/figure>\n<p>Detalhes s\u00e3o muito importantes! Um quadro vibrante, almofadas ou at\u00e9 mesmo uma pe\u00e7a de mobili\u00e1rio que brinque com as <b>cores prim\u00e1rias<\/b> pode fazer toda a diferen\u00e7a em um projeto. N\u00e3o tenha medo de soltar a criatividade!<\/p>\n<h2>Conclus\u00e3o<\/h2>\n<p>Entender e utilizar as <b>cores prim\u00e1rias<\/b> na decora\u00e7\u00e3o \u00e9 uma maneira inteligente de adicionar personalidade e estilo ao seu espa\u00e7o. Se voc\u00ea aprender a combin\u00e1-las com sabedoria, ter\u00e1 em m\u00e3os a chave para transformar qualquer ambiente em um lugar \u00fanico, vibrante e harmonioso. Afinal, a vida \u00e9 muito curta para viver em ambientes sem cor!<\/p>\n<figure style=\"width: 1024px\" class=\"wp-caption aligncenter\"><img decoding=\"async\" src=\"https:\/\/www.aarquiteta.com.br\/blog\/wp-content\/uploads\/2024\/09\/cores-para-quarto-de-casal-0000-286x160.png\" alt=\"Foto de cores para quarto de casal 0000 - 3\" title=\"\"><figcaption class=\"wp-caption-text\">Foto de cores para quarto de casal 0000 &#8211; 3<\/figcaption><\/figure>\n<figure style=\"width: 1024px\" class=\"wp-caption aligncenter\"><img decoding=\"async\" src=\"https:\/\/www.aarquiteta.com.br\/blog\/wp-content\/uploads\/2024\/09\/cores-primarias4.jpg\" alt=\"Cores prim\u00e1rias: a tr\u00edade perfeita para sua decora\u00e7\u00e3o\" width=\"1024\" height=\"1024\" title=\"\"><figcaption class=\"wp-caption-text\">Cores prim\u00e1rias: a tr\u00edade perfeita para sua decora\u00e7\u00e3o<\/figcaption><\/figure>\n<figure style=\"width: 1024px\" class=\"wp-caption aligncenter\"><img decoding=\"async\" src=\"https:\/\/www.aarquiteta.com.br\/blog\/wp-content\/uploads\/2024\/09\/cores-para-casa-00-286x160.jpg\" alt=\"Foto de cores para casa 00 - 4\" title=\"\"><figcaption class=\"wp-caption-text\">Foto de cores para casa 00 &#8211; 4<\/figcaption><\/figure>\n<h3>Para se aprofundar mais sobre o tema, veja a minha recomenda\u00e7\u00e3o sobre o tema deste artigo no v\u00eddeo a seguir abaixo:<\/h3>\n<p><iframe title=\"YouTube video player\" src=\"https:\/\/www.youtube.com\/embed\/d0M2XSjCp5c\" width=\"560\" height=\"315\" frameborder=\"0\" allowfullscreen=\"allowfullscreen\"><\/iframe><\/p>\n<figure style=\"width: 1024px\" class=\"wp-caption aligncenter\"><img decoding=\"async\" src=\"https:\/\/www.aarquiteta.com.br\/blog\/wp-content\/uploads\/2024\/09\/cores-primarias-42-730x552.png\" alt=\"Foto de cores primarias 42 - 5\" title=\"\"><figcaption class=\"wp-caption-text\">Foto de cores primarias 42 &#8211; 5<\/figcaption><\/figure>\n<figure style=\"width: 1024px\" class=\"wp-caption aligncenter\"><img decoding=\"async\" src=\"https:\/\/www.aarquiteta.com.br\/blog\/wp-content\/uploads\/2024\/09\/cores-primarias-001.jpg\" alt=\"Foto de cores primarias 001 - 6\" title=\"\"><figcaption class=\"wp-caption-text\">Foto de cores primarias 001 &#8211; 6<\/figcaption><\/figure>\n","protected":false},"excerpt":{"rendered":"<p>Aprenda como usar as cores prim\u00e1rias para criar ambientes criativos e cheios de personalidade na decora\u00e7\u00e3o da sua casa.<\/p>\n","protected":false},"author":102,"featured_media":130876,"comment_status":"closed","ping_status":"closed","sticky":false,"template":"","format":"standard","meta":{"footnotes":""},"categories":[1484],"tags":[],"class_list":["post-130883","post","type-post","status-publish","format-standard","has-post-thumbnail","category-decoracao"],"_wp_attached_file":null,"_wp_attachment_metadata":null,"_wp_attachment_context":null,"_wp_attachment_is_custom_header":null,"geo_longitude":null,"geo_public":null,"geo_latitude":null,"_publicize_done_external":null,"_wpas_done_3897181":null,"publicize_twitter_user":null,"_wpas_done_3897175":null,"_wpas_skip_3897181":null,"_wpas_skip_3897175":null,"_wpas_skip_3924723":null,"_wpas_mess":null,"_wpas_done_3924723":null,"wps_subtitle":"","_links":{"self":[{"href":"https:\/\/www.aarquiteta.com.br\/blog\/wp-json\/wp\/v2\/posts\/130883","targetHints":{"allow":["GET"]}}],"collection":[{"href":"https:\/\/www.aarquiteta.com.br\/blog\/wp-json\/wp\/v2\/posts"}],"about":[{"href":"https:\/\/www.aarquiteta.com.br\/blog\/wp-json\/wp\/v2\/types\/post"}],"author":[{"embeddable":true,"href":"https:\/\/www.aarquiteta.com.br\/blog\/wp-json\/wp\/v2\/users\/102"}],"replies":[{"embeddable":true,"href":"https:\/\/www.aarquiteta.com.br\/blog\/wp-json\/wp\/v2\/comments?post=130883"}],"version-history":[{"count":0,"href":"https:\/\/www.aarquiteta.com.br\/blog\/wp-json\/wp\/v2\/posts\/130883\/revisions"}],"wp:featuredmedia":[{"embeddable":true,"href":"https:\/\/www.aarquiteta.com.br\/blog\/wp-json\/wp\/v2\/media\/130876"}],"wp:attachment":[{"href":"https:\/\/www.aarquiteta.com.br\/blog\/wp-json\/wp\/v2\/media?parent=130883"}],"wp:term":[{"taxonomy":"category","embeddable":true,"href":"https:\/\/www.aarquiteta.com.br\/blog\/wp-json\/wp\/v2\/categories?post=130883"},{"taxonomy":"post_tag","embeddable":true,"href":"https:\/\/www.aarquiteta.com.br\/blog\/wp-json\/wp\/v2\/tags?post=130883"}],"curies":[{"name":"wp","href":"https:\/\/api.w.org\/{rel}","templated":true}]}}