{"id":130788,"date":"2024-09-27T08:25:38","date_gmt":"2024-09-27T11:25:38","guid":{"rendered":"https:\/\/www.aarquiteta.com.br\/blog\/cor-caramelo\/"},"modified":"2024-10-11T14:33:21","modified_gmt":"2024-10-11T17:33:21","slug":"cor-caramelo","status":"publish","type":"post","link":"https:\/\/www.aarquiteta.com.br\/blog\/cor-caramelo\/","title":{"rendered":"Cor Caramelo: a Eleg\u00e2ncia Atemporal na Decora\u00e7\u00e3o"},"content":{"rendered":"<p><body><\/p><p>A cor caramelo \u00e9 como um abra\u00e7o quentinho que deixa qualquer ambiente mais elegante e aconchegante. Essa tonalidade, que flutua entre o bege e o marrom, oferece versatilidade que atende perfeitamente diversas propostas decorativas.<\/p><h2>Introdu\u00e7\u00e3o<\/h2><p>Ah, o caramelo! Essa cor \u00e9 uma verdadeira joia que acentua a beleza de qualquer espa\u00e7o. Aqui, vou mostrar como incorporar <b>a cor caramelo<\/b> na sua <a href=\"https:\/\/www.aarquiteta.com.br\/blog\/decoracao\/\" class=\"ilj-generated-link\">decora\u00e7\u00e3o<\/a>, explorando diferentes estilos e combina\u00e7\u00f5es que real\u00e7am essa tonalidade sofisticada.<\/p><h2>O que \u00e9 a cor caramelo?<\/h2><p>Antes de mais nada, vamos entender essa cor maravilhosa. O <b>caramelo<\/b> \u00e9 uma tonalidade terrosa que se destaca por suas nuances quentes e convidativas. \u00c9 uma cor que passa uma sensa\u00e7\u00e3o de acolhimento, perfeita para qualquer esquema decorativo.<\/p><h2>Como usar a cor caramelo na decora\u00e7\u00e3o<\/h2><h3>1. Ambientes modernos<\/h3><p>Se eu quisesse criar um espa\u00e7o contempor\u00e2neo, definitivamente utilizaria o <b>caramelo<\/b> juntamente com tons de azul. Sabe, esse azul mais escuro traz uma maturidade ao ambiente, enquanto o azul claro proporciona leveza e frescor. \u00c9 como ter o c\u00e9u ao seu redor!<\/p><h3>2. Tons neutros<\/h3><figure style=\"width: 1024px\" class=\"wp-caption aligncenter\"><img decoding=\"async\" src=\"https:\/\/www.aarquiteta.com.br\/blog\/wp-content\/uploads\/2024\/09\/cor-caramelo01.jpg\" alt=\"Cor Caramelo: a Eleg\u00e2ncia Atemporal na Decora\u00e7\u00e3o\" width=\"1024\" height=\"1024\" title=\"\"><figcaption class=\"wp-caption-text\">Cor Caramelo: a Eleg\u00e2ncia Atemporal na Decora\u00e7\u00e3o<\/figcaption><\/figure><p>Agora, se voc\u00ea ainda n\u00e3o se decidiu, misturar <b>brancos, cinzas e beges<\/b> com o caramelo \u00e9 uma aposta certeira. Essa combina\u00e7\u00e3o aquece o espa\u00e7o e d\u00e1 um toque de classe, ideal para aqueles c\u00f4modos menores que precisam de um pouco mais de luminosidade. Mas, cuidado! Doses excessivas de bege podem deixar o ambiente apertado.<\/p><h3>3. Tons terrosos<\/h3><figure style=\"width: 1024px\" class=\"wp-caption aligncenter\"><img decoding=\"async\" src=\"https:\/\/www.aarquiteta.com.br\/blog\/wp-content\/uploads\/2024\/09\/cor-caramelo-00.webp\" alt=\"Loft87 Arquitetura\" title=\"\"><figcaption class=\"wp-caption-text\">Loft87 <a href=\"https:\/\/www.aarquiteta.com.br\/blog\/arquitetura\/\" class=\"ilj-generated-link\">Arquitetura<\/a><\/figcaption><\/figure><p>Imagina integrar o caramelo com outras <b>tonalidades terrosas<\/b>? O resultado \u00e9 um estilo boho t\u00e3o harm\u00f4nico! Plantas e <a href=\"https:\/\/www.aarquiteta.com.br\/blog\/design-de-interiores\/projetos-de-iluminacao\/\" class=\"ilj-generated-link\">ilumina\u00e7\u00e3o<\/a> adequada fazem a festa. \u00c9 aquele estiloitchic que voc\u00ea sempre sonhou!<\/p><h3>4. Preto e grafite<\/h3><figure style=\"width: 1024px\" class=\"wp-caption aligncenter\"><img decoding=\"async\" src=\"https:\/\/www.aarquiteta.com.br\/blog\/wp-content\/uploads\/2024\/09\/cor-caramelo02.jpg\" alt=\"Cor Caramelo: a Eleg\u00e2ncia Atemporal na Decora\u00e7\u00e3o\" width=\"1024\" height=\"1024\" title=\"\"><figcaption class=\"wp-caption-text\">Cor Caramelo: a Eleg\u00e2ncia Atemporal na Decora\u00e7\u00e3o<\/figcaption><\/figure><p>Usar <b>preto e grafite<\/b> \u00e9 quase como mergulhar em um sonho. Essas <a href=\"https:\/\/www.aarquiteta.com.br\/blog\/decoracao\/cores-e-paletas\/\" class=\"ilj-generated-link\">cores<\/a> proporcionam um ambiente intimista e aconchegante, enquanto o caramelo atua como um farol de calor e beleza. Uma combina\u00e7\u00e3o perfeita para um espa\u00e7o repleto de sofistica\u00e7\u00e3o!<\/p><h3>5. Combina\u00e7\u00f5es com verde<\/h3><figure style=\"width: 1024px\" class=\"wp-caption aligncenter\"><img decoding=\"async\" src=\"https:\/\/www.aarquiteta.com.br\/blog\/wp-content\/uploads\/2024\/09\/cor-pessego-0000-286x160.png\" alt=\"Sheila Almendros\" title=\"\"><figcaption class=\"wp-caption-text\">Sheila Almendros<\/figcaption><\/figure><p>Tem coisa melhor do que harmonizar o <b>caramelo<\/b> com diferentes tons de verde? O verde-militar traz aquele ar industrial, enquanto o verde-esmeralda proporciona um visual requintado. \u00c9 como ter uma floresta dentro de <a href=\"https:\/\/www.aarquiteta.com.br\/blog\/casa-e-jardim\/\" class=\"ilj-generated-link\">casa<\/a>!<\/p><h3>6. Cartela \u00fanica<\/h3><figure style=\"width: 1024px\" class=\"wp-caption aligncenter\"><img decoding=\"async\" src=\"https:\/\/www.aarquiteta.com.br\/blog\/wp-content\/uploads\/2024\/09\/cor-caramelo03.jpg\" alt=\"Cor Caramelo: a Eleg\u00e2ncia Atemporal na Decora\u00e7\u00e3o\" width=\"1024\" height=\"1024\" title=\"\"><figcaption class=\"wp-caption-text\">Cor Caramelo: a Eleg\u00e2ncia Atemporal na Decora\u00e7\u00e3o<\/figcaption><\/figure><p>Criatividade \u00e9 tudo, n\u00e3o \u00e9? Explorar outras <b>cores complementares<\/b> ou an\u00e1logas ao caramelo pode resultar em uma cartela \u00fanica e exclusiva. Cada escolha sua pode falar \u00e0 sua identidade e ao seu jeito de viver, ent\u00e3o n\u00e3o tenha medo de ousar!<\/p><h2>Conclus\u00e3o<\/h2><p>Em suma, a cor caramelo \u00e9 uma escolha vers\u00e1til, que se adapta a qualquer estilo e proporciona uma decora\u00e7\u00e3o repleta de conforto e eleg\u00e2ncia. Usando-a com sabedoria, voc\u00ea pode transformar qualquer ambiente em um espa\u00e7o atemporal e cheio de vida. Ent\u00e3o, que tal apostar nessa cor na sua pr\u00f3xima aventura decorativa?<\/p><p><\/body><br \/><figure style=\"width: 1024px\" class=\"wp-caption aligncenter\"><img decoding=\"async\" src=\"https:\/\/www.aarquiteta.com.br\/blog\/wp-content\/uploads\/2024\/09\/azul-indigo-00-286x160.jpg\" alt=\"Combina\u00e7\u00f5es\" title=\"\"><figcaption class=\"wp-caption-text\">Combina\u00e7\u00f5es<\/figcaption><\/figure><figure style=\"width: 1024px\" class=\"wp-caption aligncenter\"><img decoding=\"async\" src=\"https:\/\/www.aarquiteta.com.br\/blog\/wp-content\/uploads\/2024\/09\/cor-caramelo4.jpg\" alt=\"Cor Caramelo: a Eleg\u00e2ncia Atemporal na Decora\u00e7\u00e3o\" width=\"1024\" height=\"1024\" title=\"\"><figcaption class=\"wp-caption-text\">Cor Caramelo: a Eleg\u00e2ncia Atemporal na Decora\u00e7\u00e3o<\/figcaption><\/figure><figure style=\"width: 1024px\" class=\"wp-caption aligncenter\"><img decoding=\"async\" src=\"https:\/\/www.aarquiteta.com.br\/blog\/wp-content\/uploads\/2024\/09\/cores-primarias-0-286x160.jpg\" alt=\"Tons de caramelo - Caramelo claro: um tom mais puxado para o bege\" title=\"\"><figcaption class=\"wp-caption-text\">Tons de caramelo &#8211; Caramelo claro: um tom mais puxado para o bege<\/figcaption><\/figure><h3>Para se aprofundar mais sobre o tema, veja a minha recomenda\u00e7\u00e3o sobre o tema deste artigo no v\u00eddeo a seguir abaixo:<\/h3><p><iframe title=\"YouTube video player\" src=\"https:\/\/www.youtube.com\/embed\/OscoB6RNG2c\" width=\"560\" height=\"315\" frameborder=\"0\" allowfullscreen=\"allowfullscreen\"><\/iframe><\/p>Tons de caramelo &#8211; Caramelo m\u00e9dio: se aproxima do a\u00e7\u00facar queimado<figure style=\"width: 1024px\" class=\"wp-caption aligncenter\"><img decoding=\"async\" src=\"https:\/\/www.aarquiteta.com.br\/blog\/wp-content\/uploads\/2024\/09\/cor-caramelo-02-730x449.webp\" alt=\"Tons de caramelo - Caramelo escuro: possui fundo marrom e nuances avermelhadas\" title=\"\"><figcaption class=\"wp-caption-text\">Tons de caramelo &#8211; Caramelo escuro: possui fundo marrom e nuances avermelhadas<\/figcaption><\/figure>","protected":false},"excerpt":{"rendered":"<p>Descubra como a cor caramelo pode transformar sua decora\u00e7\u00e3o em charme e sofistica\u00e7\u00e3o.<\/p>\n","protected":false},"author":102,"featured_media":130782,"comment_status":"closed","ping_status":"closed","sticky":false,"template":"","format":"standard","meta":{"footnotes":""},"categories":[1484],"tags":[],"class_list":["post-130788","post","type-post","status-publish","format-standard","has-post-thumbnail","category-decoracao"],"_wp_attached_file":null,"_wp_attachment_metadata":null,"_wp_attachment_context":null,"_wp_attachment_is_custom_header":null,"geo_longitude":null,"geo_public":null,"geo_latitude":null,"_publicize_done_external":null,"_wpas_done_3897181":null,"publicize_twitter_user":null,"_wpas_done_3897175":null,"_wpas_skip_3897181":null,"_wpas_skip_3897175":null,"_wpas_skip_3924723":null,"_wpas_mess":null,"_wpas_done_3924723":null,"wps_subtitle":"","_links":{"self":[{"href":"https:\/\/www.aarquiteta.com.br\/blog\/wp-json\/wp\/v2\/posts\/130788","targetHints":{"allow":["GET"]}}],"collection":[{"href":"https:\/\/www.aarquiteta.com.br\/blog\/wp-json\/wp\/v2\/posts"}],"about":[{"href":"https:\/\/www.aarquiteta.com.br\/blog\/wp-json\/wp\/v2\/types\/post"}],"author":[{"embeddable":true,"href":"https:\/\/www.aarquiteta.com.br\/blog\/wp-json\/wp\/v2\/users\/102"}],"replies":[{"embeddable":true,"href":"https:\/\/www.aarquiteta.com.br\/blog\/wp-json\/wp\/v2\/comments?post=130788"}],"version-history":[{"count":0,"href":"https:\/\/www.aarquiteta.com.br\/blog\/wp-json\/wp\/v2\/posts\/130788\/revisions"}],"wp:featuredmedia":[{"embeddable":true,"href":"https:\/\/www.aarquiteta.com.br\/blog\/wp-json\/wp\/v2\/media\/130782"}],"wp:attachment":[{"href":"https:\/\/www.aarquiteta.com.br\/blog\/wp-json\/wp\/v2\/media?parent=130788"}],"wp:term":[{"taxonomy":"category","embeddable":true,"href":"https:\/\/www.aarquiteta.com.br\/blog\/wp-json\/wp\/v2\/categories?post=130788"},{"taxonomy":"post_tag","embeddable":true,"href":"https:\/\/www.aarquiteta.com.br\/blog\/wp-json\/wp\/v2\/tags?post=130788"}],"curies":[{"name":"wp","href":"https:\/\/api.w.org\/{rel}","templated":true}]}}