{"id":130764,"date":"2024-09-26T21:19:17","date_gmt":"2024-09-27T00:19:17","guid":{"rendered":"https:\/\/www.aarquiteta.com.br\/blog\/cor-areia\/"},"modified":"2024-09-26T21:19:17","modified_gmt":"2024-09-27T00:19:17","slug":"cor-areia","status":"publish","type":"post","link":"https:\/\/www.aarquiteta.com.br\/blog\/cor-areia\/","title":{"rendered":"Descubra a Versatilidade da Cor Areia na Decora\u00e7\u00e3o"},"content":{"rendered":"<p><body><\/p><p>A cor areia \u00e9 uma das escolhas mais democr\u00e1ticas dentro do mundo da decora\u00e7\u00e3o. \u00c9 vers\u00e1til, trazendo conforto sem ser enjoativa, e funciona bem em diferentes ambientes, adicionando um toque de eleg\u00e2ncia.<\/p><h2>O Charme da Cor Areia<\/h2><p>Quando penso em <b>decora\u00e7\u00e3o<\/b>, a escolha das cores faz toda a diferen\u00e7a, n\u00e3o \u00e9 mesmo? A cor areia emerge, como um sol radiante em uma manh\u00e3 de ver\u00e3o, como uma op\u00e7\u00e3o que combina a calma das praias e a rusticidade do deserto.<\/p><h2>Descubra o que \u00e9 a Cor Areia<\/h2><p>Para mim, a cor areia \u00e9 um verdadeiro abra\u00e7o visual. Essa tonalidade suave nos transporta a ambientes naturais, lembrando a <b>tranquilidade<\/b> das praias e a rusticidade dos desertos. Seu espectro varia entre claros e escuros, com nuances que podem ser avermelhadas ou terrosas. \u00c9 quase como ter um peda\u00e7o da natureza em casa!<\/p><h2>Riqueza nas Combina\u00e7\u00f5es de Cores<\/h2><h3>Mixando com Cores Neutras<\/h3><p>Imagine um ambiente clean, com um toque de sofistica\u00e7\u00e3o! As <b>cores neutras<\/b> combinadas com a cor areia criam essa atmosfera leve e harmoniosa. Sabe aquela ideia de \u201cmenos \u00e9 mais\u201d? \u00c9 isso! Aqui, a areia serve como plano de fundo para dar destaque a objetos coloridos, mantendo tudo em equil\u00edbrio.<\/p><h3>Acertando na Mescla com Tons Terrosos<\/h3><figure style=\"width: 1024px\" class=\"wp-caption aligncenter\"><img decoding=\"async\" src=\"https:\/\/www.aarquiteta.com.br\/blog\/wp-content\/uploads\/2024\/09\/cor-areia01.jpg\" alt=\"Descubra a Versatilidade da Cor Areia na Decora\u00e7\u00e3o\" width=\"1024\" height=\"1024\" title=\"\"><figcaption class=\"wp-caption-text\">Descubra a Versatilidade da Cor Areia na Decora\u00e7\u00e3o<\/figcaption><\/figure><p>A combina\u00e7\u00e3o da areia com <b>tons terrosos<\/b> traz um aconchego irresist\u00edvel, perfeito para quem busca um estilo boho ou <a href=\"https:\/\/www.aarquiteta.com.br\/blog\/design-sustentavel-elementos-vintage-moveis-reciclados\/\" class=\"ilj-generated-link\">vintage<\/a>. Ela funciona como um elo que une v\u00e1rias nuances, criando um espa\u00e7o que, al\u00e9m de charmoso, \u00e9 acolhedor e cheio de personalidade.<\/p><h3>Eleg\u00e2ncia com Tons Met\u00e1licos<\/h3><figure style=\"width: 1024px\" class=\"wp-caption aligncenter\"><img decoding=\"async\" src=\"https:\/\/www.aarquiteta.com.br\/blog\/wp-content\/uploads\/2024\/09\/cor-areia-00.jpg\" alt=\"Cor areia oferece uma neutralidade que foge do b\u00e1sico.\" title=\"\"><figcaption class=\"wp-caption-text\">Cor areia oferece uma neutralidade que foge do b\u00e1sico.<\/figcaption><\/figure><p>Se voc\u00ea quer uma decora\u00e7\u00e3o que grita sofistica\u00e7\u00e3o, a mistura da cor areia com <b>met\u00e1licos<\/b> como dourado e cobre pode ser a chave! Em cozinhas, por exemplo, a cor areia se destaca sem esfor\u00e7o, trazendo eleg\u00e2ncia e modernidade.<\/p><h2>A Cor Areia em Diferentes Ambientes<\/h2><p>Quando falo sobre a flexibilidade da cor areia, n\u00e3o estou exagerando. Desde <b>quartos<\/b> aconchegantes at\u00e9 salas de estar modernas, ela se adapta perfeitamente a diferentes estilos, muitas vezes servindo como pano de fundo que destaca outras cores vibrantes. \u00c9 como uma tela em branco \u00e0 espera de suas pinceladas!<\/p><h2>Produzindo a Cor Areia em Casa<\/h2><p>Voc\u00ea sabia que \u00e9 poss\u00edvel criar a cor areia em casa? Com algumas misturas de corantes simples, \u00e9 poss\u00edvel chegar a um tom ideal! Que tal experimentar? Usando corantes marrom e laranja para um tom mais escuro, ou ocre e amarelo para um mais claro, voc\u00ea pode personalizar seu espa\u00e7o sem precisar gastar muito. \u00c9 quase como fazer uma receita de bolo \u2013 s\u00f3 que voc\u00ea vai decorar a casa!<\/p><h2>Conclus\u00e3o: A Cor Areia em Sua Decora\u00e7\u00e3o<\/h2><p>A cor areia se revela uma escolha certeira para quem busca uma decora\u00e7\u00e3o <b>atual e atemporal<\/b>. Sua neutralidade a torna vers\u00e1til, proporcionando eleg\u00e2ncia e conforto em qualquer espa\u00e7o. Agora que voc\u00ea conhece um pouco mais sobre as combina\u00e7\u00f5es e usos dessa cor, que tal come\u00e7ar a planejar a transforma\u00e7\u00e3o do seu lar?<\/p><p><\/body><br \/><figure style=\"width: 1024px\" class=\"wp-caption aligncenter\"><img decoding=\"async\" src=\"https:\/\/www.aarquiteta.com.br\/blog\/wp-content\/uploads\/2024\/09\/cor-areia02.jpg\" alt=\"Descubra a Versatilidade da Cor Areia na Decora\u00e7\u00e3o\" width=\"1024\" height=\"1024\" title=\"\"><figcaption class=\"wp-caption-text\">Descubra a Versatilidade da Cor Areia na Decora\u00e7\u00e3o<\/figcaption><\/figure><figure style=\"width: 1024px\" class=\"wp-caption aligncenter\"><img decoding=\"async\" src=\"https:\/\/www.aarquiteta.com.br\/blog\/wp-content\/uploads\/2024\/09\/cor-areia-01-730x449.jpg\" alt=\"Foto de cor areia 01 - A cor areia lembra praia e deserto, apresentando varia\u00e7\u00f5es que tornam a decora\u00e7\u00e3o aconchegante.\" title=\"\"><figcaption class=\"wp-caption-text\">Foto de cor areia 01 &#8211; A cor areia lembra praia e deserto, apresentando varia\u00e7\u00f5es que tornam a decora\u00e7\u00e3o aconchegante.<\/figcaption><\/figure><figure style=\"width: 1024px\" class=\"wp-caption aligncenter\"><img decoding=\"async\" src=\"https:\/\/www.aarquiteta.com.br\/blog\/wp-content\/uploads\/2024\/09\/cor-areia03.jpg\" alt=\"Descubra a Versatilidade da Cor Areia na Decora\u00e7\u00e3o\" width=\"1024\" height=\"1024\" title=\"\"><figcaption class=\"wp-caption-text\">Descubra a Versatilidade da Cor Areia na Decora\u00e7\u00e3o<\/figcaption><\/figure><figure style=\"width: 1024px\" class=\"wp-caption aligncenter\"><img decoding=\"async\" src=\"https:\/\/www.aarquiteta.com.br\/blog\/wp-content\/uploads\/2024\/09\/cor-areia-02-730x449.jpg\" alt=\"Foto de cor areia 02 - Combina\u00e7\u00f5es com cores neutras deixam o ambiente clean e leve.\" title=\"\"><figcaption class=\"wp-caption-text\">Foto de cor areia 02 &#8211; Combina\u00e7\u00f5es com cores neutras deixam o ambiente clean e leve.<\/figcaption><\/figure><figure style=\"width: 1024px\" class=\"wp-caption aligncenter\"><img decoding=\"async\" src=\"https:\/\/www.aarquiteta.com.br\/blog\/wp-content\/uploads\/2024\/09\/cor-areia4.jpg\" alt=\"Descubra a Versatilidade da Cor Areia na Decora\u00e7\u00e3o\" width=\"1024\" height=\"1024\" title=\"\"><figcaption class=\"wp-caption-text\">Descubra a Versatilidade da Cor Areia na Decora\u00e7\u00e3o<\/figcaption><\/figure><figure style=\"width: 1024px\" class=\"wp-caption aligncenter\"><img decoding=\"async\" src=\"https:\/\/www.aarquiteta.com.br\/blog\/wp-content\/uploads\/2024\/09\/cor-areia-03-730x449.jpg\" alt=\"Foto de cor areia 03 - A cor areia pode ser combinada com tons terrosos para criar um ambiente boho.\" title=\"\"><figcaption class=\"wp-caption-text\">Foto de cor areia 03 &#8211; A cor areia pode ser combinada com tons terrosos para criar um ambiente boho.<\/figcaption><\/figure><h3>Para se aprofundar mais sobre o tema, veja a minha recomenda\u00e7\u00e3o sobre o tema deste artigo no v\u00eddeo a seguir abaixo:<\/h3><p><iframe title=\"YouTube video player\" src=\"https:\/\/www.youtube.com\/embed\/n1RSSmu0yxY\" width=\"560\" height=\"315\" frameborder=\"0\" allowfullscreen=\"allowfullscreen\"><\/iframe><\/p><figure style=\"width: 1024px\" class=\"wp-caption aligncenter\"><img decoding=\"async\" src=\"https:\/\/www.aarquiteta.com.br\/blog\/wp-content\/uploads\/2024\/09\/cor-areia-04-730x449.jpg\" alt=\"Foto de cor areia 04 - A cor areia \u00e9 muito procurada para cozinhas, combinando bem com tons met\u00e1licos.\" title=\"\"><figcaption class=\"wp-caption-text\">Foto de cor areia 04 &#8211; A cor areia \u00e9 muito procurada para cozinhas, combinando bem com tons met\u00e1licos.<\/figcaption><\/figure><figure style=\"width: 1024px\" class=\"wp-caption aligncenter\"><img decoding=\"async\" src=\"https:\/\/www.aarquiteta.com.br\/blog\/wp-content\/uploads\/2024\/09\/cor-areia-05-730x449.jpg\" alt=\"Foto de cor areia 05 - A cor areia combina com qualquer tom de azul, dependendo do estilo decorativo.\" title=\"\"><figcaption class=\"wp-caption-text\">Foto de cor areia 05 &#8211; A cor areia combina com qualquer tom de azul, dependendo do estilo decorativo.<\/figcaption><\/figure>","protected":false},"excerpt":{"rendered":"<p>A cor areia traz neutralidade e aconchego para a decora\u00e7\u00e3o. Confira como utiliz\u00e1-la em diversos ambientes.<\/p>\n","protected":false},"author":102,"featured_media":130757,"comment_status":"closed","ping_status":"closed","sticky":false,"template":"","format":"standard","meta":{"footnotes":""},"categories":[1484],"tags":[],"class_list":["post-130764","post","type-post","status-publish","format-standard","has-post-thumbnail","category-decoracao"],"_wp_attached_file":null,"_wp_attachment_metadata":null,"_wp_attachment_context":null,"_wp_attachment_is_custom_header":null,"geo_longitude":null,"geo_public":null,"geo_latitude":null,"_publicize_done_external":null,"_wpas_done_3897181":null,"publicize_twitter_user":null,"_wpas_done_3897175":null,"_wpas_skip_3897181":null,"_wpas_skip_3897175":null,"_wpas_skip_3924723":null,"_wpas_mess":null,"_wpas_done_3924723":null,"wps_subtitle":"","_links":{"self":[{"href":"https:\/\/www.aarquiteta.com.br\/blog\/wp-json\/wp\/v2\/posts\/130764","targetHints":{"allow":["GET"]}}],"collection":[{"href":"https:\/\/www.aarquiteta.com.br\/blog\/wp-json\/wp\/v2\/posts"}],"about":[{"href":"https:\/\/www.aarquiteta.com.br\/blog\/wp-json\/wp\/v2\/types\/post"}],"author":[{"embeddable":true,"href":"https:\/\/www.aarquiteta.com.br\/blog\/wp-json\/wp\/v2\/users\/102"}],"replies":[{"embeddable":true,"href":"https:\/\/www.aarquiteta.com.br\/blog\/wp-json\/wp\/v2\/comments?post=130764"}],"version-history":[{"count":0,"href":"https:\/\/www.aarquiteta.com.br\/blog\/wp-json\/wp\/v2\/posts\/130764\/revisions"}],"wp:featuredmedia":[{"embeddable":true,"href":"https:\/\/www.aarquiteta.com.br\/blog\/wp-json\/wp\/v2\/media\/130757"}],"wp:attachment":[{"href":"https:\/\/www.aarquiteta.com.br\/blog\/wp-json\/wp\/v2\/media?parent=130764"}],"wp:term":[{"taxonomy":"category","embeddable":true,"href":"https:\/\/www.aarquiteta.com.br\/blog\/wp-json\/wp\/v2\/categories?post=130764"},{"taxonomy":"post_tag","embeddable":true,"href":"https:\/\/www.aarquiteta.com.br\/blog\/wp-json\/wp\/v2\/tags?post=130764"}],"curies":[{"name":"wp","href":"https:\/\/api.w.org\/{rel}","templated":true}]}}