{"id":130741,"date":"2024-09-26T09:26:03","date_gmt":"2024-09-26T12:26:03","guid":{"rendered":"https:\/\/www.aarquiteta.com.br\/blog\/adega-embaixo-da-escada\/"},"modified":"2024-09-26T09:26:03","modified_gmt":"2024-09-26T12:26:03","slug":"adega-embaixo-da-escada","status":"publish","type":"post","link":"https:\/\/www.aarquiteta.com.br\/blog\/adega-embaixo-da-escada\/","title":{"rendered":"Otimiza\u00e7\u00e3o Criativa: Como Criar uma Adega embaixo da Escada"},"content":{"rendered":"<p><body><\/p>\n<p>Transformar o espa\u00e7o embaixo da escada em uma adega funcional e charmosa \u00e9 uma forma pr\u00e1tica de agregar valor \u00e0 decora\u00e7\u00e3o da sua casa, aproveitando aquele cantinho que muitas vezes fica esquecido.<\/p>\n<h2>Introdu\u00e7\u00e3o<\/h2>\n<p>Hoje, eu quero falar sobre como voc\u00ea pode otimizar um espa\u00e7o muitas vezes negligenciado na sua casa, transformando-o em uma <b>adega incr\u00edvel<\/b>. Vamos explorar ideias que fazem desse um projeto tanto estiloso quanto funcional.<\/p>\n<h2>A Adega como Elemento Decorativo<\/h2>\n<p>Colocar uma adega embaixo da escada n\u00e3o \u00e9 s\u00f3 uma quest\u00e3o de armazenamento. \u00c9 <b>agregar valor est\u00e9tico<\/b> ao ambiente! Imagine a cena: amigos reunidos e, ao olhar para a adega, um sorriso aparece ao ver as garrafas alinhadas como se estivessem numa passarela de moda.<\/p>\n<h2>Combina\u00e7\u00f5es Charmosas para o Espa\u00e7o<\/h2>\n<h3>Adega e Cristaleira<\/h3>\n<p>Essa combina\u00e7\u00e3o pode fazer milagres na est\u00e9tica do ambiente. Imagine sua adega se fundindo a uma cristaleira, criando um visual <b>luxuoso e coeso<\/b>, onde cada elemento se complementa. \u00c9 o tipo de detalhe que faz os convidados perguntarem: \u201cUau, onde voc\u00ea encontrou isso?\u201d<\/p>\n<h3>Adega e Bar<\/h3>\n<figure style=\"width: 1024px\" class=\"wp-caption aligncenter\"><img decoding=\"async\" src=\"https:\/\/www.aarquiteta.com.br\/blog\/wp-content\/uploads\/2024\/09\/adega-embaixo-da-escada01.jpg\" alt=\"Otimiza\u00e7\u00e3o Criativa: Como Criar uma Adega embaixo da Escada\" width=\"1024\" height=\"1024\" title=\"\"><figcaption class=\"wp-caption-text\">Otimiza\u00e7\u00e3o Criativa: Como Criar uma Adega embaixo da Escada<\/figcaption><\/figure>\n<p>Transformar a sua adega em um bar \u00e9 <b>m\u00e1gico<\/b>. Com bandejas decorativas e algumas ta\u00e7as, voc\u00ea j\u00e1 tem um ponto de socializa\u00e7\u00e3o estiloso. Imagine servir um vinho numa bandeja que harmoniza com a decora\u00e7\u00e3o da casa \u2013 um verdadeiro <b>show de classe<\/b>!<\/p>\n<h2>Estilos de Adega<\/h2>\n<h3>Adega Climatizada vs. Simples<\/h3>\n<figure style=\"width: 1024px\" class=\"wp-caption aligncenter\"><img decoding=\"async\" src=\"https:\/\/www.aarquiteta.com.br\/blog\/wp-content\/uploads\/2024\/09\/adega-embaixo-da-escada-00.jpg\" alt=\"Foto de adega embaixo da escada 1 - 1\" title=\"\"><figcaption class=\"wp-caption-text\">Foto de adega embaixo da escada 1 &#8211; 1<\/figcaption><\/figure>\n<p>Agora, vamos \u00e0s diferen\u00e7as! A adega climatizada \u00e9 como aquele restaurante top onde voc\u00ea vai para um jantar especial. J\u00e1 a simples \u00e9 como o bar da esquina que tamb\u00e9m faz a alegria da galera. A escolha vai depender muito do uso e do estilo que voc\u00ea quer imprimir no ambiente.<\/p>\n<h3>Personaliza\u00e7\u00e3o e Estilo<\/h3>\n<figure style=\"width: 1024px\" class=\"wp-caption aligncenter\"><img decoding=\"async\" src=\"https:\/\/www.aarquiteta.com.br\/blog\/wp-content\/uploads\/2024\/09\/adega-embaixo-da-escada02.jpg\" alt=\"Otimiza\u00e7\u00e3o Criativa: Como Criar uma Adega embaixo da Escada\" width=\"1024\" height=\"1024\" title=\"\"><figcaption class=\"wp-caption-text\">Otimiza\u00e7\u00e3o Criativa: Como Criar uma Adega embaixo da Escada<\/figcaption><\/figure>\n<p>Personalizar sua adega \u00e9 como <b>dar um toque pessoal<\/b> \u00e0 sua casa. Se voc\u00ea curte um estilo moderninho ou algo mais cl\u00e1ssico, \u00e9 poss\u00edvel harmonizar a adega com o resto do ambiente. O importante \u00e9 que cada detalhe transmita a sua personalidade!<\/p>\n<h2>Criatividade na Decora\u00e7\u00e3o<\/h2>\n<p>Vamos soltar a criatividade! Decorar a adega com <b>rolhas e espelhos<\/b> pode trazer um efeito incr\u00edvel. Pense em espelhos que ampliam o espa\u00e7o e d\u00e3o um ar de sofistica\u00e7\u00e3o. J\u00e1 as rolhas, al\u00e9m de serem um charme, contam hist\u00f3rias de bons momentos! \u00c9 uma verdadeira <b>galeria de mem\u00f3rias<\/b>.<\/p>\n<h2>Ergonomia e Funcionalidade<\/h2>\n<p>Um espa\u00e7o bem aproveitado \u00e9 tudo! Usar nichos e prateleiras sob medida pode transformar a sua adega em uma \u00e1rea organizada e muito <b>funcional<\/b>. Com um planejamento cuidadoso, a marcenaria se torna uma aliada valiosa, otimizando at\u00e9 os menores cantinhos!<\/p>\n<h2>Integrando a Natureza<\/h2>\n<p>Para dar aquele ar fresco, que tal integrar algumas plantinhas na sua adega? Um pequeno jardim abaixo da escada pode ser <b>o toque final<\/b> que voc\u00ea precisa. Plantas como suculentas ou ervas arom\u00e1ticas n\u00e3o ocupam muito espa\u00e7o e ainda trazem vida ao ambiente.<\/p>\n<h2>Conclus\u00e3o<\/h2>\n<p>Em suma, criar uma adega embaixo da escada \u00e9 uma maneira pr\u00e1tica e estilosa de aproveitar cada canto da sua casa. Com estilo, funcionalidade e um toque pessoal, esse espa\u00e7o pode se tornar um lugar perfeito para <b>degusta\u00e7\u00e3o e socializa\u00e7\u00e3o<\/b>, deixando todos impressionados. Ent\u00e3o, por que n\u00e3o come\u00e7ar a planejar a sua hoje mesmo?<\/p>\n<p><\/body><br \/>\n<figure style=\"width: 1024px\" class=\"wp-caption aligncenter\"><img decoding=\"async\" src=\"https:\/\/www.aarquiteta.com.br\/blog\/wp-content\/uploads\/2024\/09\/adega-embaixo-da-escada-1-960x1200.jpg\" alt=\"Foto de adega embaixo da escada 2 - 2\" title=\"\"><figcaption class=\"wp-caption-text\">Foto de adega embaixo da escada 2 &#8211; 2<\/figcaption><\/figure>\n<figure style=\"width: 1024px\" class=\"wp-caption aligncenter\"><img decoding=\"async\" src=\"https:\/\/www.aarquiteta.com.br\/blog\/wp-content\/uploads\/2024\/09\/adega-embaixo-da-escada03.jpg\" alt=\"Otimiza\u00e7\u00e3o Criativa: Como Criar uma Adega embaixo da Escada\" width=\"1024\" height=\"1024\" title=\"\"><figcaption class=\"wp-caption-text\">Otimiza\u00e7\u00e3o Criativa: Como Criar uma Adega embaixo da Escada<\/figcaption><\/figure>\n<figure style=\"width: 1024px\" class=\"wp-caption aligncenter\"><img decoding=\"async\" src=\"https:\/\/www.aarquiteta.com.br\/blog\/wp-content\/uploads\/2024\/09\/adega-embaixo-da-escada-2-960x1200.jpg\" alt=\"Foto de adega embaixo da escada 3 - 3\" title=\"\"><figcaption class=\"wp-caption-text\">Foto de adega embaixo da escada 3 &#8211; 3<\/figcaption><\/figure>\n<figure style=\"width: 1024px\" class=\"wp-caption aligncenter\"><img decoding=\"async\" src=\"https:\/\/www.aarquiteta.com.br\/blog\/wp-content\/uploads\/2024\/09\/adega-embaixo-da-escada4.jpg\" alt=\"Otimiza\u00e7\u00e3o Criativa: Como Criar uma Adega embaixo da Escada\" width=\"1024\" height=\"1024\" title=\"\"><figcaption class=\"wp-caption-text\">Otimiza\u00e7\u00e3o Criativa: Como Criar uma Adega embaixo da Escada<\/figcaption><\/figure>\n<figure style=\"width: 1024px\" class=\"wp-caption aligncenter\"><img decoding=\"async\" src=\"https:\/\/www.aarquiteta.com.br\/blog\/wp-content\/uploads\/2024\/09\/adega-embaixo-da-escada-3.jpg\" alt=\"Foto de adega embaixo da escada 4 1 - 6\" title=\"\"><figcaption class=\"wp-caption-text\">Foto de adega embaixo da escada 4 1 &#8211; 6<\/figcaption><\/figure>\n<h3>Para se aprofundar mais sobre o tema, veja a minha recomenda\u00e7\u00e3o sobre o tema deste artigo no v\u00eddeo a seguir abaixo:<\/h3>\n<p><iframe title=\"YouTube video player\" src=\"https:\/\/www.youtube.com\/embed\/ijxbr3tmsJs\" width=\"560\" height=\"315\" frameborder=\"0\" allowfullscreen=\"allowfullscreen\"><\/iframe><\/p>\n<figure style=\"width: 1024px\" class=\"wp-caption aligncenter\"><img decoding=\"async\" src=\"https:\/\/www.aarquiteta.com.br\/blog\/wp-content\/uploads\/2024\/09\/adega-embaixo-da-escada-4-1.jpg\" alt=\"Foto de adega embaixo da escada 5 - 7\" title=\"\"><figcaption class=\"wp-caption-text\">Foto de adega embaixo da escada 5 &#8211; 7<\/figcaption><\/figure>\n<figure style=\"width: 1024px\" class=\"wp-caption aligncenter\"><img decoding=\"async\" src=\"https:\/\/www.aarquiteta.com.br\/blog\/wp-content\/uploads\/2024\/09\/adega-embaixo-da-escada-5-960x1200.jpg\" alt=\"Foto de adega embaixo da escada 8 - 8\" title=\"\"><figcaption class=\"wp-caption-text\">Foto de adega embaixo da escada 8 &#8211; 8<\/figcaption><\/figure>\n","protected":false},"excerpt":{"rendered":"<p>Aprenda a otimizar espa\u00e7os na sua casa com ideias criativas para fazer uma adega charmosa embaixo da escada.<\/p>\n","protected":false},"author":102,"featured_media":130731,"comment_status":"closed","ping_status":"closed","sticky":false,"template":"","format":"standard","meta":{"footnotes":""},"categories":[1484],"tags":[],"class_list":["post-130741","post","type-post","status-publish","format-standard","has-post-thumbnail","category-decoracao"],"_wp_attached_file":null,"_wp_attachment_metadata":null,"_wp_attachment_context":null,"_wp_attachment_is_custom_header":null,"geo_longitude":null,"geo_public":null,"geo_latitude":null,"_publicize_done_external":null,"_wpas_done_3897181":null,"publicize_twitter_user":null,"_wpas_done_3897175":null,"_wpas_skip_3897181":null,"_wpas_skip_3897175":null,"_wpas_skip_3924723":null,"_wpas_mess":null,"_wpas_done_3924723":null,"wps_subtitle":"","_links":{"self":[{"href":"https:\/\/www.aarquiteta.com.br\/blog\/wp-json\/wp\/v2\/posts\/130741","targetHints":{"allow":["GET"]}}],"collection":[{"href":"https:\/\/www.aarquiteta.com.br\/blog\/wp-json\/wp\/v2\/posts"}],"about":[{"href":"https:\/\/www.aarquiteta.com.br\/blog\/wp-json\/wp\/v2\/types\/post"}],"author":[{"embeddable":true,"href":"https:\/\/www.aarquiteta.com.br\/blog\/wp-json\/wp\/v2\/users\/102"}],"replies":[{"embeddable":true,"href":"https:\/\/www.aarquiteta.com.br\/blog\/wp-json\/wp\/v2\/comments?post=130741"}],"version-history":[{"count":0,"href":"https:\/\/www.aarquiteta.com.br\/blog\/wp-json\/wp\/v2\/posts\/130741\/revisions"}],"wp:featuredmedia":[{"embeddable":true,"href":"https:\/\/www.aarquiteta.com.br\/blog\/wp-json\/wp\/v2\/media\/130731"}],"wp:attachment":[{"href":"https:\/\/www.aarquiteta.com.br\/blog\/wp-json\/wp\/v2\/media?parent=130741"}],"wp:term":[{"taxonomy":"category","embeddable":true,"href":"https:\/\/www.aarquiteta.com.br\/blog\/wp-json\/wp\/v2\/categories?post=130741"},{"taxonomy":"post_tag","embeddable":true,"href":"https:\/\/www.aarquiteta.com.br\/blog\/wp-json\/wp\/v2\/tags?post=130741"}],"curies":[{"name":"wp","href":"https:\/\/api.w.org\/{rel}","templated":true}]}}