{"id":130709,"date":"2024-09-25T17:31:23","date_gmt":"2024-09-25T20:31:23","guid":{"rendered":"https:\/\/www.aarquiteta.com.br\/blog\/esqueca-os-quadros-nova-tendencia-para-paredes\/"},"modified":"2024-09-25T17:31:23","modified_gmt":"2024-09-25T20:31:23","slug":"esqueca-os-quadros-nova-tendencia-para-paredes","status":"publish","type":"post","link":"https:\/\/www.aarquiteta.com.br\/blog\/esqueca-os-quadros-nova-tendencia-para-paredes\/","title":{"rendered":"5 maneiras criativas de transformar paredes com estantes de livros."},"content":{"rendered":"<p>Nos \u00faltimos tempos, uma nova tend\u00eancia de decora\u00e7\u00e3o tem ganhado destaque: as estantes de livros est\u00e3o substituindo os tradicionais quadros nas paredes. Essa mudan\u00e7a n\u00e3o s\u00f3 traz eleg\u00e2ncia aos ambientes, mas tamb\u00e9m amplia os espa\u00e7os e proporciona um toque de relaxamento. Vamos explorar essa nova abordagem que promete transformar a decora\u00e7\u00e3o da sua casa.<\/p>\n<h2>O charme das estantes de livros<\/h2>\n<h3>Uma nova era na decora\u00e7\u00e3o<\/h3>\n<p>As estantes de livros est\u00e3o se tornando o novo queridinho dos designers de interiores. <b>Elas n\u00e3o apenas embelezam os ambientes<\/b>, mas tamb\u00e9m criam uma atmosfera acolhedora e intelectual. Ao inv\u00e9s de apenas pendurar quadros, as pessoas est\u00e3o optando por exibir suas cole\u00e7\u00f5es liter\u00e1rias, transformando paredes em verdadeiras bibliotecas. Essa mudan\u00e7a reflete uma busca por ambientes mais personalizados e que contemplem a ess\u00eancia de quem vive ali.<\/p>\n<h3>Benef\u00edcios das estantes de livros<\/h3>\n<figure style=\"width: 1024px\" class=\"wp-caption aligncenter\"><img decoding=\"async\" src=\"https:\/\/www.aarquiteta.com.br\/blog\/wp-content\/uploads\/2024\/09\/estantes-de-livros-devem-substituir-os-quadros-decorativos.jpg\" alt=\"5 maneiras criativas de transformar paredes com estantes de livros.\" width=\"1024\" height=\"1024\" title=\"\"><figcaption class=\"wp-caption-text\">Source: <a href=\"https:\/\/ndmais.com.br\/arquitetura-e-decoracao\/esqueca-os-quadros-nova-tendencia-para-as-paredes-esbanja-elegancia-amplia-espacos-e-relaxa\/\" target=\"_blank\" rel=\"noopener\">NDMAIS<\/a><\/figcaption><\/figure>\n<p>Al\u00e9m de serem esteticamente agrad\u00e1veis, as estantes de livros oferecem uma s\u00e9rie de <b>vantagens pr\u00e1ticas<\/b>. Elas ajudam a organizar o espa\u00e7o, permitindo que os moradores tenham f\u00e1cil acesso aos seus livros favoritos. Al\u00e9m disso, a presen\u00e7a de livros em um ambiente pode estimular a criatividade e a reflex\u00e3o, criando um espa\u00e7o prop\u00edcio para a leitura e o aprendizado. \u00c9 como se cada livro contasse uma hist\u00f3ria, n\u00e3o apenas nas p\u00e1ginas, mas tamb\u00e9m na decora\u00e7\u00e3o do lar.<\/p>\n<h3>Como escolher a estante ideal<\/h3>\n<p>Na hora de escolher uma estante, \u00e9 importante considerar o estilo do ambiente. <b>Estantes de madeira<\/b> trazem um ar r\u00fastico e aconchegante, enquanto as de metal podem dar um toque mais moderno e industrial. O tamanho e a disposi\u00e7\u00e3o da estante tamb\u00e9m s\u00e3o cruciais. Uma estante alta pode criar a ilus\u00e3o de um teto mais alto, enquanto uma estante baixa pode ser usada como divis\u00f3ria de ambientes. O segredo \u00e9 encontrar um equil\u00edbrio que harmonize com o restante da decora\u00e7\u00e3o.<\/p>\n<h3>Integrando a estante ao ambiente<\/h3>\n<h3>Assista agora a minha recomenda\u00e7\u00e3o de video abaixo sobre o tema que estamos tratando neste artigo: <\/h3>\n<p><iframe title=\"YouTube video player\" src=\"\" width=\"560\" height=\"315\" frameborder=\"0\" allowfullscreen=\"allowfullscreen\"><\/iframe><\/p>\n<p>Para que a estante de livros se destaque, \u00e9 fundamental integr\u00e1-la ao restante da decora\u00e7\u00e3o. <b>Adicionar elementos como plantas, quadros e objetos pessoais<\/b> pode criar um visual mais din\u00e2mico e interessante. Uma estante n\u00e3o precisa ser apenas um lugar para guardar livros; ela pode ser um ponto focal que conta a hist\u00f3ria da casa e de seus moradores. A ilumina\u00e7\u00e3o tamb\u00e9m desempenha um papel importante. Uma boa ilumina\u00e7\u00e3o pode real\u00e7ar a beleza dos livros e criar um ambiente acolhedor.<\/p>\n<h3>Estantes como terapia visual<\/h3>\n<p>Estudos mostram que a presen\u00e7a de livros em um ambiente pode ter um efeito relaxante. <b>As estantes de livros funcionam como uma terapia visual<\/b>, proporcionando um espa\u00e7o onde as pessoas podem se perder em suas leituras e escapar da rotina. A sensa\u00e7\u00e3o de estar cercado por livros pode trazer uma paz interior, como se cada p\u00e1gina virada fosse um passo em dire\u00e7\u00e3o ao relaxamento. \u00c9 um convite \u00e0 introspec\u00e7\u00e3o e \u00e0 descoberta.<\/p>\n<h3>O futuro da decora\u00e7\u00e3o<\/h3>\n<p>\u00c0 medida que a sociedade evolui, as tend\u00eancias de decora\u00e7\u00e3o tamb\u00e9m mudam. <b>As estantes de livros est\u00e3o se firmando como uma alternativa vi\u00e1vel e elegante<\/b> aos quadros tradicionais. Essa nova abordagem n\u00e3o apenas embeleza os espa\u00e7os, mas tamb\u00e9m promove um estilo de vida mais intelectual e relaxante. A decora\u00e7\u00e3o da casa se torna uma extens\u00e3o da personalidade dos moradores, refletindo suas paix\u00f5es e interesses.<\/p>\n<h2>Conclus\u00e3o<\/h2>\n<p>Em suma, a tend\u00eancia das estantes de livros \u00e9 uma prova de que a decora\u00e7\u00e3o pode ser tanto funcional quanto est\u00e9tica. <b>Elas trazem eleg\u00e2ncia, ampliam espa\u00e7os e proporcionam um ambiente relaxante<\/b> que convida \u00e0 leitura e \u00e0 reflex\u00e3o. Ao optar por essa nova abordagem, os moradores n\u00e3o apenas embelezam suas casas, mas tamb\u00e9m criam um espa\u00e7o que reflete suas personalidades e paix\u00f5es. Portanto, \u00e9 hora de deixar os quadros de lado e abra\u00e7ar a beleza e a sofistica\u00e7\u00e3o que as estantes de livros t\u00eam a oferecer.<\/p>\n","protected":false},"excerpt":{"rendered":"<p>Nos \u00faltimos tempos, uma nova tend\u00eancia de decora\u00e7\u00e3o tem ganhado destaque: as estantes de livros est\u00e3o substituindo os tradicionais quadros nas paredes. Essa mudan\u00e7a n\u00e3o s\u00f3 traz eleg\u00e2ncia aos ambientes, mas tamb\u00e9m amplia os espa\u00e7os e proporciona um toque de relaxamento. Vamos explorar essa nova abordagem que promete transformar a decora\u00e7\u00e3o da sua casa. O [&hellip;]<\/p>\n","protected":false},"author":102,"featured_media":130708,"comment_status":"closed","ping_status":"closed","sticky":false,"template":"","format":"standard","meta":{"footnotes":""},"categories":[249,19127],"tags":[],"class_list":["post-130709","post","type-post","status-publish","format-standard","has-post-thumbnail","category-engenharia-e-construcao-civil","category-reforma-e-manutencao"],"_wp_attached_file":null,"_wp_attachment_metadata":null,"_wp_attachment_context":null,"_wp_attachment_is_custom_header":null,"geo_longitude":null,"geo_public":null,"geo_latitude":null,"_publicize_done_external":null,"_wpas_done_3897181":null,"publicize_twitter_user":null,"_wpas_done_3897175":null,"_wpas_skip_3897181":null,"_wpas_skip_3897175":null,"_wpas_skip_3924723":null,"_wpas_mess":null,"_wpas_done_3924723":null,"wps_subtitle":"","_links":{"self":[{"href":"https:\/\/www.aarquiteta.com.br\/blog\/wp-json\/wp\/v2\/posts\/130709","targetHints":{"allow":["GET"]}}],"collection":[{"href":"https:\/\/www.aarquiteta.com.br\/blog\/wp-json\/wp\/v2\/posts"}],"about":[{"href":"https:\/\/www.aarquiteta.com.br\/blog\/wp-json\/wp\/v2\/types\/post"}],"author":[{"embeddable":true,"href":"https:\/\/www.aarquiteta.com.br\/blog\/wp-json\/wp\/v2\/users\/102"}],"replies":[{"embeddable":true,"href":"https:\/\/www.aarquiteta.com.br\/blog\/wp-json\/wp\/v2\/comments?post=130709"}],"version-history":[{"count":0,"href":"https:\/\/www.aarquiteta.com.br\/blog\/wp-json\/wp\/v2\/posts\/130709\/revisions"}],"wp:featuredmedia":[{"embeddable":true,"href":"https:\/\/www.aarquiteta.com.br\/blog\/wp-json\/wp\/v2\/media\/130708"}],"wp:attachment":[{"href":"https:\/\/www.aarquiteta.com.br\/blog\/wp-json\/wp\/v2\/media?parent=130709"}],"wp:term":[{"taxonomy":"category","embeddable":true,"href":"https:\/\/www.aarquiteta.com.br\/blog\/wp-json\/wp\/v2\/categories?post=130709"},{"taxonomy":"post_tag","embeddable":true,"href":"https:\/\/www.aarquiteta.com.br\/blog\/wp-json\/wp\/v2\/tags?post=130709"}],"curies":[{"name":"wp","href":"https:\/\/api.w.org\/{rel}","templated":true}]}}