{"id":130563,"date":"2024-09-24T17:31:15","date_gmt":"2024-09-24T20:31:15","guid":{"rendered":"https:\/\/www.aarquiteta.com.br\/blog\/arquiteto-5-ideias-simples-de-decoracao\/"},"modified":"2024-09-24T17:31:15","modified_gmt":"2024-09-24T20:31:15","slug":"arquiteto-5-ideias-simples-de-decoracao","status":"publish","type":"post","link":"https:\/\/www.aarquiteta.com.br\/blog\/arquiteto-5-ideias-simples-de-decoracao\/","title":{"rendered":"5 solu\u00e7\u00f5es criativas para transformar sua casa de forma simples."},"content":{"rendered":"<p>Decorar a casa de forma moderna e atraente n\u00e3o precisa ser um pesadelo financeiro ou uma dor de cabe\u00e7a com reformas. Com algumas ideias simples, \u00e9 poss\u00edvel transformar o ambiente e dar um toque de personalidade ao lar. O arquiteto Ralph Dias, do canal PLANARQ CAMPOS, compartilha dicas valiosas que podem ser aplicadas sem grandes investimentos.<\/p><h2>Transformando o Lar com Simplicidade<\/h2><h3>Adeus, azulejos! M\u00e1rmore \u00e9 a nova tend\u00eancia para as paredes do banheiro<\/h3><p>Nos \u00faltimos tempos, o m\u00e1rmore tem se tornado a estrela das reformas de banheiros, especialmente nas casas europeias. <b>Essa mudan\u00e7a n\u00e3o \u00e9 apenas uma quest\u00e3o est\u00e9tica<\/b>, mas tamb\u00e9m uma forma de trazer um ar de sofistica\u00e7\u00e3o e modernidade ao ambiente. Ao optar por m\u00e1rmore, o banheiro ganha um visual mais clean e elegante, al\u00e9m de ser uma op\u00e7\u00e3o dur\u00e1vel e f\u00e1cil de limpar. Portanto, se a ideia \u00e9 dar um up no banheiro, essa pode ser a escolha perfeita.<\/p><h3>Decora\u00e7\u00e3o com pratos: um toque de criatividade nas paredes<\/h3><figure style=\"width: 1024px\" class=\"wp-caption aligncenter\"><img decoding=\"async\" src=\"https:\/\/www.aarquiteta.com.br\/blog\/wp-content\/uploads\/2024\/09\/espelho-no-banheiro.jpg\" alt=\"5 solu\u00e7\u00f5es criativas para transformar sua casa de forma simples.\" width=\"1024\" height=\"1024\" title=\"\"><figcaption class=\"wp-caption-text\">Source: <a href=\"https:\/\/ndmais.com.br\/arquitetura-e-decoracao\/arquiteto-da-5-ideias-simples-de-decoracao-que-valorizam-e-transformam-a-casa\/\" target=\"_blank\" rel=\"noopener\">NDMAIS<\/a><\/figcaption><\/figure><p>Quem diria que pratos poderiam ser a solu\u00e7\u00e3o para dar vida \u00e0s paredes? <b>Essa ideia simples e criativa<\/b> permite que se crie uma galeria \u00fanica e personalizada. Com pratos de diferentes tamanhos e estilos, \u00e9 poss\u00edvel montar composi\u00e7\u00f5es que refletem a personalidade do morador. Al\u00e9m disso, essa t\u00e9cnica \u00e9 uma forma de reutilizar itens que muitas vezes ficam guardados, trazendo um charme especial ao ambiente.<\/p><h3>Renovando o espa\u00e7o com cores vibrantes<\/h3><p>As cores t\u00eam o poder de transformar qualquer ambiente. <b>Escolher a tinta certa pode fazer toda a diferen\u00e7a<\/b> na sensa\u00e7\u00e3o que um c\u00f4modo transmite. Cores quentes podem trazer aconchego, enquanto tons frios podem ampliar a sensa\u00e7\u00e3o de espa\u00e7o. O arquiteto sugere que se explore as 10 cores de tintas que est\u00e3o em alta no design de interiores, permitindo que cada c\u00f4modo conte uma hist\u00f3ria atrav\u00e9s de suas tonalidades.<\/p><h3>Espelhos: a magia da amplia\u00e7\u00e3o<\/h3><h3>Assista agora a minha recomenda\u00e7\u00e3o de video abaixo sobre o tema que estamos tratando neste artigo: <\/h3><p><iframe title=\"YouTube video player\" src=\"https:\/\/www.youtube.com\/embed\/goPhcMr76u8?feature=oembed&#038;enablejsapi=1&#038;origin=https:\/\/ndmais.com.br\" width=\"560\" height=\"315\" frameborder=\"0\" allowfullscreen=\"allowfullscreen\"><\/iframe><\/p><p>Os espelhos s\u00e3o verdadeiros aliados na <a href=\"https:\/\/www.aarquiteta.com.br\/blog\/decoracao\/\" class=\"ilj-generated-link\">decora\u00e7\u00e3o<\/a>. <b>Al\u00e9m de serem funcionais, eles t\u00eam o poder de ampliar visualmente os espa\u00e7os<\/b>. Um espelho bem posicionado pode fazer um banheiro pequeno parecer muito maior. Com op\u00e7\u00f5es que v\u00e3o desde modelos redondos at\u00e9 aqueles com ilumina\u00e7\u00e3o embutida, a escolha do espelho certo pode real\u00e7ar a beleza do ambiente, tornando-o mais convidativo e moderno.<\/p><h3>Papel de parede: a eleg\u00e2ncia que nunca sai de moda<\/h3><p>Contrariando a ideia de que o papel de parede est\u00e1 ultrapassado, ele continua a ser uma op\u00e7\u00e3o elegante e atual. <b>Usar papel de parede de forma estrat\u00e9gica<\/b> pode transformar um ambiente sem sobrecarreg\u00e1-lo. Com op\u00e7\u00f5es que v\u00e3o desde texturas sofisticadas at\u00e9 pap\u00e9is 3D, \u00e9 poss\u00edvel criar um ponto focal que chama a aten\u00e7\u00e3o e traz personalidade ao espa\u00e7o. Em ambientes \u00famidos, como cozinhas e banheiros, \u00e9 importante escolher modelos resistentes \u00e0 umidade para garantir durabilidade.<\/p><h3>Almofadas: conforto e estilo em um s\u00f3 lugar<\/h3><p>As almofadas s\u00e3o um item decorativo que pode fazer toda a diferen\u00e7a. <b>Com uma variedade de tamanhos, formas e texturas<\/b>, elas s\u00e3o perfeitas para adicionar cor e conforto a qualquer ambiente. Trocar as almofadas de acordo com a esta\u00e7\u00e3o ou simplesmente mudar as cores pode dar um novo ar ao c\u00f4modo, tornando-o mais acolhedor e estiloso. Al\u00e9m disso, elas podem ser combinadas com outros elementos decorativos, criando um visual harm\u00f4nico e convidativo.<\/p><h2>Conclus\u00e3o<\/h2><p>Decorar a casa n\u00e3o precisa ser um desafio. Com as dicas do arquiteto Ralph Dias, \u00e9 poss\u00edvel transformar o lar de forma simples e acess\u00edvel. <b>Seja atrav\u00e9s de cores, texturas ou elementos decorativos<\/b>, cada detalhe conta na hora de criar um ambiente que reflita a personalidade de quem vive ali. Portanto, \u00e9 hora de colocar a m\u00e3o na massa e dar vida nova ao seu espa\u00e7o!<\/p>","protected":false},"excerpt":{"rendered":"<p>Decorar a casa de forma moderna e atraente n\u00e3o precisa ser um pesadelo financeiro ou uma dor de cabe\u00e7a com reformas. Com algumas ideias simples, \u00e9 poss\u00edvel transformar o ambiente e dar um toque de personalidade ao lar. O arquiteto Ralph Dias, do canal PLANARQ CAMPOS, compartilha dicas valiosas que podem ser aplicadas sem grandes [&hellip;]<\/p>\n","protected":false},"author":102,"featured_media":130562,"comment_status":"closed","ping_status":"closed","sticky":false,"template":"","format":"standard","meta":{"footnotes":""},"categories":[249,19127],"tags":[],"class_list":["post-130563","post","type-post","status-publish","format-standard","has-post-thumbnail","category-engenharia-e-construcao-civil","category-reforma-e-manutencao"],"_wp_attached_file":null,"_wp_attachment_metadata":null,"_wp_attachment_context":null,"_wp_attachment_is_custom_header":null,"geo_longitude":null,"geo_public":null,"geo_latitude":null,"_publicize_done_external":null,"_wpas_done_3897181":null,"publicize_twitter_user":null,"_wpas_done_3897175":null,"_wpas_skip_3897181":null,"_wpas_skip_3897175":null,"_wpas_skip_3924723":null,"_wpas_mess":null,"_wpas_done_3924723":null,"wps_subtitle":"","_links":{"self":[{"href":"https:\/\/www.aarquiteta.com.br\/blog\/wp-json\/wp\/v2\/posts\/130563","targetHints":{"allow":["GET"]}}],"collection":[{"href":"https:\/\/www.aarquiteta.com.br\/blog\/wp-json\/wp\/v2\/posts"}],"about":[{"href":"https:\/\/www.aarquiteta.com.br\/blog\/wp-json\/wp\/v2\/types\/post"}],"author":[{"embeddable":true,"href":"https:\/\/www.aarquiteta.com.br\/blog\/wp-json\/wp\/v2\/users\/102"}],"replies":[{"embeddable":true,"href":"https:\/\/www.aarquiteta.com.br\/blog\/wp-json\/wp\/v2\/comments?post=130563"}],"version-history":[{"count":0,"href":"https:\/\/www.aarquiteta.com.br\/blog\/wp-json\/wp\/v2\/posts\/130563\/revisions"}],"wp:featuredmedia":[{"embeddable":true,"href":"https:\/\/www.aarquiteta.com.br\/blog\/wp-json\/wp\/v2\/media\/130562"}],"wp:attachment":[{"href":"https:\/\/www.aarquiteta.com.br\/blog\/wp-json\/wp\/v2\/media?parent=130563"}],"wp:term":[{"taxonomy":"category","embeddable":true,"href":"https:\/\/www.aarquiteta.com.br\/blog\/wp-json\/wp\/v2\/categories?post=130563"},{"taxonomy":"post_tag","embeddable":true,"href":"https:\/\/www.aarquiteta.com.br\/blog\/wp-json\/wp\/v2\/tags?post=130563"}],"curies":[{"name":"wp","href":"https:\/\/api.w.org\/{rel}","templated":true}]}}