{"id":130556,"date":"2024-09-24T17:02:54","date_gmt":"2024-09-24T20:02:54","guid":{"rendered":"https:\/\/www.aarquiteta.com.br\/blog\/5-dicas-essenciais-para-arejar-sua-casa-em-dias-abafados\/"},"modified":"2024-09-24T17:13:06","modified_gmt":"2024-09-24T20:13:06","slug":"calor-excessivo-em-dias-abafados","status":"publish","type":"post","link":"https:\/\/www.aarquiteta.com.br\/blog\/calor-excessivo-em-dias-abafados\/","title":{"rendered":"5 Dicas Essenciais para evitar o calor excessivo em Dias Abafados."},"content":{"rendered":"<p>Para evitar o calor excessivos em dias abafados, manter a <a href=\"https:\/\/www.aarquiteta.com.br\/blog\/casa-e-jardim\/\" class=\"ilj-generated-link\">casa<\/a> arejada \u00e9 essencial para garantir conforto e bem-estar. Neste artigo, apresentamos 5 dicas pr\u00e1ticas que ajudar\u00e3o voc\u00ea a melhorar a circula\u00e7\u00e3o de ar em sua casa, tornando o ambiente mais agrad\u00e1vel.<\/p><h2>Destaques principais<\/h2><ul><li><b>Abertura estrat\u00e9gica de janelas<\/b>: Escolher os momentos certos para abrir as janelas \u00e9 fundamental para a ventila\u00e7\u00e3o.<\/li><li><b>Uso de ventiladores<\/b>: Eles ajudam a circular o ar e criam uma sensa\u00e7\u00e3o de frescor.<\/li><li><b>Investimento em plantas<\/b>: Elas n\u00e3o s\u00f3 embelezam, mas tamb\u00e9m filtram o ar e aumentam a umidade.<\/li><\/ul><h2>Dica 1: Abra as Janelas Estrategicamente<\/h2><p>Uma das maneiras mais simples de <b>melhorar a ventila\u00e7\u00e3o<\/b> em sua casa \u00e9 abrir as janelas. Mas n\u00e3o \u00e9 s\u00f3 abrir qualquer janela a qualquer hora. \u00c9 importante escolher os momentos certos do dia, como pela manh\u00e3 e ao entardecer, quando a temperatura est\u00e1 mais amena. Isso permite que o ar fresco entre e o ar quente saia.<\/p><h3>Posicionamento das Janelas<\/h3><figure style=\"width: 1024px\" class=\"wp-caption aligncenter\"><img decoding=\"async\" src=\"https:\/\/www.aarquiteta.com.br\/blog\/wp-content\/uploads\/2024\/09\/5-Dicas-Essenciais-para-Arejar-Sua-Casa-em-Dias-Abafados04.jpg\" alt=\"5 Dicas Essenciais para Arejar Sua Casa em Dias Abafados\" width=\"1024\" height=\"1024\" title=\"\"><figcaption class=\"wp-caption-text\">5 Dicas Essenciais para Arejar Sua Casa em Dias Abafados<\/figcaption><\/figure><p>Se poss\u00edvel, abra janelas que estejam em lados opostos da casa. Isso cria um <b>fluxo de ar cruzado<\/b>, que \u00e9 extremamente eficaz para refrescar o ambiente.<\/p><h2>Dica 2: Utilize Ventiladores<\/h2><p>Os ventiladores s\u00e3o aliados poderosos na luta contra o calor. Eles n\u00e3o apenas ajudam a circular o ar, mas tamb\u00e9m criam uma sensa\u00e7\u00e3o de frescor. Colocar um ventilador em um local estrat\u00e9gico pode fazer toda a diferen\u00e7a.<\/p><h3>Ventiladores de Teto vs. Ventiladores de Mesa<\/h3><figure style=\"width: 1024px\" class=\"wp-caption aligncenter\"><img decoding=\"async\" src=\"https:\/\/www.aarquiteta.com.br\/blog\/wp-content\/uploads\/2024\/09\/5-Dicas-Essenciais-para-Arejar-Sua-Casa-em-Dias-Abafados03.jpg\" alt=\"5 Dicas Essenciais para Arejar Sua Casa em Dias Abafados\" width=\"1024\" height=\"1024\" title=\"\"><figcaption class=\"wp-caption-text\">5 Dicas Essenciais para Arejar Sua Casa em Dias Abafados<\/figcaption><\/figure><ul><li><b>Ventiladores de teto<\/b>: Ideais para grandes <a href=\"https:\/\/www.aarquiteta.com.br\/blog\/decoracao\/ambientes-na-decoracao\/\" class=\"ilj-generated-link\">ambientes<\/a>, pois distribuem o ar de maneira uniforme.<\/li><li><b>Ventiladores de mesa<\/b>: Perfeitos para \u00e1reas menores ou para direcionar o ar em um ponto espec\u00edfico.<\/li><\/ul><h2>Dica 3: Invista em Plantas<\/h2><p>As plantas n\u00e3o apenas embelezam o ambiente, mas tamb\u00e9m ajudam a <b>filtrar o ar<\/b> e aumentar a umidade, tornando o espa\u00e7o mais fresco. Algumas plantas, como a palmeira e a samambaia, s\u00e3o especialmente eficazes nesse sentido.<\/p><h3>Escolha das Plantas<\/h3><figure style=\"width: 1024px\" class=\"wp-caption aligncenter\"><img decoding=\"async\" src=\"https:\/\/www.aarquiteta.com.br\/blog\/wp-content\/uploads\/2024\/09\/5-Dicas-Essenciais-para-Arejar-Sua-Casa-em-Dias-Abafados02.jpg\" alt=\"5 Dicas Essenciais para Arejar Sua Casa em Dias Abafados\" width=\"1024\" height=\"1024\" title=\"\"><figcaption class=\"wp-caption-text\">5 Dicas Essenciais para Arejar Sua Casa em Dias Abafados<\/figcaption><\/figure><p>Optar por plantas que se adaptam bem ao ambiente interno \u00e9 crucial. Al\u00e9m disso, elas trazem um toque de natureza que pode ser muito relaxante.<\/p><h2>Dica 4: Mantenha as Portas Abertas<\/h2><p>Assim como as janelas, as portas tamb\u00e9m devem ser mantidas abertas para permitir a <b>circula\u00e7\u00e3o de ar<\/b>. Isso \u00e9 especialmente importante em <a href=\"https:\/\/www.aarquiteta.com.br\/blog\/?s=CASAS\">casas<\/a> com corredores longos ou \u00e1reas de estar amplas.<\/p><h3>Cria\u00e7\u00e3o de Correntes de Ar<\/h3><figure style=\"width: 1024px\" class=\"wp-caption aligncenter\"><img decoding=\"async\" src=\"https:\/\/www.aarquiteta.com.br\/blog\/wp-content\/uploads\/2024\/09\/5-Dicas-Essenciais-para-Arejar-Sua-Casa-em-Dias-Abafados01.jpg\" alt=\"5 Dicas Essenciais para Arejar Sua Casa em Dias Abafados\" width=\"1024\" height=\"1024\" title=\"\"><figcaption class=\"wp-caption-text\">5 Dicas Essenciais para Arejar Sua Casa em Dias Abafados<\/figcaption><\/figure><p>Ao abrir as portas, voc\u00ea cria uma corrente de ar que ajuda a refrescar o ambiente. Experimente abrir as portas de todos os c\u00f4modos para maximizar o efeito.<\/p><h2>Dica 5: Use Cortinas Leves<\/h2><p><a href=\"https:\/\/www.aarquiteta.com.br\/blog\/home-decor\/acessorios-para-decoracao\/tapetes-e-cortinas-acessorios-para-decoracao\/\" class=\"ilj-generated-link\">Cortinas<\/a> pesadas podem reter o calor, enquanto cortinas leves permitem que a luz natural entre, mantendo o ambiente mais <b>fresco e iluminado<\/b>. Opte por tecidos como linho ou algod\u00e3o.<\/p><h3>Cor e Estilo das Cortinas<\/h3><p>Escolher <a href=\"https:\/\/www.aarquiteta.com.br\/blog\/?s=CORES\">cores<\/a> claras para as cortinas pode ajudar a refletir a luz e o calor, contribuindo para um ambiente mais agrad\u00e1vel.<\/p><h2>Conclus\u00e3o<\/h2><p>Manter a casa fresca e arejada nos dias abafados n\u00e3o precisa ser uma tarefa dif\u00edcil. Com essas 5 dicas pr\u00e1ticas, voc\u00ea pode transformar seu lar em um espa\u00e7o mais confort\u00e1vel e acolhedor. Lembre-se de que pequenas mudan\u00e7as podem fazer uma grande diferen\u00e7a na qualidade do ar e no seu bem-estar.<\/p><h3>Assista agora a minha recomenda\u00e7\u00e3o de video abaixo sobre o tema que estamos tratando neste artigo:<\/h3><div class=\"youtube-embed\" data-video_id=\"AEUbiDBkYOA\"><iframe title=\"5 Dicas Exclusivas de como reduzir MUITO o calor em casa (Simples e Eficaz)\" width=\"696\" height=\"392\" src=\"https:\/\/www.youtube.com\/embed\/AEUbiDBkYOA?feature=oembed&#038;enablejsapi=1\" frameborder=\"0\" allow=\"accelerometer; autoplay; clipboard-write; encrypted-media; gyroscope; picture-in-picture; web-share\" referrerpolicy=\"strict-origin-when-cross-origin\" allowfullscreen><\/iframe><\/div>","protected":false},"excerpt":{"rendered":"<p>Descubra 5 dicas pr\u00e1ticas para manter sua casa fresca e arejada nos dias mais abafados. Mantenha o conforto e a ventila\u00e7\u00e3o adequados com solu\u00e7\u00f5es simples!<\/p>\n","protected":false},"author":102,"featured_media":130553,"comment_status":"closed","ping_status":"closed","sticky":false,"template":"","format":"standard","meta":{"footnotes":""},"categories":[1484,971,18792,18794],"tags":[],"class_list":["post-130556","post","type-post","status-publish","format-standard","has-post-thumbnail","category-decoracao","category-design-de-interiores","category-decoracao-de-apartamento","category-projetos-de-decoracao-de-casas"],"_wp_attached_file":null,"_wp_attachment_metadata":null,"_wp_attachment_context":null,"_wp_attachment_is_custom_header":null,"geo_longitude":null,"geo_public":null,"geo_latitude":null,"_publicize_done_external":null,"_wpas_done_3897181":null,"publicize_twitter_user":null,"_wpas_done_3897175":null,"_wpas_skip_3897181":null,"_wpas_skip_3897175":null,"_wpas_skip_3924723":null,"_wpas_mess":null,"_wpas_done_3924723":null,"wps_subtitle":"","_links":{"self":[{"href":"https:\/\/www.aarquiteta.com.br\/blog\/wp-json\/wp\/v2\/posts\/130556","targetHints":{"allow":["GET"]}}],"collection":[{"href":"https:\/\/www.aarquiteta.com.br\/blog\/wp-json\/wp\/v2\/posts"}],"about":[{"href":"https:\/\/www.aarquiteta.com.br\/blog\/wp-json\/wp\/v2\/types\/post"}],"author":[{"embeddable":true,"href":"https:\/\/www.aarquiteta.com.br\/blog\/wp-json\/wp\/v2\/users\/102"}],"replies":[{"embeddable":true,"href":"https:\/\/www.aarquiteta.com.br\/blog\/wp-json\/wp\/v2\/comments?post=130556"}],"version-history":[{"count":0,"href":"https:\/\/www.aarquiteta.com.br\/blog\/wp-json\/wp\/v2\/posts\/130556\/revisions"}],"wp:featuredmedia":[{"embeddable":true,"href":"https:\/\/www.aarquiteta.com.br\/blog\/wp-json\/wp\/v2\/media\/130553"}],"wp:attachment":[{"href":"https:\/\/www.aarquiteta.com.br\/blog\/wp-json\/wp\/v2\/media?parent=130556"}],"wp:term":[{"taxonomy":"category","embeddable":true,"href":"https:\/\/www.aarquiteta.com.br\/blog\/wp-json\/wp\/v2\/categories?post=130556"},{"taxonomy":"post_tag","embeddable":true,"href":"https:\/\/www.aarquiteta.com.br\/blog\/wp-json\/wp\/v2\/tags?post=130556"}],"curies":[{"name":"wp","href":"https:\/\/api.w.org\/{rel}","templated":true}]}}