{"id":130467,"date":"2024-09-23T13:15:42","date_gmt":"2024-09-23T16:15:42","guid":{"rendered":"https:\/\/www.aarquiteta.com.br\/blog\/luminaria-de-mesa-2\/"},"modified":"2024-09-23T13:15:42","modified_gmt":"2024-09-23T16:15:42","slug":"luminaria-de-mesa-2","status":"publish","type":"post","link":"https:\/\/www.aarquiteta.com.br\/blog\/luminaria-de-mesa-2\/","title":{"rendered":"Lumin\u00e1ria de mesa: pe\u00e7a acess\u00edvel e pr\u00e1tica para iluminar e decorar"},"content":{"rendered":"<p><body><\/p><p>As lumin\u00e1rias de mesa s\u00e3o elementos chave que trazem n\u00e3o apenas luz, mas tamb\u00e9m estilo e personalidade para qualquer ambiente. Flex\u00edveis e pr\u00e1ticas, elas se tornam solu\u00e7\u00f5es acess\u00edveis para quem deseja transformar espa\u00e7os, seja em casa ou no escrit\u00f3rio, sem grandes complica\u00e7\u00f5es.<\/p><h2>Introdu\u00e7\u00e3o<\/h2><p>Por onde come\u00e7ar a reimaginar a ilumina\u00e7\u00e3o em casa? Fica f\u00e1cil se voc\u00ea considerar as lumin\u00e1rias de mesa como suas aliadas. Vamos explorar juntos como esse simples objeto pode mudar a cara do seu lar!<\/p><h2>Import\u00e2ncia da Ilumina\u00e7\u00e3o nos Ambientes<\/h2><p>A <b>ilumina\u00e7\u00e3o<\/b> \u00e9 um dos pilares da decora\u00e7\u00e3o. N\u00e3o subestime o poder de uma luz bem posicionada \u2014 ela pode transformar o seu \u00e2nimo e at\u00e9 influenciar a produtividade.<\/p><h3>O impacto psicol\u00f3gico da luz<\/h3><p>Quando penso na luz natural, a primeira coisa que vem \u00e0 mente \u00e9 como ela <b>eleva o esp\u00edrito<\/b>. J\u00e1 uma luz suave \u00e0 noite cria um clima intimista, perfeito para relaxar ap\u00f3s um dia corrido. Sabe aquela sensa\u00e7\u00e3o gostosa de estar em casa? Tudo come\u00e7a com a luz!<\/p><h2>Como Escolher a Lumin\u00e1ria de Mesa Ideal<\/h2><p>Na hora de escolher sua lumin\u00e1ria de mesa, \u00e9 preciso considerar v\u00e1rias facetas: estilo, espa\u00e7o, l\u00e2mpadas e materiais. Vamos dissecar cada um deles!<\/p><h3>Estilo de Decora\u00e7\u00e3o<\/h3><figure style=\"width: 1024px\" class=\"wp-caption aligncenter\"><img decoding=\"async\" src=\"https:\/\/www.aarquiteta.com.br\/blog\/wp-content\/uploads\/2024\/09\/luminaria-de-mesa01.jpg\" alt=\"Lumin\u00e1ria de mesa: pe\u00e7a acess\u00edvel e pr\u00e1tica para iluminar e decorar\" width=\"1024\" height=\"1024\" title=\"\"><figcaption class=\"wp-caption-text\">Lumin\u00e1ria de mesa: pe\u00e7a acess\u00edvel e pr\u00e1tica para iluminar e decorar<\/figcaption><\/figure><p>Primeiramente, alinhe suas escolhas ao <b>estilo do ambiente<\/b>. Se seu espa\u00e7o \u00e9 mais r\u00fastico, busque lumin\u00e1rias de madeira ou de design <a href=\"https:\/\/www.aarquiteta.com.br\/blog\/design-sustentavel-elementos-vintage-moveis-reciclados\/\" class=\"ilj-generated-link\">vintage<\/a>. Para uma pegada moderna, lumin\u00e1rias minimalistas v\u00e3o cair como uma luva. O importante \u00e9 que a lumin\u00e1ria seja a cereja do bolo!<\/p><h3>Tamanho do Espa\u00e7o Dispon\u00edvel<\/h3><figure style=\"width: 1024px\" class=\"wp-caption aligncenter\"><img decoding=\"async\" src=\"https:\/\/www.aarquiteta.com.br\/blog\/wp-content\/uploads\/2024\/09\/luminaria-de-mesa-1-1200x800.jpg\" alt=\"Lumin\u00e1ria de mesa em quarto branco.\" title=\"\"><figcaption class=\"wp-caption-text\">Lumin\u00e1ria de mesa em quarto branco.<\/figcaption><\/figure><p>\u00c9 crucial que a lumin\u00e1ria n\u00e3o <b>seja um estorvo<\/b>, especialmente em mesas pequenas. Uma lumin\u00e1ria compacta pode trazer versatilidade sem comprometer o espa\u00e7o. J\u00e1 em mesas grandes, n\u00e3o hesite em ousar com modelos maiores \u2014 eles podem ser verdadeiros pontos de aten\u00e7\u00e3o!<\/p><h3>Temperatura e Intensidade da L\u00e2mpada<\/h3><figure style=\"width: 1024px\" class=\"wp-caption aligncenter\"><img decoding=\"async\" src=\"https:\/\/www.aarquiteta.com.br\/blog\/wp-content\/uploads\/2024\/09\/luminaria-de-mesa02.jpg\" alt=\"Lumin\u00e1ria de mesa: pe\u00e7a acess\u00edvel e pr\u00e1tica para iluminar e decorar\" width=\"1024\" height=\"1024\" title=\"\"><figcaption class=\"wp-caption-text\">Lumin\u00e1ria de mesa: pe\u00e7a acess\u00edvel e pr\u00e1tica para iluminar e decorar<\/figcaption><\/figure><p>A temperatura da l\u00e2mpada influencia muito na <b>atmosfera<\/b> criada. L\u00e2mpadas quentes s\u00e3o perfeitas para um toque aconchegante, enquanto as frias servem para ambientes que exigem mais foco. Aposte em l\u00e2mpadas ajust\u00e1veis para ter sempre a ilumina\u00e7\u00e3o ideal, certo?<\/p><h3>Materiais e Acabamentos<\/h3><figure style=\"width: 1024px\" class=\"wp-caption aligncenter\"><img decoding=\"async\" src=\"https:\/\/www.aarquiteta.com.br\/blog\/wp-content\/uploads\/2024\/09\/luminaria-de-mesa-5-1120x747.jpg\" alt=\"Esta lumin\u00e1ria faz parte da mesa lateral dourada, adiciona um toque de sofistica\u00e7\u00e3o e funcionalidade \u00e0 sala de estar.\" title=\"\"><figcaption class=\"wp-caption-text\">Esta lumin\u00e1ria faz parte da mesa lateral dourada, adiciona um toque de sofistica\u00e7\u00e3o e funcionalidade \u00e0 sala de estar.<\/figcaption><\/figure><p>Materiais como <b>metal<\/b>, <b>vidro<\/b> e <b>madeira<\/b> n\u00e3o s\u00f3 definem o estilo da lumin\u00e1ria, mas tamb\u00e9m a durabilidade. Afinal, quem n\u00e3o prefere algo que dura e ainda combina com o resto da decora\u00e7\u00e3o?<\/p><h2>Modelos de Lumin\u00e1rias de Mesa<\/h2><p>Com tantas op\u00e7\u00f5es no mercado, escolher a lumin\u00e1ria certa pode parecer um quebra-cabe\u00e7a. Mas fique tranquilo, porque vou te mostrar algumas op\u00e7\u00f5es que combinam bem com diferentes cen\u00e1rios!<\/p><h3>Lumin\u00e1ria de Mesa Estilo Clip<\/h3><figure style=\"width: 1024px\" class=\"wp-caption aligncenter\"><img decoding=\"async\" src=\"https:\/\/www.aarquiteta.com.br\/blog\/wp-content\/uploads\/2024\/09\/luminaria-de-mesa03.jpg\" alt=\"Lumin\u00e1ria de mesa: pe\u00e7a acess\u00edvel e pr\u00e1tica para iluminar e decorar\" width=\"1024\" height=\"1024\" title=\"\"><figcaption class=\"wp-caption-text\">Lumin\u00e1ria de mesa: pe\u00e7a acess\u00edvel e pr\u00e1tica para iluminar e decorar<\/figcaption><\/figure><p>Perfeita para <b>espa\u00e7os compactos<\/b>, essa lumin\u00e1ria \u00e9 pr\u00e1tica e bastante vers\u00e1til, podendo ser fixada onde voc\u00ea precisar. Ideal para quem n\u00e3o tem muito espa\u00e7o, mas ainda quer iluminar!<\/p><h3>Lumin\u00e1ria de Mesa Articulada<\/h3><figure style=\"width: 1024px\" class=\"wp-caption aligncenter\"><img decoding=\"async\" src=\"https:\/\/www.aarquiteta.com.br\/blog\/wp-content\/uploads\/2024\/09\/luminaria-de-mesa-2-747x1120.jpg\" alt=\"Lumin\u00e1ria de mesa pode ser um elemento discreto que harmoniza e complementa toda a decora\u00e7\u00e3o do ambiente.\" title=\"\"><figcaption class=\"wp-caption-text\">Lumin\u00e1ria de mesa pode ser um elemento discreto que harmoniza e complementa toda a decora\u00e7\u00e3o do ambiente.<\/figcaption><\/figure><p>Se voc\u00ea trabalha ou estuda em casa, uma lumin\u00e1ria com bra\u00e7o articulado \u00e9 <b>uma m\u00e3o na roda<\/b>. Ela permite que voc\u00ea aponte a luz exatamente onde for necess\u00e1rio, evitando sombras e criando o ambiente ideal para se concentrar.<\/p><h3>Lumin\u00e1rias de Mesa Estilo Abajur<\/h3><figure style=\"width: 1024px\" class=\"wp-caption aligncenter\"><img decoding=\"async\" src=\"https:\/\/www.aarquiteta.com.br\/blog\/wp-content\/uploads\/2024\/09\/luminaria-de-mesa4.jpg\" alt=\"Lumin\u00e1ria de mesa: pe\u00e7a acess\u00edvel e pr\u00e1tica para iluminar e decorar\" width=\"1024\" height=\"1024\" title=\"\"><figcaption class=\"wp-caption-text\">Lumin\u00e1ria de mesa: pe\u00e7a acess\u00edvel e pr\u00e1tica para iluminar e decorar<\/figcaption><\/figure><p>Cl\u00e1ssicas e atemporais, as <b>lumin\u00e1rias estilo abajur<\/b> s\u00e3o excelentes para trazer charme a qualquer c\u00f4modo. Vers\u00e1teis, elas se encaixam tanto em decora\u00e7\u00f5es tradicionais quanto nas mais modernas.<\/p><h2>Conclus\u00e3o<\/h2><p>Resumindo, as lumin\u00e1rias de mesa s\u00e3o mais que apenas uma <b>solu\u00e7\u00e3o pr\u00e1tica<\/b> \u2014 elas d\u00e3o vida ao ambiente. Com um leque de estilos e modelos \u00e0 disposi\u00e7\u00e3o, \u00e9 poss\u00edvel encontrar a lumin\u00e1ria perfeita que realce a beleza do seu espa\u00e7o. Luz, estilo e aconchego, tudo isso em uma pe\u00e7a acess\u00edvel. E a\u00ed, pronto para dar aquele toque especial na sua casa?<\/p><p><\/body><br \/><figure style=\"width: 1024px\" class=\"wp-caption aligncenter\"><img decoding=\"async\" src=\"https:\/\/www.aarquiteta.com.br\/blog\/wp-content\/uploads\/2024\/09\/luminaria-de-mesa-3-1120x747.jpg\" alt=\"Neste quarto infantil, a lumin\u00e1ria de mesa proporciona a luz ideal para momentos de aprendizado e criatividade na escrivaninha, sem ocupar muito espa\u00e7o.\" title=\"\"><figcaption class=\"wp-caption-text\">Neste quarto infantil, a lumin\u00e1ria de mesa proporciona a luz ideal para momentos de aprendizado e criatividade na escrivaninha, sem ocupar muito espa\u00e7o.<\/figcaption><\/figure><h3>Para se aprofundar mais sobre o tema, veja a minha recomenda\u00e7\u00e3o sobre o tema deste artigo no v\u00eddeo a seguir abaixo:<\/h3><p><iframe title=\"YouTube video player\" src=\"https:\/\/www.youtube.com\/embed\/WJm3Vq-F0gc\" width=\"560\" height=\"315\" frameborder=\"0\" allowfullscreen=\"allowfullscreen\"><\/iframe><\/p><figure style=\"width: 1024px\" class=\"wp-caption aligncenter\"><img decoding=\"async\" src=\"https:\/\/www.aarquiteta.com.br\/blog\/wp-content\/uploads\/2024\/09\/luminaria-de-mesa-6-896x1120.jpg\" alt=\"Lumin\u00e1rias de mesa com luz amarela suave s\u00e3o ideais para quartos.\" title=\"\"><figcaption class=\"wp-caption-text\">Lumin\u00e1rias de mesa com luz amarela suave s\u00e3o ideais para quartos.<\/figcaption><\/figure><figure style=\"width: 1024px\" class=\"wp-caption aligncenter\"><img decoding=\"async\" src=\"https:\/\/www.aarquiteta.com.br\/blog\/wp-content\/uploads\/2024\/09\/luminaria-de-mesa-7-840x1120.jpg\" alt=\"O material, metal dourado polido, fez toda a diferen\u00e7a nessa lumin\u00e1ria de mesa.\" title=\"\"><figcaption class=\"wp-caption-text\">O material, metal dourado polido, fez toda a diferen\u00e7a nessa lumin\u00e1ria de mesa.<\/figcaption><\/figure>","protected":false},"excerpt":{"rendered":"<p>Descubra como as lumin\u00e1rias de mesa transformam a decora\u00e7\u00e3o e a ilumina\u00e7\u00e3o dos ambientes de forma acess\u00edvel.<\/p>\n","protected":false},"author":102,"featured_media":130459,"comment_status":"closed","ping_status":"closed","sticky":false,"template":"","format":"standard","meta":{"footnotes":""},"categories":[1507],"tags":[],"class_list":["post-130467","post","type-post","status-publish","format-standard","has-post-thumbnail","category-arquitetura"],"_wp_attached_file":null,"_wp_attachment_metadata":null,"_wp_attachment_context":null,"_wp_attachment_is_custom_header":null,"geo_longitude":null,"geo_public":null,"geo_latitude":null,"_publicize_done_external":null,"_wpas_done_3897181":null,"publicize_twitter_user":null,"_wpas_done_3897175":null,"_wpas_skip_3897181":null,"_wpas_skip_3897175":null,"_wpas_skip_3924723":null,"_wpas_mess":null,"_wpas_done_3924723":null,"wps_subtitle":"","_links":{"self":[{"href":"https:\/\/www.aarquiteta.com.br\/blog\/wp-json\/wp\/v2\/posts\/130467","targetHints":{"allow":["GET"]}}],"collection":[{"href":"https:\/\/www.aarquiteta.com.br\/blog\/wp-json\/wp\/v2\/posts"}],"about":[{"href":"https:\/\/www.aarquiteta.com.br\/blog\/wp-json\/wp\/v2\/types\/post"}],"author":[{"embeddable":true,"href":"https:\/\/www.aarquiteta.com.br\/blog\/wp-json\/wp\/v2\/users\/102"}],"replies":[{"embeddable":true,"href":"https:\/\/www.aarquiteta.com.br\/blog\/wp-json\/wp\/v2\/comments?post=130467"}],"version-history":[{"count":0,"href":"https:\/\/www.aarquiteta.com.br\/blog\/wp-json\/wp\/v2\/posts\/130467\/revisions"}],"wp:featuredmedia":[{"embeddable":true,"href":"https:\/\/www.aarquiteta.com.br\/blog\/wp-json\/wp\/v2\/media\/130459"}],"wp:attachment":[{"href":"https:\/\/www.aarquiteta.com.br\/blog\/wp-json\/wp\/v2\/media?parent=130467"}],"wp:term":[{"taxonomy":"category","embeddable":true,"href":"https:\/\/www.aarquiteta.com.br\/blog\/wp-json\/wp\/v2\/categories?post=130467"},{"taxonomy":"post_tag","embeddable":true,"href":"https:\/\/www.aarquiteta.com.br\/blog\/wp-json\/wp\/v2\/tags?post=130467"}],"curies":[{"name":"wp","href":"https:\/\/api.w.org\/{rel}","templated":true}]}}