{"id":130453,"date":"2024-09-23T12:33:03","date_gmt":"2024-09-23T15:33:03","guid":{"rendered":"https:\/\/www.aarquiteta.com.br\/blog\/rack-para-sala-pequena\/"},"modified":"2024-09-23T12:33:03","modified_gmt":"2024-09-23T15:33:03","slug":"rack-para-sala-pequena","status":"publish","type":"post","link":"https:\/\/www.aarquiteta.com.br\/blog\/rack-para-sala-pequena\/","title":{"rendered":"Como escolher um rack perfeito para salas pequenas"},"content":{"rendered":"<p>Descubra como escolher o rack perfeito para sua sala pequena, garantindo funcionalidade e estilo, com dicas especializadas da arquiteta Vanessa Sant\u2019Anna.<\/p>\n<h2>Introdu\u00e7\u00e3o<\/h2>\n<p>Quando a sala \u00e9 pequena, o desafio de mobiliar o espa\u00e7o fica ainda mais interessante. Um rack bem planejado <b>n\u00e3o s\u00f3 otimiza o ambiente<\/b>, mas tamb\u00e9m agrega valor ao seu estilo pessoal. Vamos explorar juntos as melhores dicas para essa escolha.<\/p>\n<h2>Considera\u00e7\u00f5es sobre o Espa\u00e7o<\/h2>\n<h3>Metragem do Ambiente<\/h3>\n<p>A primeira coisa que fa\u00e7o \u00e9 sempre <b>medir a \u00e1rea dispon\u00edvel<\/b>. A metragem \u00e9 crucial, pois um rack que n\u00e3o se encaixa adequadamente pode transformar sua sala em um labirinto. Ao ter em mente quantos metros voc\u00ea tem, fica f\u00e1cil visualizar o que vai funcionar.<\/p>\n<h3>Tamanho do M\u00f3vel<\/h3>\n<figure style=\"width: 1024px\" class=\"wp-caption aligncenter\"><img decoding=\"async\" src=\"https:\/\/www.aarquiteta.com.br\/blog\/wp-content\/uploads\/2024\/09\/rack-para-sala-pequena01.jpg\" alt=\"Como escolher um rack perfeito para salas pequenas\" width=\"1024\" height=\"1024\" title=\"\"><figcaption class=\"wp-caption-text\">Como escolher um rack perfeito para salas pequenas<\/figcaption><\/figure>\n<p>Opte por um rack que <b>seja compacto e funcional<\/b>. N\u00e3o \u00e9 preciso abrir m\u00e3o do estilo para garantir a circula\u00e7\u00e3o. \u00c0s vezes, um m\u00f3vel menor consegue atender \u00e0 todas as suas necessidades, desde que seja bem planejado.<\/p>\n<h2>Materiais Adequados<\/h2>\n<h3>Por que optar pelo MDF?<\/h3>\n<figure style=\"width: 1024px\" class=\"wp-caption aligncenter\"><img decoding=\"async\" src=\"https:\/\/www.aarquiteta.com.br\/blog\/wp-content\/uploads\/2024\/09\/rack-para-sala-pequena-00.jpg\" alt=\"Foto de rack para sala pequena 01 - 1\" title=\"\"><figcaption class=\"wp-caption-text\">Foto de rack para sala pequena 01 &#8211; 1<\/figcaption><\/figure>\n<p>O MDF \u00e9 um dos materiais mais populares nos meus projetos. Sua <b>versatilidade e custo-benef\u00edcio<\/b> s\u00e3o insuper\u00e1veis. Al\u00e9m disso, a possibilidade de personalizar o rack de acordo com suas prefer\u00eancias \u00e9 um verdadeiro ganho. Afinal, quem n\u00e3o gosta de um toque pessoal na decora\u00e7\u00e3o, n\u00e3o \u00e9 mesmo?<\/p>\n<h2>Design e Estilo<\/h2>\n<h3>Racks Sob Medida<\/h3>\n<figure style=\"width: 1024px\" class=\"wp-caption aligncenter\"><img decoding=\"async\" src=\"https:\/\/www.aarquiteta.com.br\/blog\/wp-content\/uploads\/2024\/09\/rack-para-sala-pequena02.jpg\" alt=\"Como escolher um rack perfeito para salas pequenas\" width=\"1024\" height=\"1024\" title=\"\"><figcaption class=\"wp-caption-text\">Como escolher um rack perfeito para salas pequenas<\/figcaption><\/figure>\n<p>Um rack sob medida \u00e9 a solu\u00e7\u00e3o perfeita para <b>otimizar o espa\u00e7o<\/b> em salas pequenas. Ele se ajusta de maneira harmoniosa ao ambiente, aproveitando cada cantinho da sala. Imagine como \u00e9 satisfat\u00f3rio olhar para um m\u00f3vel que parece ter sido feito sob medida para voc\u00ea!<\/p>\n<h3>Racks Modulares<\/h3>\n<figure style=\"width: 1024px\" class=\"wp-caption aligncenter\"><img decoding=\"async\" src=\"https:\/\/www.aarquiteta.com.br\/blog\/wp-content\/uploads\/2024\/09\/rack-para-sala-pequena-01-730x449.jpg\" alt=\"Foto de rack para sala pequena 02 - 5\" title=\"\"><figcaption class=\"wp-caption-text\">Foto de rack para sala pequena 02 &#8211; 5<\/figcaption><\/figure>\n<p>Outra alternativa interessante s\u00e3o os racks modulares. Eles oferecem <b>personaliza\u00e7\u00e3o e versatilidade<\/b>, permitindo que voc\u00ea transforme o ambiente conforme sua necessidade. Isso sem contar na est\u00e9tica que eles podem trazer ao espa\u00e7o!<\/p>\n<h2>Otimiza\u00e7\u00e3o do Espa\u00e7o<\/h2>\n<h3>Prateleiras e Nichos<\/h3>\n<figure style=\"width: 1024px\" class=\"wp-caption aligncenter\"><img decoding=\"async\" src=\"https:\/\/www.aarquiteta.com.br\/blog\/wp-content\/uploads\/2024\/09\/rack-para-sala-pequena03.jpg\" alt=\"Como escolher um rack perfeito para salas pequenas\" width=\"1024\" height=\"1024\" title=\"\"><figcaption class=\"wp-caption-text\">Como escolher um rack perfeito para salas pequenas<\/figcaption><\/figure>\n<p>Ah, as prateleiras! S\u00e3o verdadeiros salvadores. Usar prateleiras ou nichos \u00e9 uma maneira eficaz de <b>transformar o espa\u00e7o<\/b>. Al\u00e9m disso, essas solu\u00e7\u00f5es criam superf\u00edcies para TV e decora\u00e7\u00e3o, tudo sem aglomerar o ambiente.<\/p>\n<h3>Portas e Acess\u00f3rios<\/h3>\n<figure style=\"width: 1024px\" class=\"wp-caption aligncenter\"><img decoding=\"async\" src=\"https:\/\/www.aarquiteta.com.br\/blog\/wp-content\/uploads\/2024\/09\/rack-para-sala-pequena-02-730x487.jpg\" alt=\"Ao escolher um rack para sala pequena, \u00e9 importante considerar a metragem do ambiente, o tamanho do m\u00f3vel, o tipo de sof\u00e1 que deseja incluir e a medida da parede onde ser\u00e1 acomodado. A arquiteta recomenda um m\u00f3vel compacto e funcional que sirva para guardar equipamentos e objetos diversos. A seguir, confira outras dicas para escolher o rack ideal:\" title=\"\"><figcaption class=\"wp-caption-text\">Ao escolher um rack para sala pequena, \u00e9 importante considerar a metragem do ambiente, o tamanho do m\u00f3vel, o tipo de sof\u00e1 que deseja incluir e a medida da parede onde ser\u00e1 acomodado. A arquiteta recomenda um m\u00f3vel compacto e funcional que sirva para guardar equipamentos e objetos diversos. A seguir, confira outras dicas para escolher o rack ideal:<\/figcaption><\/figure>\n<p>Incorporar portas de correr pode ser uma forma excelente de <b>economizar espa\u00e7o<\/b>. \u00c9 incr\u00edvel como pequenos detalhes, como puxadores em cava ou acabamentos inteligentes, podem fazer toda a diferen\u00e7a na funcionalidade e na organiza\u00e7\u00e3o da sala.<\/p>\n<h2>Decora\u00e7\u00e3o e Funcionalidade<\/h2>\n<h3>Personalizando o Rack<\/h3>\n<figure style=\"width: 1024px\" class=\"wp-caption aligncenter\"><img decoding=\"async\" src=\"https:\/\/www.aarquiteta.com.br\/blog\/wp-content\/uploads\/2024\/09\/rack-para-sala-pequena4.jpg\" alt=\"Como escolher um rack perfeito para salas pequenas\" width=\"1024\" height=\"1024\" title=\"\"><figcaption class=\"wp-caption-text\">Como escolher um rack perfeito para salas pequenas<\/figcaption><\/figure>\n<p>N\u00e3o podemos esquecer da parte decorativa! Adicionar <b>elementos que expressem a sua personalidade<\/b> ao rack traz vida ao ambiente. Uma planta aqui, um livro ali, e de repente sua sala j\u00e1 parece outra!<\/p>\n<h3>Manuten\u00e7\u00e3o da Ordem Visual<\/h3>\n<figure style=\"width: 1024px\" class=\"wp-caption aligncenter\"><img decoding=\"async\" src=\"https:\/\/www.aarquiteta.com.br\/blog\/wp-content\/uploads\/2024\/09\/rack-para-sala-pequena-03-730x912.jpg\" alt=\"Para aproveitar o espa\u00e7o e conseguir um resultado mais harm\u00f4nico, considere fazer o rack sob medida. Para isso, entenda as necessidades espec\u00edficas da sua sala e pense na quantidade e no tamanho dos equipamentos que ser\u00e3o colocados no m\u00f3vel.\" title=\"\"><figcaption class=\"wp-caption-text\">Para aproveitar o espa\u00e7o e conseguir um resultado mais harm\u00f4nico, considere fazer o rack sob medida. Para isso, entenda as necessidades espec\u00edficas da sua sala e pense na quantidade e no tamanho dos equipamentos que ser\u00e3o colocados no m\u00f3vel.<\/figcaption><\/figure>\n<p>\u00c9 importante manter a est\u00e9tica visual equilibrada. <b>Esconder cabos e utilizar m\u00f3veis que aumentem a sensa\u00e7\u00e3o de amplitude<\/b> \u00e9 uma estrat\u00e9gia que pode mudar o clima do espa\u00e7o. Afinal, quem gosta de ver fios expostos, n\u00e3o \u00e9?\u201d<\/p>\n<h2>Conclus\u00e3o<\/h2>\n<p>Escolher o rack ideal para salas pequenas \u00e9 mais do que apenas uma decis\u00e3o est\u00e9tica. \u00c9 uma <b>combina\u00e7\u00e3o de planejamento, escolha de materiais e aten\u00e7\u00e3o aos detalhes decorativos<\/b>. Invista tempo nesse processo e observe a transforma\u00e7\u00e3o m\u00e1gica do seu espa\u00e7o em um ambiente harmonioso.<\/p>\n<h3>Para se aprofundar mais sobre o tema, veja a minha recomenda\u00e7\u00e3o sobre o tema deste artigo no v\u00eddeo a seguir abaixo:<\/h3>\n<p><iframe title=\"YouTube video player\" src=\"https:\/\/www.youtube.com\/embed\/O7PSWXP500M\" width=\"560\" height=\"315\" frameborder=\"0\" allowfullscreen=\"allowfullscreen\"><\/iframe><\/p>\n<figure style=\"width: 1024px\" class=\"wp-caption aligncenter\"><img decoding=\"async\" src=\"https:\/\/www.aarquiteta.com.br\/blog\/wp-content\/uploads\/2024\/09\/rack-para-sala-pequena-04-730x913.jpg\" alt=\"Em paredes pequenas, o ideal \u00e9 que o rack ocupe toda a sua largura. Se isso n\u00e3o for poss\u00edvel, procure preencher o espa\u00e7o vazio com vasos de plantas, uma marcenaria ou algum m\u00f3vel solto que harmonize com o restante do ambiente.\" title=\"\"><figcaption class=\"wp-caption-text\">Em paredes pequenas, o ideal \u00e9 que o rack ocupe toda a sua largura. Se isso n\u00e3o for poss\u00edvel, procure preencher o espa\u00e7o vazio com vasos de plantas, uma marcenaria ou algum m\u00f3vel solto que harmonize com o restante do ambiente.<\/figcaption><\/figure>\n<figure style=\"width: 1024px\" class=\"wp-caption aligncenter\"><img decoding=\"async\" src=\"https:\/\/www.aarquiteta.com.br\/blog\/wp-content\/uploads\/2024\/09\/rack-para-sala-pequena-05-730x619.jpg\" alt=\"Se voc\u00ea quer fugir da reforma, posicione o rack na parede onde j\u00e1 existam pontos de tomada e antena.\" title=\"\"><figcaption class=\"wp-caption-text\">Se voc\u00ea quer fugir da reforma, posicione o rack na parede onde j\u00e1 existam pontos de tomada e antena.<\/figcaption><\/figure>\n","protected":false},"excerpt":{"rendered":"<p>Descubra como escolher o rack ideal para sua sala pequena com dicas pr\u00e1ticas e funcionais para otimizar o espa\u00e7o.<\/p>\n","protected":false},"author":102,"featured_media":130446,"comment_status":"closed","ping_status":"closed","sticky":false,"template":"","format":"standard","meta":{"footnotes":""},"categories":[1484],"tags":[],"class_list":["post-130453","post","type-post","status-publish","format-standard","has-post-thumbnail","category-decoracao"],"_wp_attached_file":null,"_wp_attachment_metadata":null,"_wp_attachment_context":null,"_wp_attachment_is_custom_header":null,"geo_longitude":null,"geo_public":null,"geo_latitude":null,"_publicize_done_external":null,"_wpas_done_3897181":null,"publicize_twitter_user":null,"_wpas_done_3897175":null,"_wpas_skip_3897181":null,"_wpas_skip_3897175":null,"_wpas_skip_3924723":null,"_wpas_mess":null,"_wpas_done_3924723":null,"wps_subtitle":"","_links":{"self":[{"href":"https:\/\/www.aarquiteta.com.br\/blog\/wp-json\/wp\/v2\/posts\/130453","targetHints":{"allow":["GET"]}}],"collection":[{"href":"https:\/\/www.aarquiteta.com.br\/blog\/wp-json\/wp\/v2\/posts"}],"about":[{"href":"https:\/\/www.aarquiteta.com.br\/blog\/wp-json\/wp\/v2\/types\/post"}],"author":[{"embeddable":true,"href":"https:\/\/www.aarquiteta.com.br\/blog\/wp-json\/wp\/v2\/users\/102"}],"replies":[{"embeddable":true,"href":"https:\/\/www.aarquiteta.com.br\/blog\/wp-json\/wp\/v2\/comments?post=130453"}],"version-history":[{"count":0,"href":"https:\/\/www.aarquiteta.com.br\/blog\/wp-json\/wp\/v2\/posts\/130453\/revisions"}],"wp:featuredmedia":[{"embeddable":true,"href":"https:\/\/www.aarquiteta.com.br\/blog\/wp-json\/wp\/v2\/media\/130446"}],"wp:attachment":[{"href":"https:\/\/www.aarquiteta.com.br\/blog\/wp-json\/wp\/v2\/media?parent=130453"}],"wp:term":[{"taxonomy":"category","embeddable":true,"href":"https:\/\/www.aarquiteta.com.br\/blog\/wp-json\/wp\/v2\/categories?post=130453"},{"taxonomy":"post_tag","embeddable":true,"href":"https:\/\/www.aarquiteta.com.br\/blog\/wp-json\/wp\/v2\/tags?post=130453"}],"curies":[{"name":"wp","href":"https:\/\/api.w.org\/{rel}","templated":true}]}}