{"id":130398,"date":"2024-09-22T18:17:19","date_gmt":"2024-09-22T21:17:19","guid":{"rendered":"https:\/\/www.aarquiteta.com.br\/blog\/inspiracoes-de-banheiro\/"},"modified":"2024-09-22T18:17:19","modified_gmt":"2024-09-22T21:17:19","slug":"inspiracoes-de-banheiro","status":"publish","type":"post","link":"https:\/\/www.aarquiteta.com.br\/blog\/inspiracoes-de-banheiro\/","title":{"rendered":"10 inspira\u00e7\u00f5es de banheiro com produtos dos Black Days Portobello Shop"},"content":{"rendered":"<p><body><\/p>\n<p>Se voc\u00ea est\u00e1 pensando em renovar o banheiro e aproveitar uma baita promo\u00e7\u00e3o, os Black Days da Portobello Shop s\u00e3o a hora certa! Com at\u00e9 50% de desconto, voc\u00ea encontra produtos que unem beleza e funcionalidade, perfeitos para qualquer estilo.<\/p>\n<h2>Introdu\u00e7\u00e3o<\/h2>\n<p>A transforma\u00e7\u00e3o de um banheiro pode parecer um desafio, mas a verdade \u00e9 que com os produtos da Portobello e os descontos imperd\u00edveis dos Black Days, isso se torna uma tarefa agradavelmente acess\u00edvel. Vem comigo conferir inspira\u00e7\u00f5es incr\u00edveis que v\u00e3o deixar seu espa\u00e7o ainda mais especial.<\/p>\n<h2>1. Liverpool: Revestimento Colorido para Banheiro<\/h2>\n<h3>Visual Aut\u00eantico e Alegre<\/h3>\n<p>O <b>Liverpool Flamingo<\/b> e o <b>Liverpool White<\/b> s\u00e3o como uma explos\u00e3o de alegria em um banheiro. Sabe aquele momento em que voc\u00ea entra em um ambiente e sente uma energia boa? \u00c9 isso que a combina\u00e7\u00e3o dessas cores proporciona. O Liverpool Flamingo, com seu tom vibrante, traz uma sensa\u00e7\u00e3o de renova\u00e7\u00e3o, enquanto o Liverpool White equilibra a composi\u00e7\u00e3o, oferecendo uma base cl\u00e1ssica e clean. Com 14% de desconto, fica dif\u00edcil resistir!<\/p>\n<h2>2. Onyx Unique: Beleza Atemporal<\/h2>\n<h3>Uma Alternativa Cl\u00e1ssica<\/h3>\n<figure style=\"width: 1024px\" class=\"wp-caption aligncenter\"><img decoding=\"async\" src=\"https:\/\/www.aarquiteta.com.br\/blog\/wp-content\/uploads\/2024\/09\/inspiracoes-de-banheiro01.jpg\" alt=\"10 inspira\u00e7\u00f5es de banheiro com produtos dos Black Days Portobello Shop\" width=\"1024\" height=\"1024\" title=\"\"><figcaption class=\"wp-caption-text\">10 inspira\u00e7\u00f5es de banheiro com produtos dos Black Days Portobello Shop<\/figcaption><\/figure>\n<p>Buscando um toque de sofistica\u00e7\u00e3o? O <b>Onyx Unique<\/b> \u00e9 o seu melhor amigo! Esse revestimento, que remete a um m\u00e1rmore cl\u00e1ssico, \u00e9 ideal para quem busca um design que nunca sai de moda. Ele se destaca pela sua versatilidade e eleg\u00e2ncia, servindo de pano de fundo perfeito para decora\u00e7\u00f5es minimalistas ou mais elaboradas. E com 13% de desconto durante os Black Days, \u00e9 a oportunidade ideal para investir nessa beleza atemporal!<\/p>\n<h2>3. Oh!Take Mountain: Design Assinado<\/h2>\n<h3>Toques de Arquitetura Brasileira<\/h3>\n<figure style=\"width: 1024px\" class=\"wp-caption aligncenter\"><img decoding=\"async\" src=\"https:\/\/www.aarquiteta.com.br\/blog\/wp-content\/uploads\/2024\/09\/16981930498686066-1200x846.jpg\" alt=\"Entre as inspira\u00e7\u00f5es de banheiro, porcelanato marmorizado aparece em diferentes op\u00e7\u00f5es (Projeto: Ilana Santiago)\" title=\"\"><figcaption class=\"wp-caption-text\">Entre as inspira\u00e7\u00f5es de banheiro, porcelanato marmorizado aparece em diferentes op\u00e7\u00f5es (Projeto: Ilana Santiago)<\/figcaption><\/figure>\n<p>As cria\u00e7\u00f5es do <b>Ruy Ohtake<\/b>, atrav\u00e9s da linha Oh!Take, s\u00e3o como poesia em forma de revestimento. Com o <b>Oh!Take Mountain<\/b>, voc\u00ea vai trazer elementos da arquitetura brasileira para dentro do seu banheiro. O acabamento em tons de cinza \u00e9 um divisor de \u00e1guas, trazendo uma atmosfera contempor\u00e2nea e chic. E, claro, est\u00e1 em promo\u00e7\u00e3o com 16% de desconto. Uma chance de agregar valor ao seu espa\u00e7o e \u00e0 sua vida!<\/p>\n<h2>4. Bianco Covelano: Sofistica\u00e7\u00e3o Neutra<\/h2>\n<h3>Estilo e Seguran\u00e7a<\/h3>\n<figure style=\"width: 1024px\" class=\"wp-caption aligncenter\"><img decoding=\"async\" src=\"https:\/\/www.aarquiteta.com.br\/blog\/wp-content\/uploads\/2024\/09\/inspiracoes-de-banheiro02.jpg\" alt=\"10 inspira\u00e7\u00f5es de banheiro com produtos dos Black Days Portobello Shop\" width=\"1024\" height=\"1024\" title=\"\"><figcaption class=\"wp-caption-text\">10 inspira\u00e7\u00f5es de banheiro com produtos dos Black Days Portobello Shop<\/figcaption><\/figure>\n<p>O <b>Bianco Covelano<\/b> \u00e9 como aquela pe\u00e7a de roupa que voc\u00ea sabe que vai usar v\u00e1rias vezes, sempre com estilo. Ele aparece de forma elegante nas paredes e no piso, sendo uma escolha segura que n\u00e3o complica a decora\u00e7\u00e3o. A resist\u00eancia do porcelanato, com acabamento natural, proporciona seguran\u00e7a, especialmente em ambientes molhados. Vale a pena garantir esse revestimento com 11% de desconto e ter a certeza de que o seu banheiro estar\u00e1 sempre em alta!<\/p>\n<h2>5. Horizontes Zanzibar: Suavidade de Tons Pastel<\/h2>\n<h3>Atraente e Limpo<\/h3>\n<figure style=\"width: 1024px\" class=\"wp-caption aligncenter\"><img decoding=\"async\" src=\"https:\/\/www.aarquiteta.com.br\/blog\/wp-content\/uploads\/2024\/09\/16981930785689359-747x1120.jpg\" alt=\"Banheiro claro, com box rosa e marcenaria verde (Projeto: Nathalia Loureiro Arquitetura \/ Foto: Em\u00edlio Rothfuchs)\" title=\"\"><figcaption class=\"wp-caption-text\">Banheiro claro, com box rosa e marcenaria verde (Projeto: Nathalia Loureiro Arquitetura \/ Foto: Em\u00edlio Rothfuchs)<\/figcaption><\/figure>\n<p>O <b>Horizontes Zanzibar<\/b> traz uma suavidade que \u00e9 quase como um abra\u00e7o. Os tons pastel tornam esse revestimento perfeito para banheiros que inspiram tranquilidade e relaxamento. A linha, idealizada por algu\u00e9m que realmente viveu o design, traduz uma experi\u00eancia sensorial que cabe muito bem no seu dia a dia. Por 17% de desconto, \u00e9 a maneira ideal de dar um toque suave \u00e0 sua casa!<\/p>\n<h2>6. Artematica Mirtilo: Textura e Cor<\/h2>\n<h3>Decora\u00e7\u00e3o \u00danica e Personalizada<\/h3>\n<figure style=\"width: 1024px\" class=\"wp-caption aligncenter\"><img decoding=\"async\" src=\"https:\/\/www.aarquiteta.com.br\/blog\/wp-content\/uploads\/2024\/09\/inspiracoes-de-banheiro03.jpg\" alt=\"10 inspira\u00e7\u00f5es de banheiro com produtos dos Black Days Portobello Shop\" width=\"1024\" height=\"1024\" title=\"\"><figcaption class=\"wp-caption-text\">10 inspira\u00e7\u00f5es de banheiro com produtos dos Black Days Portobello Shop<\/figcaption><\/figure>\n<p>Se tem uma coisa que o <b>Artematica Mirtilo<\/b> faz \u00e9 proporcionar exclusividade! Imagine ter um mural no seu banheiro que \u00e9 t\u00e3o \u00fanico quanto voc\u00ea? As diferentes texturas e a for\u00e7a da geometria d\u00e3o vida ao ambiente, permitindo que sua decor tenha aquele &#8220;tchan&#8221; especial. E, com 14% de desconto, essa exclusividade n\u00e3o custa caro!<\/p>\n<h2>7. Linha Athos Bulc\u00e3o: Revestimento Decorado Ideal<\/h2>\n<h3>Estilo e Cultura nas Paredes<\/h3>\n<figure style=\"width: 1024px\" class=\"wp-caption aligncenter\"><img decoding=\"async\" src=\"https:\/\/www.aarquiteta.com.br\/blog\/wp-content\/uploads\/2024\/09\/16981931593199782-1120x747.jpg\" alt=\"Banheiro de casal com parede marmorizada e gabinete de madeira (Projeto: Dalma Meneses Arquitetura \/ Foto: Fernando Willadino)\" title=\"\"><figcaption class=\"wp-caption-text\">Banheiro de casal com parede marmorizada e gabinete de madeira (Projeto: Dalma Meneses Arquitetura \/ Foto: Fernando Willadino)<\/figcaption><\/figure>\n<p>A arte pode ser parte do seu dia a dia com o <b>Arco Triplo<\/b>, da linha Athos Bulc\u00e3o. Com um design que homenageia um grande artista brasileiro, essa op\u00e7\u00e3o de revestimento decorado \u00e9 uma maneira fant\u00e1stica de trazer cultura e eleg\u00e2ncia para o seu banheiro. Cheio de linhas org\u00e2nicas e tons neutros, ele se harmoniza facilmente com outros elementos. E n\u00e3o podemos esquecer, est\u00e1 com 19% de desconto!<\/p>\n<h2>8. Neotropical: Bossa Carioca no Banheiro<\/h2>\n<h3>Design e Identidade Nacional<\/h3>\n<figure style=\"width: 1024px\" class=\"wp-caption aligncenter\"><img decoding=\"async\" src=\"https:\/\/www.aarquiteta.com.br\/blog\/wp-content\/uploads\/2024\/09\/inspiracoes-de-banheiro4.jpg\" alt=\"10 inspira\u00e7\u00f5es de banheiro com produtos dos Black Days Portobello Shop\" width=\"1024\" height=\"1024\" title=\"\"><figcaption class=\"wp-caption-text\">10 inspira\u00e7\u00f5es de banheiro com produtos dos Black Days Portobello Shop<\/figcaption><\/figure>\n<p>O <b>Neotropical Black Mix<\/b> \u00e9 como um peda\u00e7o do Rio de Janeiro na sua casa. Inspirado nas ic\u00f4nicas cal\u00e7adas de Ipanema, esse revestimento traz um toque carioca que vai encantar o cora\u00e7\u00e3o de quem ama design e identidade. Vers\u00e1til e cheio de vida, ele est\u00e1 com 10% de desconto e \u00e9 uma op\u00e7\u00e3o incr\u00edvel para transformar seu banheiro em um o\u00e1sis carioca!<\/p>\n<h2>9. Bianco di Elba: A Impon\u00eancia das Lastras<\/h2>\n<h3>Design e Sofistica\u00e7\u00e3o em Cada Detalhe<\/h3>\n<figure style=\"width: 1024px\" class=\"wp-caption aligncenter\"><img decoding=\"async\" src=\"https:\/\/www.aarquiteta.com.br\/blog\/wp-content\/uploads\/2024\/09\/1698713080400938-747x1120.jpg\" alt=\"Detalhe de cuba de banheiro em tons neutros. H\u00e1 uma grande janela de vidro atr\u00e1s dela (Projeto: Daniel Ghizi Arquitetura \/ Foto: Felipe Araujo)\" title=\"\"><figcaption class=\"wp-caption-text\">Detalhe de cuba de banheiro em tons neutros. H\u00e1 uma grande janela de vidro atr\u00e1s dela (Projeto: Daniel Ghizi Arquitetura \/ Foto: Felipe Araujo)<\/figcaption><\/figure>\n<p>Pense em um banheiro aconchegante e elegante, onde cada detalhe faz a diferen\u00e7a. O <b>Bianco di Elba<\/b>, com sua superf\u00edcie brilhante e veios delicados, traz um ar de sofistica\u00e7\u00e3o que encanta. Ele \u00e9 perfeito para quem busca glamour sem exageros. Aproveite agora com 40% de desconto, \u00e9 uma chance de ouro para adicionar classe ao seu espa\u00e7o!<\/p>\n<h2>10. Superquadra Concreto: Modernidade \u00e0 Vista<\/h2>\n<h3>Inova\u00e7\u00e3o e Versatilidade<\/h3>\n<h3>Para se aprofundar mais sobre o tema, veja a minha recomenda\u00e7\u00e3o sobre o tema deste artigo no v\u00eddeo a seguir abaixo:<\/h3>\n<p><iframe title=\"YouTube video player\" src=\"https:\/\/www.youtube.com\/embed\/LJ1C6H-_2xU\" width=\"560\" height=\"315\" frameborder=\"0\" allowfullscreen=\"allowfullscreen\"><\/iframe><\/p>\n<p>O <b>Superquadra Concreto<\/b> \u00e9 a defini\u00e7\u00e3o de modernidade. Esse revestimento tem uma textura que imita o concreto, trazendo um visual contempor\u00e2neo para seu banheiro. O melhor? Ele se adapta a qualquer estilo de decora\u00e7\u00e3o. Com 20% de desconto, voc\u00ea n\u00e3o s\u00f3 decora, mas tamb\u00e9m transforma seu ambiente de forma pr\u00e1tica e estilosa!<\/p>\n<h2>Conclus\u00e3o<\/h2>\n<p>Os Black Days da Portobello Shop s\u00e3o a oportunidade perfeita para repaginar seu banheiro com estilo e eleg\u00e2ncia. Seja abusando das cores vibrantes ou escolhendo tons neutros e sofisticados, as op\u00e7\u00f5es s\u00e3o in\u00fameras. Aproveite os descontos e transforme seu espa\u00e7o com as inspira\u00e7\u00f5es incr\u00edveis que compartilhamos! A hora \u00e9 agora!<\/p>\n<p><\/body><br \/>\n<figure style=\"width: 1024px\" class=\"wp-caption aligncenter\"><img decoding=\"async\" src=\"https:\/\/www.aarquiteta.com.br\/blog\/wp-content\/uploads\/2024\/09\/16981932171573334-1-840x1120.jpg\" alt=\"Banheiro de casal com revestimento marmorizado no piso e nas paredes, com ar elegante (Projeto: Victor Romansini - Studio Roma)\" title=\"\"><figcaption class=\"wp-caption-text\">Banheiro de casal com revestimento marmorizado no piso e nas paredes, com ar elegante (Projeto: Victor Romansini &#8211; Studio Roma)<\/figcaption><\/figure>\n<figure style=\"width: 1024px\" class=\"wp-caption aligncenter\"><img decoding=\"async\" src=\"https:\/\/www.aarquiteta.com.br\/blog\/wp-content\/uploads\/2024\/09\/16981932467612908-1-985x1120.jpg\" alt=\"Banheiro neutro e moderno com revestimentos verde-claro na parede (Projeto: Pedro Roiphe Lemos)\" title=\"\"><figcaption class=\"wp-caption-text\">Banheiro neutro e moderno com revestimentos verde-claro na parede (Projeto: Pedro Roiphe Lemos)<\/figcaption><\/figure>\n","protected":false},"excerpt":{"rendered":"<p>Descubra 10 inspira\u00e7\u00f5es de banheiro com revestimentos imperd\u00edveis em promo\u00e7\u00e3o nos Black Days da Portobello.<\/p>\n","protected":false},"author":102,"featured_media":130390,"comment_status":"closed","ping_status":"closed","sticky":false,"template":"","format":"standard","meta":{"footnotes":""},"categories":[1507],"tags":[],"class_list":["post-130398","post","type-post","status-publish","format-standard","has-post-thumbnail","category-arquitetura"],"_wp_attached_file":null,"_wp_attachment_metadata":null,"_wp_attachment_context":null,"_wp_attachment_is_custom_header":null,"geo_longitude":null,"geo_public":null,"geo_latitude":null,"_publicize_done_external":null,"_wpas_done_3897181":null,"publicize_twitter_user":null,"_wpas_done_3897175":null,"_wpas_skip_3897181":null,"_wpas_skip_3897175":null,"_wpas_skip_3924723":null,"_wpas_mess":null,"_wpas_done_3924723":null,"wps_subtitle":"","_links":{"self":[{"href":"https:\/\/www.aarquiteta.com.br\/blog\/wp-json\/wp\/v2\/posts\/130398","targetHints":{"allow":["GET"]}}],"collection":[{"href":"https:\/\/www.aarquiteta.com.br\/blog\/wp-json\/wp\/v2\/posts"}],"about":[{"href":"https:\/\/www.aarquiteta.com.br\/blog\/wp-json\/wp\/v2\/types\/post"}],"author":[{"embeddable":true,"href":"https:\/\/www.aarquiteta.com.br\/blog\/wp-json\/wp\/v2\/users\/102"}],"replies":[{"embeddable":true,"href":"https:\/\/www.aarquiteta.com.br\/blog\/wp-json\/wp\/v2\/comments?post=130398"}],"version-history":[{"count":0,"href":"https:\/\/www.aarquiteta.com.br\/blog\/wp-json\/wp\/v2\/posts\/130398\/revisions"}],"wp:featuredmedia":[{"embeddable":true,"href":"https:\/\/www.aarquiteta.com.br\/blog\/wp-json\/wp\/v2\/media\/130390"}],"wp:attachment":[{"href":"https:\/\/www.aarquiteta.com.br\/blog\/wp-json\/wp\/v2\/media?parent=130398"}],"wp:term":[{"taxonomy":"category","embeddable":true,"href":"https:\/\/www.aarquiteta.com.br\/blog\/wp-json\/wp\/v2\/categories?post=130398"},{"taxonomy":"post_tag","embeddable":true,"href":"https:\/\/www.aarquiteta.com.br\/blog\/wp-json\/wp\/v2\/tags?post=130398"}],"curies":[{"name":"wp","href":"https:\/\/api.w.org\/{rel}","templated":true}]}}