{"id":130382,"date":"2024-09-22T13:30:15","date_gmt":"2024-09-22T16:30:15","guid":{"rendered":"https:\/\/www.aarquiteta.com.br\/blog\/casa-de-praia\/"},"modified":"2024-09-22T13:30:15","modified_gmt":"2024-09-22T16:30:15","slug":"casa-de-praia","status":"publish","type":"post","link":"https:\/\/www.aarquiteta.com.br\/blog\/casa-de-praia\/","title":{"rendered":"Casa de Praia: 40 Projetos Para Criar Seu Pr\u00f3prio Ref\u00fagio No Litoral"},"content":{"rendered":"<p><body><\/p>\n<p>Transforme seu sonho em realidade com ideias inspiradoras para criar uma casa de praia perfeita, que une conforto, estilo e harmonia com a natureza, proporcionando momentos de relaxamento e divers\u00e3o \u00e0 beira-mar.<\/p>\n<h2>Introdu\u00e7\u00e3o<\/h2>\n<p>Uma casa de praia \u00e9 mais do que um lugar para passar f\u00e9rias; \u00e9 um ref\u00fagio que oferece tranquilidade e conex\u00e3o com a natureza. Neste artigo, vamos explorar diversas ideias e dicas para criar o espa\u00e7o ideal, desde a decora\u00e7\u00e3o at\u00e9 a fachada, garantindo um ambiente acolhedor e pr\u00e1tico.<\/p>\n<h2>Decora\u00e7\u00e3o: Criando uma Atmosfera Praiana<\/h2>\n<h3>Elementos Naturais<\/h3>\n<p>Quando falo de <b>elementos naturais<\/b>, n\u00e3o posso deixar de mencionar como a <b>madeira<\/b> e a <b>palha<\/b> podem trazer um toque r\u00fastico e acolhedor para sua casa de praia. Eles s\u00e3o como a brisa do mar: trazem frescor e autenticidade ao ambiente, fazendo voc\u00ea se sentir conectado \u00e0 natureza. Imagine aquele ch\u00e3o de madeira, quentinho ao toque, enquanto voc\u00ea toma seu caf\u00e9 da manh\u00e3.<\/p>\n<p>Incluir <b>texturas naturais<\/b> como essas na sua decora\u00e7\u00e3o \u00e9 um convite para que as pessoas se sintam \u00e0 vontade. E quem disse que n\u00e3o d\u00e1 para misturar um pouco de eleg\u00e2ncia com rusticidade? Podemos sim trazer um ar de sofisticamento sem perder a ess\u00eancia praiana!<\/p>\n<h3>Toques Modernos<\/h3>\n<figure style=\"width: 1024px\" class=\"wp-caption aligncenter\"><img decoding=\"async\" src=\"https:\/\/www.aarquiteta.com.br\/blog\/wp-content\/uploads\/2024\/09\/casa-de-praia01.jpg\" alt=\"Casa de Praia: 40 Projetos Para Criar Seu Pr\u00f3prio Ref\u00fagio No Litoral\" width=\"1024\" height=\"1024\" title=\"\"><figcaption class=\"wp-caption-text\">Casa de Praia: 40 Projetos Para Criar Seu Pr\u00f3prio Ref\u00fagio No Litoral<\/figcaption><\/figure>\n<p>Agora, por outro lado, \u00e9 interessante incorporar <b>m\u00f3veis modernos<\/b> que sejam pr\u00e1ticos e resistentes \u00e0 maresia. J\u00e1 imaginou um sof\u00e1 de fibra sint\u00e9tica que resiste ao sal do mar e ainda por cima \u00e9 super confort\u00e1vel? \u00c9 uma combina\u00e7\u00e3o perfeita! Al\u00e9m de serem f\u00e1ceis de limpar, proporcionam aquele toque contempor\u00e2neo que contrasta t\u00e3o bem com elementos mais cl\u00e1ssicos.<\/p>\n<h2>Fachadas: Integrando o Espa\u00e7o Externo<\/h2>\n<h3>Estilos de Fachada<\/h3>\n<figure style=\"width: 1024px\" class=\"wp-caption aligncenter\"><img decoding=\"async\" src=\"https:\/\/www.aarquiteta.com.br\/blog\/wp-content\/uploads\/2024\/09\/casa-de-praia-00.jpg\" alt=\"Imagem que representa uma casa de praia com um design moderno e luminoso.\" title=\"\"><figcaption class=\"wp-caption-text\">Imagem que representa uma casa de praia com um design moderno e luminoso.<\/figcaption><\/figure>\n<p>O que \u00e9 uma casa sem uma <b>fachada<\/b> que chame a aten\u00e7\u00e3o? Seja com cores \u00e1ridas ou um tom mais terracota, o importante \u00e9 que a fachada transmita a ideia de acolhimento e frescor. Um toque de natureza ali\u00e1s, permite que ela converse harmoniosamente com o ambiente. J\u00e1 pensou em como seria ter <b>plantas trepadeiras<\/b> adornando as paredes?<\/p>\n<p>Uma fachada bonita faz voc\u00ea querer explorar mais e mais o que est\u00e1 por tr\u00e1s da porta. E n\u00e3o se esque\u00e7a do telhado, que pode ser aparente para dar um aspecto mais r\u00fastico e aconchegante.<\/p>\n<h3>Caminhos e \u00c1reas de Lazer<\/h3>\n<figure style=\"width: 1024px\" class=\"wp-caption aligncenter\"><img decoding=\"async\" src=\"https:\/\/www.aarquiteta.com.br\/blog\/wp-content\/uploads\/2024\/09\/casa-de-praia02.jpg\" alt=\"Casa de Praia: 40 Projetos Para Criar Seu Pr\u00f3prio Ref\u00fagio No Litoral\" width=\"1024\" height=\"1024\" title=\"\"><figcaption class=\"wp-caption-text\">Casa de Praia: 40 Projetos Para Criar Seu Pr\u00f3prio Ref\u00fagio No Litoral<\/figcaption><\/figure>\n<p>Um caminho que leva at\u00e9 a praia \u00e9 <b>essencial<\/b>! Imagine pequenos <b>pedriscos<\/b> ou madeira clara, que v\u00e3o da porta de entrada at\u00e9 uma \u00e1rea de lazer. Ali voc\u00ea pode criar um espa\u00e7o para relaxar e se conectar com a natureza, talvez acrescentando uma rede bem gostosa ou uma mesa para refei\u00e7\u00f5es ao ar livre.<\/p>\n<h2>Ilumina\u00e7\u00e3o: Aproveite a Luz Natural<\/h2>\n<p>Quando o assunto \u00e9 <b>ilumina\u00e7\u00e3o<\/b>, maximizar a luz natural \u00e9 um dos meus segredos. Grandes aberturas e janelas s\u00e3o uma \u00f3tima forma de deixar o sol entrar e aquecer os ambientes. Al\u00e9m de contribuir para a economia de energia, o <b>brilho natural<\/b> traz uma energia positiva para qualquer espa\u00e7o, tornando-o ainda mais convidativo.<\/p>\n<h2>Espa\u00e7os ao Ar Livre: Varandas e Jardins<\/h2>\n<p>Vou te contar, as <b>varandas<\/b> s\u00e3o um dos pontos mais charmosos de uma casa de praia. Aqui, podemos criar um ambiente que conecte a casa com a natureza. Flores, plantas verdes e, quem sabe at\u00e9 um pequeno jardim, dar\u00e3o vida ao espa\u00e7o. A ideia \u00e9 que voc\u00ea sinta a brisa do mar enquanto toma um drink ou l\u00ea um bom livro em sua rede.<\/p>\n<h2>Decora\u00e7\u00e3o Econ\u00f4mica: Criando com Criatividade<\/h2>\n<p>Decorar uma casa de praia n\u00e3o precisa ser sin\u00f4nimo de <b>gastos exorbitantes<\/b>. Com um pouco de criatividade, d\u00e1 pra fazer m\u00e1gica! Reaproveitar m\u00f3veis antigos, usar objetos de decora\u00e7\u00e3o artesanais e escolher itens que lembrem o mar s\u00e3o \u00f3timas op\u00e7\u00f5es para deixar o espa\u00e7o charmoso sem estourar o or\u00e7amento.<\/p>\n<p>Ali\u00e1s, quem n\u00e3o ama aquele clima de &#8216;fa\u00e7a voc\u00ea mesmo&#8217;? Cada pe\u00e7a conta uma hist\u00f3ria e traz um pouquinho da sua personalidade para a decora\u00e7\u00e3o.<\/p>\n<h2>Dicas Pr\u00e1ticas: Cuidando da Casa de Praia<\/h2>\n<p>A manuten\u00e7\u00e3o da casa \u00e9 crucial para garantir a durabilidade e o conforto dos ambientes. O calor e a maresia podem causar estragos se n\u00e3o forem bem cuidados. Por isso, sempre falo para meus amigos: <b>invista em materiais<\/b> que resistam ao tempo e \u00e0 salinidade. A pintura adequada e o uso de m\u00f3veis resistentes tamb\u00e9m ajudam bastante!<\/p>\n<p>Ent\u00e3o, nada de deixar a casa de molho na maresia, hein? Vale sempre a pena dedicar um tempo para cuidar do que se ama.<\/p>\n<h2>Conclus\u00e3o<\/h2>\n<p>Uma casa de praia \u00e9 uma extens\u00e3o do seu estilo de vida. Com as dicas apresentadas, voc\u00ea pode criar um espa\u00e7o que atenda a suas necessidades e fa\u00e7a voc\u00ea aproveitar ao m\u00e1ximo os momentos \u00e0 beira-mar. Lembre-se sempre: a natureza \u00e9 nossa aliada na hora de projetar. Siga suas inspira\u00e7\u00f5es e transforme seu sonho em realidade!<\/p>\n<p><\/body><br \/>\n<figure style=\"width: 1024px\" class=\"wp-caption aligncenter\"><img decoding=\"async\" src=\"https:\/\/www.aarquiteta.com.br\/blog\/wp-content\/uploads\/2024\/09\/decoracao-praia-286x160.webp\" alt=\"Decora\u00e7\u00e3o de praia com toques de natureza.\" title=\"\"><figcaption class=\"wp-caption-text\">Decora\u00e7\u00e3o de praia com toques de natureza.<\/figcaption><\/figure>\n<figure style=\"width: 1024px\" class=\"wp-caption aligncenter\"><img decoding=\"async\" src=\"https:\/\/www.aarquiteta.com.br\/blog\/wp-content\/uploads\/2024\/09\/casa-de-praia03.jpg\" alt=\"Casa de Praia: 40 Projetos Para Criar Seu Pr\u00f3prio Ref\u00fagio No Litoral\" width=\"1024\" height=\"1024\" title=\"\"><figcaption class=\"wp-caption-text\">Casa de Praia: 40 Projetos Para Criar Seu Pr\u00f3prio Ref\u00fagio No Litoral<\/figcaption><\/figure>\n<figure style=\"width: 1024px\" class=\"wp-caption aligncenter\"><img decoding=\"async\" src=\"https:\/\/www.aarquiteta.com.br\/blog\/wp-content\/uploads\/2024\/09\/casa-rustica-0-286x160.webp\" alt=\"Casa r\u00fastica charmosa e aconchegante.\" title=\"\"><figcaption class=\"wp-caption-text\">Casa r\u00fastica charmosa e aconchegante.<\/figcaption><\/figure>\n<figure style=\"width: 1024px\" class=\"wp-caption aligncenter\"><img decoding=\"async\" src=\"https:\/\/www.aarquiteta.com.br\/blog\/wp-content\/uploads\/2024\/09\/casa-de-praia4.jpg\" alt=\"Casa de Praia: 40 Projetos Para Criar Seu Pr\u00f3prio Ref\u00fagio No Litoral\" width=\"1024\" height=\"1024\" title=\"\"><figcaption class=\"wp-caption-text\">Casa de Praia: 40 Projetos Para Criar Seu Pr\u00f3prio Ref\u00fagio No Litoral<\/figcaption><\/figure>\n<figure style=\"width: 1024px\" class=\"wp-caption aligncenter\"><img decoding=\"async\" src=\"https:\/\/www.aarquiteta.com.br\/blog\/wp-content\/uploads\/2024\/09\/casa-de-praia-1-960x1200.jpg\" alt=\"Ambiente interno da casa de praia com estilo leve e fresco.\" title=\"\"><figcaption class=\"wp-caption-text\">Ambiente interno da casa de praia com estilo leve e fresco.<\/figcaption><\/figure>\n<p><iframe title=\"YouTube video player\" src=\"https:\/\/www.youtube.com\/embed\/7Go6083cN9Y\" width=\"560\" height=\"315\" frameborder=\"0\" allowfullscreen=\"allowfullscreen\"><\/iframe><\/p>\n<figure style=\"width: 1024px\" class=\"wp-caption aligncenter\"><img decoding=\"async\" src=\"https:\/\/www.aarquiteta.com.br\/blog\/wp-content\/uploads\/2024\/09\/casa-de-praia-2.jpg\" alt=\"M\u00f3veis de madeira e objetos que remetem \u00e0 cultura praiana.\" title=\"\"><figcaption class=\"wp-caption-text\">M\u00f3veis de madeira e objetos que remetem \u00e0 cultura praiana.<\/figcaption><\/figure>\n<figure style=\"width: 1024px\" class=\"wp-caption aligncenter\"><img decoding=\"async\" src=\"https:\/\/www.aarquiteta.com.br\/blog\/wp-content\/uploads\/2024\/09\/casa-de-praia-3.jpg\" alt=\"Espa\u00e7o decorado com elementos naturais, criando um ambiente relaxante.\" title=\"\"><figcaption class=\"wp-caption-text\">Espa\u00e7o decorado com elementos naturais, criando um ambiente relaxante.<\/figcaption><\/figure>\n","protected":false},"excerpt":{"rendered":"<p>Descubra dicas e inspira\u00e7\u00f5es para transformar sua casa de praia em um ref\u00fagio relaxante. Ambientes arejados e decora\u00e7\u00e3o sofisticada.<\/p>\n","protected":false},"author":102,"featured_media":130374,"comment_status":"closed","ping_status":"closed","sticky":false,"template":"","format":"standard","meta":{"footnotes":""},"categories":[1507,249],"tags":[],"class_list":["post-130382","post","type-post","status-publish","format-standard","has-post-thumbnail","category-arquitetura","category-engenharia-e-construcao-civil"],"_wp_attached_file":null,"_wp_attachment_metadata":null,"_wp_attachment_context":null,"_wp_attachment_is_custom_header":null,"geo_longitude":null,"geo_public":null,"geo_latitude":null,"_publicize_done_external":null,"_wpas_done_3897181":null,"publicize_twitter_user":null,"_wpas_done_3897175":null,"_wpas_skip_3897181":null,"_wpas_skip_3897175":null,"_wpas_skip_3924723":null,"_wpas_mess":null,"_wpas_done_3924723":null,"wps_subtitle":"","_links":{"self":[{"href":"https:\/\/www.aarquiteta.com.br\/blog\/wp-json\/wp\/v2\/posts\/130382","targetHints":{"allow":["GET"]}}],"collection":[{"href":"https:\/\/www.aarquiteta.com.br\/blog\/wp-json\/wp\/v2\/posts"}],"about":[{"href":"https:\/\/www.aarquiteta.com.br\/blog\/wp-json\/wp\/v2\/types\/post"}],"author":[{"embeddable":true,"href":"https:\/\/www.aarquiteta.com.br\/blog\/wp-json\/wp\/v2\/users\/102"}],"replies":[{"embeddable":true,"href":"https:\/\/www.aarquiteta.com.br\/blog\/wp-json\/wp\/v2\/comments?post=130382"}],"version-history":[{"count":0,"href":"https:\/\/www.aarquiteta.com.br\/blog\/wp-json\/wp\/v2\/posts\/130382\/revisions"}],"wp:featuredmedia":[{"embeddable":true,"href":"https:\/\/www.aarquiteta.com.br\/blog\/wp-json\/wp\/v2\/media\/130374"}],"wp:attachment":[{"href":"https:\/\/www.aarquiteta.com.br\/blog\/wp-json\/wp\/v2\/media?parent=130382"}],"wp:term":[{"taxonomy":"category","embeddable":true,"href":"https:\/\/www.aarquiteta.com.br\/blog\/wp-json\/wp\/v2\/categories?post=130382"},{"taxonomy":"post_tag","embeddable":true,"href":"https:\/\/www.aarquiteta.com.br\/blog\/wp-json\/wp\/v2\/tags?post=130382"}],"curies":[{"name":"wp","href":"https:\/\/api.w.org\/{rel}","templated":true}]}}