{"id":130328,"date":"2024-09-21T14:48:11","date_gmt":"2024-09-21T17:48:11","guid":{"rendered":"https:\/\/www.aarquiteta.com.br\/blog\/aparador-para-corredor\/"},"modified":"2024-09-23T10:25:54","modified_gmt":"2024-09-23T13:25:54","slug":"aparador-para-corredor","status":"publish","type":"post","link":"https:\/\/www.aarquiteta.com.br\/blog\/aparador-para-corredor\/","title":{"rendered":"10 Formas Estilosas de Instalar um Aparador para Corredor na Sua Casa"},"content":{"rendered":"<p><body><\/p>\n<p>Os aparadores para corredor s\u00e3o m\u00f3veis que aliam <b>funcionalidade<\/b> e <b>estilo<\/b>, perfeitos para transformar a decora\u00e7\u00e3o da sua casa. Neste artigo, vou te mostrar como escolher, instalar e decorar com esse item incr\u00edvel.<\/p>\n<h2>Introdu\u00e7\u00e3o<\/h2>\n<p>Como um <b>arquiteto<\/b> apaixonado por interiores, posso afirmar que os aparadores para corredores s\u00e3o verdadeiros curinga na decora\u00e7\u00e3o. Eles t\u00eam a capacidade de otimizar espa\u00e7o e trazer charme para qualquer ambiente. Assim, neste artigo, vou explorar algumas ideias e estilos de aparadores que se adaptam a diversos corredores, sejam eles estreitos ou mais largos.<\/p>\n<h2>1. O Que \u00e9 um Aparador para Corredor?<\/h2>\n<h3>Defini\u00e7\u00e3o e Funcionalidade<\/h3>\n<p>Primeiramente, vamos entender o que \u00e9 um <b>aparador<\/b>. Este m\u00f3vel, que muitas vezes passa despercebido, \u00e9 um suporte que pode servir para uma variedade de <b>fun\u00e7\u00f5es<\/b>. Em corredores, ele pode ser um item decorativo, um suporte para objetos ou at\u00e9 funcionar como um ponto de armazenamento. Imagina ter um espa\u00e7o onde voc\u00ea pode expor suas fotos favoritas ou um lindo vaso de flores!<\/p>\n<h2>2. Como Escolher o Aparador Ideal? <\/h2>\n<h3>Dimens\u00f5es e Estilo<\/h3>\n<figure style=\"width: 1024px\" class=\"wp-caption aligncenter\"><img decoding=\"async\" src=\"https:\/\/www.aarquiteta.com.br\/blog\/wp-content\/uploads\/2024\/09\/aparador-para-corredor01.jpg\" alt=\"60 Formas Estilosas de Instalar um Aparador para Corredor na Sua Casa\" width=\"1024\" height=\"1024\" title=\"\"><figcaption class=\"wp-caption-text\">60 Formas Estilosas de Instalar um Aparador para Corredor na Sua Casa<\/figcaption><\/figure>\n<p>Ao escolher um aparador, <b>prestar aten\u00e7\u00e3o nas dimens\u00f5es<\/b> do seu corredor \u00e9 crucial. Se o espa\u00e7o for estreito, opte por um modelo mais fino, que n\u00e3o comprometa a circula\u00e7\u00e3o. Por outro lado, em corredores amplos, voc\u00ea pode se permitir um modelo mais robusto e estiloso. <i>E n\u00e3o se esque\u00e7a do estilo!<\/i> O aparador deve harmonizar com a decora\u00e7\u00e3o do ambiente.<\/p>\n<h3>Materiais e Cores<\/h3>\n<figure style=\"width: 1024px\" class=\"wp-caption aligncenter\"><img decoding=\"async\" src=\"https:\/\/www.aarquiteta.com.br\/blog\/wp-content\/uploads\/2024\/09\/aparador-para-corredor-1.png\" alt=\"Aparador para corredor decorado com elementos elegantes.\" title=\"\"><figcaption class=\"wp-caption-text\">Aparador para corredor decorado com elementos elegantes.<\/figcaption><\/figure>\n<p>Os <b>materiais<\/b> e <b>cores<\/b> tamb\u00e9m desempenham um papel importante. Voc\u00ea pode escolher madeiras claras, que trazem leveza, ou metals que oferecem uma pegada mais moderna. Al\u00e9m disso, cores da paleta neutra criam um ambiente acolhedor, enquanto op\u00e7\u00f5es mais vibrantes d\u00e3o um toque de ousadia. Tudo vai depender da sua personalidade e do estilo que deseja transmitir.<\/p>\n<h2>3. Tipos de Aparadores para Corredores<\/h2>\n<h3>Aparadores Suspensos<\/h3>\n<figure style=\"width: 1024px\" class=\"wp-caption aligncenter\"><img decoding=\"async\" src=\"https:\/\/www.aarquiteta.com.br\/blog\/wp-content\/uploads\/2024\/09\/aparador-para-corredor02.jpg\" alt=\"60 Formas Estilosas de Instalar um Aparador para Corredor na Sua Casa\" width=\"1024\" height=\"1024\" title=\"\"><figcaption class=\"wp-caption-text\">60 Formas Estilosas de Instalar um Aparador para Corredor na Sua Casa<\/figcaption><\/figure>\n<p>Os <b>aparadores suspensos<\/b> est\u00e3o na crista da onda da decora\u00e7\u00e3o. Eles s\u00e3o ideais para corredores pequenos, pois criam uma impress\u00e3o de espa\u00e7o aberto e evitam que o ambiente fique sobrecarregado. Voc\u00ea pode us\u00e1-los para apoiar um espelho ou alguns livros, criando uma atmosfera pr\u00e1tica e leve.<\/p>\n<h3>Aparadores com Gavetas<\/h3>\n<figure style=\"width: 1024px\" class=\"wp-caption aligncenter\"><img decoding=\"async\" src=\"https:\/\/www.aarquiteta.com.br\/blog\/wp-content\/uploads\/2024\/09\/7764B8A5-AC0C-4979-8DE8-DC61AF76044D-100x100.jpg\" alt=\"Aparador de sof\u00e1, funcional para compor o ambiente.\" title=\"\"><figcaption class=\"wp-caption-text\">Aparador de sof\u00e1, funcional para compor o ambiente.<\/figcaption><\/figure>\n<p>Quem n\u00e3o ama um m\u00f3vel com <b>armazenamento<\/b> adicional? Os aparadores com gavetas s\u00e3o perfeitos para guardar itens do dia a dia, como chaves, correspond\u00eancias e at\u00e9 toalhas. Isso traz praticidade ao dia a dia, garantindo que tudo fique \u00e0 m\u00e3o e em ordem. Uma verdadeira m\u00e3o na roda!<\/p>\n<h2>4. Ideias de Decora\u00e7\u00e3o com Aparadores<\/h2>\n<h3>Usando Espelhos e Quadros<\/h3>\n<figure style=\"width: 1024px\" class=\"wp-caption aligncenter\"><img decoding=\"async\" src=\"https:\/\/www.aarquiteta.com.br\/blog\/wp-content\/uploads\/2024\/09\/aparador-para-corredor03.jpg\" alt=\"60 Formas Estilosas de Instalar um Aparador para Corredor na Sua Casa\" width=\"1024\" height=\"1024\" title=\"\"><figcaption class=\"wp-caption-text\">60 Formas Estilosas de Instalar um Aparador para Corredor na Sua Casa<\/figcaption><\/figure>\n<p>Voc\u00ea j\u00e1 pensou na possibilidade de usar espelhos e quadros decorativos no seu aparador? \u00c9 uma forma fant\u00e1stica de <b>real\u00e7ar o visual<\/b> do ambiente. Colocar um espelho em um aparador n\u00e3o s\u00f3 amplia o espa\u00e7o visualmente, mas tamb\u00e9m d\u00e1 um toque de eleg\u00e2ncia. Quadros, por sua vez, podem contar hist\u00f3rias, mostrando momentos especiais da sua vida.<\/p>\n<h3>Elementos Decorativos<\/h3>\n<figure style=\"width: 1024px\" class=\"wp-caption aligncenter\"><img decoding=\"async\" src=\"https:\/\/www.aarquiteta.com.br\/blog\/wp-content\/uploads\/2024\/09\/aparador-de-sofa-0-286x160.webp\" alt=\"Aparador espelhado que traz sofistica\u00e7\u00e3o ao d\u00e9cor.\" title=\"\"><figcaption class=\"wp-caption-text\">Aparador espelhado que traz sofistica\u00e7\u00e3o ao d\u00e9cor.<\/figcaption><\/figure>\n<p>Para personalizar o seu aparador, use <b>elementos decorativos<\/b> como vasos, livros e objetos de arte. Esses itens trazem um toque pessoal \u00e0 sua decora\u00e7\u00e3o e transformam o aparador em uma <b>obra-prima<\/b>. Ah, e n\u00e3o esque\u00e7a das plantas! Elas trazem vida ao espa\u00e7o e purificam o ar.<\/p>\n<h2>5. Cuidados na Instala\u00e7\u00e3o do Aparador<\/h2>\n<h3>Fluxo de Circula\u00e7\u00e3o<\/h3>\n<figure style=\"width: 1024px\" class=\"wp-caption aligncenter\"><img decoding=\"async\" src=\"https:\/\/www.aarquiteta.com.br\/blog\/wp-content\/uploads\/2024\/09\/aparador-para-corredor4.jpg\" alt=\"60 Formas Estilosas de Instalar um Aparador para Corredor na Sua Casa\" width=\"1024\" height=\"1024\" title=\"\"><figcaption class=\"wp-caption-text\">60 Formas Estilosas de Instalar um Aparador para Corredor na Sua Casa<\/figcaption><\/figure>\n<p>Um dos aspectos mais importantes ao instalar um aparador \u00e9 garantir que ele n\u00e3o interfira na <b>circula\u00e7\u00e3o<\/b> do corredor. De acordo com profissionais da \u00e1rea, \u00e9 fundamental deixar pelo menos 80 cm livres para que as pessoas possam transitar confortavelmente pelo espa\u00e7o. Uma instala\u00e7\u00e3o planejada faz toda a diferen\u00e7a!<\/p>\n<h3>Manuten\u00e7\u00e3o e Limpeza<\/h3>\n<figure style=\"width: 1024px\" class=\"wp-caption aligncenter\"><img decoding=\"async\" src=\"https:\/\/www.aarquiteta.com.br\/blog\/wp-content\/uploads\/2024\/09\/aparador-espelhado-0-286x160.webp\" alt=\"M\u00f3vel ideal para corredores mais estreitos com formato modernizado.\" title=\"\"><figcaption class=\"wp-caption-text\">M\u00f3vel ideal para corredores mais estreitos com formato modernizado.<\/figcaption><\/figure>\n<p>Manter seu aparador sempre bonito e funcional \u00e9 essencial. Para isso, recomenda-se uma <b>limpeza regular<\/b> com produtos adequados ao material do m\u00f3vel. Alguns cuidados simples podem garantir que o aparador tenha uma longa vida \u00fatil e continue sendo uma pe\u00e7a charmosa na sua casa.<\/p>\n<h2>Conclus\u00e3o<\/h2>\n<p>Em resumo, o aparador para corredor \u00e9 um <b>elemento decorativo<\/b> que harmoniza beleza e praticidade, sendo ideal tanto para casas quanto para apartamentos. Com as dicas e inspira\u00e7\u00f5es que compartilhei, espero que voc\u00ea se sinta confiante para escolher o modelo perfeito e transformar seu corredor em um espa\u00e7o acolhedor e elegante. Um aparador \u00e9 mais do que um m\u00f3vel; \u00e9 uma pe\u00e7a que pode contar a sua hist\u00f3ria.<\/p>\n<p><\/body><\/p>\n<h3>Para se aprofundar mais sobre o tema, veja a minha recomenda\u00e7\u00e3o sobre o tema deste artigo no v\u00eddeo a seguir abaixo:<\/h3>\n<p><iframe title=\"YouTube video player\" src=\"https:\/\/www.youtube.com\/embed\/tsurq9yR_0s\" width=\"560\" height=\"315\" frameborder=\"0\" allowfullscreen=\"allowfullscreen\"><\/iframe><\/p>\n<figure style=\"width: 1024px\" class=\"wp-caption aligncenter\"><img decoding=\"async\" src=\"https:\/\/www.aarquiteta.com.br\/blog\/wp-content\/uploads\/2024\/09\/aparador-para-corredor-1-730x1067.jpg\" alt=\"Aparador com espelho, une eleg\u00e2ncia e funcionalidade.\" title=\"\"><figcaption class=\"wp-caption-text\">Aparador com espelho, une eleg\u00e2ncia e funcionalidade.<\/figcaption><\/figure>\n<figure style=\"width: 1024px\" class=\"wp-caption aligncenter\"><img decoding=\"async\" src=\"https:\/\/www.aarquiteta.com.br\/blog\/wp-content\/uploads\/2024\/09\/aparador-para-corredor-5-960x1200.jpg\" alt=\"Aparador cl\u00e1ssico, complementando espa\u00e7os mais largos.\" title=\"\"><figcaption class=\"wp-caption-text\">Aparador cl\u00e1ssico, complementando espa\u00e7os mais largos.<\/figcaption><\/figure>\n","protected":false},"excerpt":{"rendered":"<p>Descubra 60 formas criativas de instalar aparadores em corredores para otimizar e embelezar o espa\u00e7o da sua casa.<\/p>\n","protected":false},"author":102,"featured_media":130321,"comment_status":"closed","ping_status":"closed","sticky":false,"template":"","format":"standard","meta":{"footnotes":""},"categories":[1484],"tags":[],"class_list":["post-130328","post","type-post","status-publish","format-standard","has-post-thumbnail","category-decoracao"],"_wp_attached_file":null,"_wp_attachment_metadata":null,"_wp_attachment_context":null,"_wp_attachment_is_custom_header":null,"geo_longitude":null,"geo_public":null,"geo_latitude":null,"_publicize_done_external":null,"_wpas_done_3897181":null,"publicize_twitter_user":null,"_wpas_done_3897175":null,"_wpas_skip_3897181":null,"_wpas_skip_3897175":null,"_wpas_skip_3924723":null,"_wpas_mess":null,"_wpas_done_3924723":null,"wps_subtitle":"","_links":{"self":[{"href":"https:\/\/www.aarquiteta.com.br\/blog\/wp-json\/wp\/v2\/posts\/130328","targetHints":{"allow":["GET"]}}],"collection":[{"href":"https:\/\/www.aarquiteta.com.br\/blog\/wp-json\/wp\/v2\/posts"}],"about":[{"href":"https:\/\/www.aarquiteta.com.br\/blog\/wp-json\/wp\/v2\/types\/post"}],"author":[{"embeddable":true,"href":"https:\/\/www.aarquiteta.com.br\/blog\/wp-json\/wp\/v2\/users\/102"}],"replies":[{"embeddable":true,"href":"https:\/\/www.aarquiteta.com.br\/blog\/wp-json\/wp\/v2\/comments?post=130328"}],"version-history":[{"count":0,"href":"https:\/\/www.aarquiteta.com.br\/blog\/wp-json\/wp\/v2\/posts\/130328\/revisions"}],"wp:featuredmedia":[{"embeddable":true,"href":"https:\/\/www.aarquiteta.com.br\/blog\/wp-json\/wp\/v2\/media\/130321"}],"wp:attachment":[{"href":"https:\/\/www.aarquiteta.com.br\/blog\/wp-json\/wp\/v2\/media?parent=130328"}],"wp:term":[{"taxonomy":"category","embeddable":true,"href":"https:\/\/www.aarquiteta.com.br\/blog\/wp-json\/wp\/v2\/categories?post=130328"},{"taxonomy":"post_tag","embeddable":true,"href":"https:\/\/www.aarquiteta.com.br\/blog\/wp-json\/wp\/v2\/tags?post=130328"}],"curies":[{"name":"wp","href":"https:\/\/api.w.org\/{rel}","templated":true}]}}