{"id":130259,"date":"2024-09-20T15:34:13","date_gmt":"2024-09-20T18:34:13","guid":{"rendered":"https:\/\/www.aarquiteta.com.br\/blog\/calha-umida\/"},"modified":"2024-09-20T15:34:13","modified_gmt":"2024-09-20T18:34:13","slug":"calha-umida","status":"publish","type":"post","link":"https:\/\/www.aarquiteta.com.br\/blog\/calha-umida\/","title":{"rendered":"Calha \u00damida: Modernidade e Praticidade para Cozinhas"},"content":{"rendered":"<p>&#8220;`html<br \/>\n<body><\/p>\n<p>A calha \u00famida se tornou uma sensa\u00e7\u00e3o nas cozinhas modernas, pois n\u00e3o s\u00f3 economiza espa\u00e7o, mas tamb\u00e9m agrega estilo e funcionalidade a qualquer ambiente. Perfeita para facilitar a rotina na cozinha, essa solu\u00e7\u00e3o inovadora \u00e9 o que voc\u00ea precisa para elevar o design do seu espa\u00e7o.<\/p>\n<h2>Introdu\u00e7\u00e3o<\/h2>\n<p>Hoje, vou te contar tudo sobre a calha \u00famida. Um item que, acredite, vai revolucionar a maneira como voc\u00ea organiza sua cozinha. A calha combina beleza e utilidade, sendo um e ainda mais um aliado sustent\u00e1vel para o seu cotidiano.<\/p>\n<h2>O que \u00e9 calha \u00famida?<\/h2>\n<p>Calha \u00famida \u00e9 uma <b>cuba<\/b> estreita, embutida na pedra da sua pia, que serve para facilitar o <b>escoamento de \u00e1gua<\/b> das lou\u00e7as. Mas n\u00e3o fica s\u00f3 nisso, ela se destaca por suas diversas funcionalidades e acess\u00f3rios modulares, acomodando muito mais do que voc\u00ea imagina!<\/p>\n<h3>Como funciona a calha?<\/h3>\n<p>Basicamente, a \u00e1gua que escorre das lou\u00e7as entra nesse compartimento, onde h\u00e1 uma sa\u00edda de esgoto que garante o descarte correto. Isso \u00e9 \u00f3timos para aquela \u00e1gua que geralmente acaba desordenando o local, n\u00e3o acha?<\/p>\n<h2>Para que serve a calha \u00famida?<\/h2>\n<ul>\n<li>\n<h3>Escorrimento de Lou\u00e7as<\/h3>\n<figure style=\"width: 1024px\" class=\"wp-caption aligncenter\"><img decoding=\"async\" src=\"https:\/\/www.aarquiteta.com.br\/blog\/wp-content\/uploads\/2024\/09\/calha-umida01.jpg\" alt=\"Calha \u00damida: Modernidade e Praticidade para Cozinhas\" width=\"1024\" height=\"1024\" title=\"\"><figcaption class=\"wp-caption-text\">Calha \u00damida: Modernidade e Praticidade para Cozinhas<\/figcaption><\/figure>\n<p>A primeira e mais evidente fun\u00e7\u00e3o da calha \u00famida \u00e9 o <b>escorrimento de lou\u00e7as<\/b>. Ao inv\u00e9s de usar aquele escorredor que ocupa espa\u00e7o e embola tudo, voc\u00ea pode deixar as lou\u00e7as escorrendo em uma \u00e1rea espec\u00edfica, otimizando o uso da bancada.<\/p>\n<\/li>\n<li>\n<h3>Suporte para Temperos<\/h3>\n<figure style=\"width: 1024px\" class=\"wp-caption aligncenter\"><img decoding=\"async\" src=\"https:\/\/www.aarquiteta.com.br\/blog\/wp-content\/uploads\/2024\/09\/calha-umida-00.jpg\" alt=\"Calha \u00famida em cozinha, otimizando espa\u00e7o e funcionalidade.\" title=\"\"><figcaption class=\"wp-caption-text\">Calha \u00famida em cozinha, otimizando espa\u00e7o e funcionalidade.<\/figcaption><\/figure>\n<p>Quem diria que a calha \u00famida poderia se tornar uma <b>prateleira improvisada<\/b> para temperos? Isso mesmo! Voc\u00ea pode usar o espa\u00e7o da calha para armazenar frascos de temperos ou at\u00e9 mesmo um pequeno herb\u00e1rio!<\/p>\n<\/li>\n<li>\n<h3>Utiliza\u00e7\u00e3o como Champanheira<\/h3>\n<figure style=\"width: 1024px\" class=\"wp-caption aligncenter\"><img decoding=\"async\" src=\"https:\/\/www.aarquiteta.com.br\/blog\/wp-content\/uploads\/2024\/09\/calha-umida02.jpg\" alt=\"Calha \u00damida: Modernidade e Praticidade para Cozinhas\" width=\"1024\" height=\"1024\" title=\"\"><figcaption class=\"wp-caption-text\">Calha \u00damida: Modernidade e Praticidade para Cozinhas<\/figcaption><\/figure>\n<p>A calha n\u00e3o \u00e9 apenas uma ferramenta de cozinha: pode servir como <b>champanheira<\/b> em festas. Basta fechar a sa\u00edda de \u00e1gua e encher de gelo e bebidas, e voil\u00e0, sua calha virou a sensa\u00e7\u00e3o da celebra\u00e7\u00e3o!<\/p>\n<\/li>\n<\/ul>\n<h2>Como \u00e9 a instala\u00e7\u00e3o da calha \u00famida?<\/h2>\n<p>A instala\u00e7\u00e3o da calha \u00famida segue o mesmo processo de uma <b>cuba convencional<\/b>. Uma bancada passa por um recorte preciso e \u00e9 aqui que a m\u00e1gica acontece. Al\u00e9m disso, voc\u00ea precisar\u00e1 de um ponto de esgoto, que pode ser compartilhado com a cuba, desde que haja uma bifurca\u00e7\u00e3o para a sa\u00edda de \u00e1gua.<\/p>\n<h2>Como escolher a melhor calha \u00famida para o seu projeto?<\/h2>\n<ul>\n<li>\n<h3>Or\u00e7amento<\/h3>\n<figure style=\"width: 1024px\" class=\"wp-caption aligncenter\"><img decoding=\"async\" src=\"https:\/\/www.aarquiteta.com.br\/blog\/wp-content\/uploads\/2024\/09\/1_cozinhas-decoradas-000-286x160.jpg\" alt=\"Foto de cozinhas decoradas, ilustrando diferentes estilos e designs.\" title=\"\"><figcaption class=\"wp-caption-text\">Foto de cozinhas decoradas, ilustrando diferentes estilos e designs.<\/figcaption><\/figure>\n<p>Olha, o <b>or\u00e7amento<\/b> \u00e9 crucial. Antes de decidir, realize uma pesquisa de pre\u00e7os, porque voc\u00ea vai entender como o valor pode variar de acordo com o tamanho e a marca que voc\u00ea escolher.<\/p>\n<\/li>\n<li>\n<h3>Material: Inox vs. Sint\u00e9tico<\/h3>\n<figure style=\"width: 1024px\" class=\"wp-caption aligncenter\"><img decoding=\"async\" src=\"https:\/\/www.aarquiteta.com.br\/blog\/wp-content\/uploads\/2024\/09\/calha-umida03.jpg\" alt=\"Calha \u00damida: Modernidade e Praticidade para Cozinhas\" width=\"1024\" height=\"1024\" title=\"\"><figcaption class=\"wp-caption-text\">Calha \u00damida: Modernidade e Praticidade para Cozinhas<\/figcaption><\/figure>\n<p>Dentre os materiais, o inox \u00e9 o mais popular. Contudo, se voc\u00ea busca algo mais moderno, pode optar por comp\u00f3sitos como o <b>Corian<\/b>. Ambos t\u00eam suas vantagens e desvantagens, e voc\u00ea precisa decidir qual deles se encaixa melhor no seu projeto.<\/p>\n<\/li>\n<li>\n<h3>Dimens\u00f5es e Profundidade<\/h3>\n<figure style=\"width: 1024px\" class=\"wp-caption aligncenter\"><img decoding=\"async\" src=\"https:\/\/www.aarquiteta.com.br\/blog\/wp-content\/uploads\/2024\/09\/cozinha-gourmet-0-286x160.jpg\" alt=\"Cozinha gourmet, mostrando um espa\u00e7o elegante e funcional.\" title=\"\"><figcaption class=\"wp-caption-text\">Cozinha gourmet, mostrando um espa\u00e7o elegante e funcional.<\/figcaption><\/figure>\n<p>N\u00e3o se esque\u00e7a de considerar as <b>dimens\u00f5es<\/b> e profundidade da calha. Isso vai impactar na pr\u00e1tica do dia a dia e na est\u00e9tica do ambiente, pois um tamanho errado pode causar confus\u00e3o na hora da organiza\u00e7\u00e3o da cozinha.<\/p>\n<\/li>\n<\/ul>\n<h2>Vantagens da calha \u00famida<\/h2>\n<ul>\n<li>\n<h3>Funcionalidade<\/h3>\n<figure style=\"width: 1024px\" class=\"wp-caption aligncenter\"><img decoding=\"async\" src=\"https:\/\/www.aarquiteta.com.br\/blog\/wp-content\/uploads\/2024\/09\/calha-umida4.jpg\" alt=\"Calha \u00damida: Modernidade e Praticidade para Cozinhas\" width=\"1024\" height=\"1024\" title=\"\"><figcaption class=\"wp-caption-text\">Calha \u00damida: Modernidade e Praticidade para Cozinhas<\/figcaption><\/figure>\n<p>A calha \u00famida \u00e9 uma <b>solu\u00e7\u00e3o funcional<\/b> que superou a tradi\u00e7\u00e3o dos escorredores. Sua flexibilidade permite um uso muito mais vers\u00e1til e pr\u00e1tico.<\/p>\n<\/li>\n<li>\n<h3>Est\u00e9tica<\/h3>\n<figure style=\"width: 1024px\" class=\"wp-caption aligncenter\"><img decoding=\"async\" src=\"https:\/\/www.aarquiteta.com.br\/blog\/wp-content\/uploads\/2024\/09\/cozinha-planejada-pequena-00-286x160.jpg\" alt=\"Cozinha planejada pequena, exemplificando otimiza\u00e7\u00e3o de espa\u00e7o.\" title=\"\"><figcaption class=\"wp-caption-text\">Cozinha planejada pequena, exemplificando otimiza\u00e7\u00e3o de espa\u00e7o.<\/figcaption><\/figure>\n<p>Al\u00e9m de pr\u00e1tica, a calha \u00famida proporciona uma beleza \u00fanica ao ambiente, tornando a cozinha <b>mais moderna e atrativa<\/b>.<\/p>\n<\/li>\n<li>\n<h3>Facilidade de Manuten\u00e7\u00e3o<\/h3>\n<p><iframe title=\"YouTube video player\" src=\"https:\/\/www.youtube.com\/embed\/W2U2GZykAHA\" width=\"560\" height=\"315\" frameborder=\"0\" allowfullscreen=\"allowfullscreen\"><\/iframe><\/p>\n<p>Manter sua cozinha limpa fica mais f\u00e1cil com uma calha \u00famida. A <b>higieniza\u00e7\u00e3o<\/b> se torna um verdadeiro passeio no parque, j\u00e1 que a pe\u00e7a \u00e9 projetada para facilitar o acesso.<\/p>\n<\/li>\n<\/ul>\n<h2>V\u00eddeos explicativos sobre calha \u00famida<\/h2>\n<p>T\u00e1 precisando de mais informa\u00e7\u00f5es? Existem muitos <b>v\u00eddeos pr\u00e1ticos<\/b> que mostram a instala\u00e7\u00e3o e benef\u00edcios da calha \u00famida. Se voc\u00ea gosta de um bom conte\u00fado visual, vale a pena tentar!<\/p>\n<h2>Conclus\u00e3o<\/h2>\n<p>Se eu tivesse que resumir, direi que a calha \u00famida \u00e9 um <b>item essencial<\/b> para quem busca praticidade e modernidade na cozinha. Sua funcionalidade descomplica o dia a dia e enriquece o design do espa\u00e7o. Ent\u00e3o, por que n\u00e3o considerar essa op\u00e7\u00e3o para o seu projeto?<\/p>\n<p><\/body><br \/>\n&#8220;`<br \/>\n<figure style=\"width: 1024px\" class=\"wp-caption aligncenter\"><img decoding=\"async\" src=\"https:\/\/www.aarquiteta.com.br\/blog\/wp-content\/uploads\/2024\/09\/calha-umida-100-730x829.png\" alt=\"Imagem da calha \u00famida instalada, destacando detalhes do design.\" title=\"\"><figcaption class=\"wp-caption-text\">Imagem da calha \u00famida instalada, destacando detalhes do design.<\/figcaption><\/figure>\n<figure style=\"width: 1024px\" class=\"wp-caption aligncenter\"><img decoding=\"async\" src=\"https:\/\/www.aarquiteta.com.br\/blog\/wp-content\/uploads\/2024\/09\/casa-de-alvenaria-00-620x340.png\" alt=\"Casa de alvenaria, mostrando estilo tradicional de constru\u00e7\u00e3o.\" title=\"\"><figcaption class=\"wp-caption-text\">Casa de alvenaria, mostrando estilo tradicional de constru\u00e7\u00e3o.<\/figcaption><\/figure>\n","protected":false},"excerpt":{"rendered":"<p>Descubra a calha \u00famida, um acess\u00f3rio inovador que traz modernidade e praticidade para sua cozinha. Dicas e inspira\u00e7\u00f5es no artigo.<\/p>\n","protected":false},"author":102,"featured_media":130253,"comment_status":"closed","ping_status":"closed","sticky":false,"template":"","format":"standard","meta":{"footnotes":""},"categories":[1507,249],"tags":[],"class_list":["post-130259","post","type-post","status-publish","format-standard","has-post-thumbnail","category-arquitetura","category-engenharia-e-construcao-civil"],"_wp_attached_file":null,"_wp_attachment_metadata":null,"_wp_attachment_context":null,"_wp_attachment_is_custom_header":null,"geo_longitude":null,"geo_public":null,"geo_latitude":null,"_publicize_done_external":null,"_wpas_done_3897181":null,"publicize_twitter_user":null,"_wpas_done_3897175":null,"_wpas_skip_3897181":null,"_wpas_skip_3897175":null,"_wpas_skip_3924723":null,"_wpas_mess":null,"_wpas_done_3924723":null,"wps_subtitle":"","_links":{"self":[{"href":"https:\/\/www.aarquiteta.com.br\/blog\/wp-json\/wp\/v2\/posts\/130259","targetHints":{"allow":["GET"]}}],"collection":[{"href":"https:\/\/www.aarquiteta.com.br\/blog\/wp-json\/wp\/v2\/posts"}],"about":[{"href":"https:\/\/www.aarquiteta.com.br\/blog\/wp-json\/wp\/v2\/types\/post"}],"author":[{"embeddable":true,"href":"https:\/\/www.aarquiteta.com.br\/blog\/wp-json\/wp\/v2\/users\/102"}],"replies":[{"embeddable":true,"href":"https:\/\/www.aarquiteta.com.br\/blog\/wp-json\/wp\/v2\/comments?post=130259"}],"version-history":[{"count":0,"href":"https:\/\/www.aarquiteta.com.br\/blog\/wp-json\/wp\/v2\/posts\/130259\/revisions"}],"wp:featuredmedia":[{"embeddable":true,"href":"https:\/\/www.aarquiteta.com.br\/blog\/wp-json\/wp\/v2\/media\/130253"}],"wp:attachment":[{"href":"https:\/\/www.aarquiteta.com.br\/blog\/wp-json\/wp\/v2\/media?parent=130259"}],"wp:term":[{"taxonomy":"category","embeddable":true,"href":"https:\/\/www.aarquiteta.com.br\/blog\/wp-json\/wp\/v2\/categories?post=130259"},{"taxonomy":"post_tag","embeddable":true,"href":"https:\/\/www.aarquiteta.com.br\/blog\/wp-json\/wp\/v2\/tags?post=130259"}],"curies":[{"name":"wp","href":"https:\/\/api.w.org\/{rel}","templated":true}]}}