{"id":130225,"date":"2024-09-20T14:43:03","date_gmt":"2024-09-20T17:43:03","guid":{"rendered":"https:\/\/www.aarquiteta.com.br\/blog\/arte-popular\/"},"modified":"2024-09-20T14:43:03","modified_gmt":"2024-09-20T17:43:03","slug":"arte-popular","status":"publish","type":"post","link":"https:\/\/www.aarquiteta.com.br\/blog\/arte-popular\/","title":{"rendered":"A Casa da Arte Popular"},"content":{"rendered":"<p><body><\/p>\n<p>Explore a <b>casa de Rodrigo Cantarelli e Breno Modesto<\/b> em Recife, que se transforma em um <b>museu da arte popular brasileira<\/b>, onde cada pe\u00e7a n\u00e3o s\u00f3 embeleza, mas tamb\u00e9m narra uma hist\u00f3ria, refletindo uma rica cultura local.<\/p>\n<h2>Introdu\u00e7\u00e3o<\/h2>\n<p>A arte popular brasileira representa um mergulho profundo na <b>cultura local<\/b>, e hoje, vou compartilhar a experi\u00eancia de visitar uma casa que \u00e9 um verdadeiro templo dessa forma de express\u00e3o. Aqui, cada detalhe destaca a import\u00e2ncia da valoriza\u00e7\u00e3o cultural.<\/p>\n<h2>A Casa da Arte Popular<\/h2>\n<h3>O Espa\u00e7o Aconchegante<\/h3>\n<p>Primeiro, ao adentrar o <b>apartamento<\/b> do casal, n\u00e3o tem como n\u00e3o notar a <b>amplitude e integra\u00e7\u00e3o<\/b> dos ambientes. \u00c9 como se cada canto estivesse chamando a gente para uma conversa, e a disposi\u00e7\u00e3o dos m\u00f3veis faz um jogo de zig zag, que me faz sentir a sinfonia da arte. \u00c9 uma verdadeira <b>exposi\u00e7\u00e3o de arte<\/b> em que cada pe\u00e7a se destaca, criando um ambiente vibrante e acolhedor.<\/p>\n<h3>Pe\u00e7as que Contam Hist\u00f3rias<\/h3>\n<figure style=\"width: 1024px\" class=\"wp-caption aligncenter\"><img decoding=\"async\" src=\"https:\/\/www.aarquiteta.com.br\/blog\/wp-content\/uploads\/2024\/09\/arte-popular01.jpg\" alt=\"A Casa da Arte Popular\" width=\"1024\" height=\"1024\" title=\"\"><figcaption class=\"wp-caption-text\">A Casa da Arte Popular<\/figcaption><\/figure>\n<p>Mas o que realmente toca \u00e9 a <b>rela\u00e7\u00e3o pessoal<\/b> que Rodrigo e Breno t\u00eam com cada pe\u00e7a. Elas n\u00e3o s\u00e3o apenas objetos; cada uma carrega uma <b>mem\u00f3ria<\/b>, uma narrativa que os une de forma profunda. Quando Rodrigo deseja algo, ele se transforma num verdadeiro <b>detetive de arte<\/b>, buscando a hist\u00f3ria por tr\u00e1s de cada aquisi\u00e7\u00e3o, e isso, convenhamos, \u00e9 a ess\u00eancia do verdadeiro lar.<\/p>\n<h2>Elementos de Destaque<\/h2>\n<h3>A Cadeira Rosa do Mestre Jasson<\/h3>\n<figure style=\"width: 1024px\" class=\"wp-caption aligncenter\"><img decoding=\"async\" src=\"https:\/\/www.aarquiteta.com.br\/blog\/wp-content\/uploads\/2024\/09\/arte-popular-4-1200x900.jpg\" alt=\"Os moradores Rodrigo Cantarelli e Breno Modesto em seu apartamento repleto de arte popular, que eles colecionam e valorizam (Foto: Lufe Gomes)\" title=\"\"><figcaption class=\"wp-caption-text\">Os moradores Rodrigo Cantarelli e Breno Modesto em seu apartamento repleto de arte popular, que eles colecionam e valorizam (Foto: Lufe Gomes)<\/figcaption><\/figure>\n<p>Uma das estrelas do lar \u00e9, sem d\u00favida, a <b>cadeira rosa<\/b> do mestre Jasson. A hist\u00f3ria de como Rodrigo viajou at\u00e9 Macei\u00f3 para busc\u00e1-la pessoalmente \u00e9 de tirar o f\u00f4lego. \u00c9 como se a cadeira tivesse um <b>car\u00e1ter<\/b>, um peso emocional que faz a gente se apaixonar por ela a cada olhar. Ali\u00e1s, n\u00e3o \u00e9 apenas uma cadeira; \u00e9 <b>um s\u00edmbolo<\/b> de amor e dedica\u00e7\u00e3o \u00e0 arte popular brasileira.<\/p>\n<h3>Obras de Francisco Brennand e Abelardo da Hora<\/h3>\n<figure style=\"width: 1024px\" class=\"wp-caption aligncenter\"><img decoding=\"async\" src=\"https:\/\/www.aarquiteta.com.br\/blog\/wp-content\/uploads\/2024\/09\/arte-popular02.jpg\" alt=\"A Casa da Arte Popular\" width=\"1024\" height=\"1024\" title=\"\"><figcaption class=\"wp-caption-text\">A Casa da Arte Popular<\/figcaption><\/figure>\n<p>Outro ponto alto s\u00e3o as <b>esculturas<\/b> de artistas renomados, como Francisco Brennand e Abelardo da Hora. Elas n\u00e3o s\u00e3o apenas decora\u00e7\u00e3o; falam sobre o amor do casal pela <b>arte popular<\/b> e pela hist\u00f3ria que esses artistas representam. Cada obra \u00e9 uma janela para a criatividade brasileira, refletindo a alma do nosso povo.<\/p>\n<h2>Espa\u00e7os e Ambientes da Casa<\/h2>\n<h3>A Galeria no Corredor<\/h3>\n<figure style=\"width: 1024px\" class=\"wp-caption aligncenter\"><img decoding=\"async\" src=\"https:\/\/www.aarquiteta.com.br\/blog\/wp-content\/uploads\/2024\/09\/arte-popular-6-1120x840.jpg\" alt=\"A \u00e1rea social se estende at\u00e9 a varanda integrada, povoada por plantas e arte popular (Foto: Lufe Gomes)\" title=\"\"><figcaption class=\"wp-caption-text\">A \u00e1rea social se estende at\u00e9 a varanda integrada, povoada por plantas e arte popular (Foto: Lufe Gomes)<\/figcaption><\/figure>\n<p>Caminhando pelo corredor, a sensa\u00e7\u00e3o \u00e9 de estar em uma <b>galeria de arte<\/b>. As paredes s\u00e3o adornadas com quadros e os <b>mamulengos<\/b> que dan\u00e7am com a luz do ambiente, criando uma experi\u00eancia sensorial \u00fanica. \u00c9 como se cada obra chamasse a gente a interagir, a sentir, a viver a arte no cotidiano.<\/p>\n<h3>O Escrit\u00f3rio Inspirador<\/h3>\n<figure style=\"width: 1024px\" class=\"wp-caption aligncenter\"><img decoding=\"async\" src=\"https:\/\/www.aarquiteta.com.br\/blog\/wp-content\/uploads\/2024\/09\/arte-popular03.jpg\" alt=\"A Casa da Arte Popular\" width=\"1024\" height=\"1024\" title=\"\"><figcaption class=\"wp-caption-text\">A Casa da Arte Popular<\/figcaption><\/figure>\n<p>E o escrit\u00f3rio? Ah, esse \u00e9 um <b>espa\u00e7o que inspira<\/b> criatividade. Pintado em amarelo ocre, ele n\u00e3o \u00e9 s\u00f3 vibrante, mas acolhedor. \u00c9 ideal para novas descobertas art\u00edsticas, sempre repleto de pequenos tesouros que contam hist\u00f3rias e trazem \u00e0 mente a visceralidade da arte. A rede sempre estendida convoca a um <b>descanso criativo<\/b>, que tamb\u00e9m \u00e9 essencial.<\/p>\n<h2>Intera\u00e7\u00e3o com a Arte no Dia a Dia<\/h2>\n<h3>A Import\u00e2ncia de um Lar Aconchegante<\/h3>\n<figure style=\"width: 1024px\" class=\"wp-caption aligncenter\"><img decoding=\"async\" src=\"https:\/\/www.aarquiteta.com.br\/blog\/wp-content\/uploads\/2024\/09\/arte-popular-5-1120x840.jpg\" alt=\"A deslumbrante cadeira rosa do mestre Jasson \u00e9 uma paix\u00e3o do morador, destaque na decora\u00e7\u00e3o da sala (Foto: Lufe Gomes)\" title=\"\"><figcaption class=\"wp-caption-text\">A deslumbrante cadeira rosa do mestre Jasson \u00e9 uma paix\u00e3o do morador, destaque na decora\u00e7\u00e3o da sala (Foto: Lufe Gomes)<\/figcaption><\/figure>\n<p>Na verdade, a casa de Rodrigo e Breno \u00e9 um testemunho de como <b>arte e conforto<\/b> podem coexistir de maneira harmoniosa. Os objetos n\u00e3o s\u00e3o meros enfeites; eles criam um ambiente acolhedor que refor\u00e7a as mem\u00f3rias e as experi\u00eancias vividas. Aqui, a arte \u00e9 parte da rotina, e isso faz toda a diferen\u00e7a, n\u00e3o s\u00f3 na est\u00e9tica, mas tamb\u00e9m na alma do lar.<\/p>\n<h2>A Valoriza\u00e7\u00e3o da Cultura Local<\/h2>\n<p>Por \u00faltimo, mas n\u00e3o menos importante, a verdadeira ess\u00eancia do lar \u00e9 a <b>valoriza\u00e7\u00e3o das ra\u00edzes culturais<\/b>. Rodrigo e Breno est\u00e3o certos em afirmar que a casa deveria contar as suas hist\u00f3rias, mas se torna ainda mais rica ao incorporar a hist\u00f3ria de artistas locais. Isso \u00e9 como uma ode \u00e0 tradi\u00e7\u00e3o e \u00e0 criatividade do nosso povo, vibrando a cada canto.<\/p>\n<h2>Conclus\u00e3o<\/h2>\n<p>Em suma, a <b>casa de Rodrigo e Breno<\/b> n\u00e3o \u00e9 apenas um espa\u00e7o f\u00edsico; \u00e9 um verdadeiro <b>reflexo da arte popular<\/b> que nos envolve diariamente. Cada elemento lembra que a beleza e a profundidade cultural andam lado a lado. Visitar esse lar \u00e9 como mergulhar na ess\u00eancia da nossa identidade, despertando emo\u00e7\u00f5es que nos conectam \u00e0s nossas ra\u00edzes.<\/p>\n<p><\/body><br \/>\n<figure style=\"width: 1024px\" class=\"wp-caption aligncenter\"><img decoding=\"async\" src=\"https:\/\/www.aarquiteta.com.br\/blog\/wp-content\/uploads\/2024\/09\/arte-popular4.jpg\" alt=\"A Casa da Arte Popular\" width=\"1024\" height=\"1024\" title=\"\"><figcaption class=\"wp-caption-text\">A Casa da Arte Popular<\/figcaption><\/figure>\n<figure style=\"width: 1024px\" class=\"wp-caption aligncenter\"><img decoding=\"async\" src=\"https:\/\/www.aarquiteta.com.br\/blog\/wp-content\/uploads\/2024\/09\/arte-popular-2-1120x840.jpg\" alt=\"Obra rara de Francisco Brennand, celebrado artista pernambucano (Foto: Lufe Gomes)\" title=\"\"><figcaption class=\"wp-caption-text\">Obra rara de Francisco Brennand, celebrado artista pernambucano (Foto: Lufe Gomes)<\/figcaption><\/figure>\n<h3>Para se aprofundar mais sobre o tema, veja a minha recomenda\u00e7\u00e3o sobre o tema deste artigo no v\u00eddeo a seguir abaixo:<\/h3>\n<p><iframe title=\"YouTube video player\" src=\"https:\/\/www.youtube.com\/embed\/2fFyWg0bkMw\" width=\"560\" height=\"315\" frameborder=\"0\" allowfullscreen=\"allowfullscreen\"><\/iframe><\/p>\n<figure style=\"width: 1024px\" class=\"wp-caption aligncenter\"><img decoding=\"async\" src=\"https:\/\/www.aarquiteta.com.br\/blog\/wp-content\/uploads\/2024\/09\/arte-popular-7-1120x840.jpg\" alt=\"Abelardo da Hora, Jasson e V\u00e9io s\u00e3o alguns dos artistas populares presentes na cole\u00e7\u00e3o de Rodrigo e Breno, que ainda conta com muitos outros talento brasileiros (Foto: Lufe Gomes)\" title=\"\"><figcaption class=\"wp-caption-text\">Abelardo da Hora, Jasson e V\u00e9io s\u00e3o alguns dos artistas populares presentes na cole\u00e7\u00e3o de Rodrigo e Breno, que ainda conta com muitos outros talento brasileiros (Foto: Lufe Gomes)<\/figcaption><\/figure>\n<figure style=\"width: 1024px\" class=\"wp-caption aligncenter\"><img decoding=\"async\" src=\"https:\/\/www.aarquiteta.com.br\/blog\/wp-content\/uploads\/2024\/09\/arte-popular-3-1120x840.jpg\" alt=\"No corredor, que parece mais um hall de exposi\u00e7\u00f5es, pois \u00e9 muito largo, eles fizeram uma galeria de quadros e mais objetos, como os Mamulengos (fantoches) (Foto: Lufe Gomes)\" title=\"\"><figcaption class=\"wp-caption-text\">No corredor, que parece mais um hall de exposi\u00e7\u00f5es, pois \u00e9 muito largo, eles fizeram uma galeria de quadros e mais objetos, como os Mamulengos (fantoches) (Foto: Lufe Gomes)<\/figcaption><\/figure>\n","protected":false},"excerpt":{"rendered":"<p>Um apartamento em Recife que valoriza a arte popular brasileira com uma decora\u00e7\u00e3o \u00fanica e cheia de hist\u00f3ria.<\/p>\n","protected":false},"author":102,"featured_media":130217,"comment_status":"closed","ping_status":"closed","sticky":false,"template":"","format":"standard","meta":{"footnotes":""},"categories":[1507],"tags":[],"class_list":["post-130225","post","type-post","status-publish","format-standard","has-post-thumbnail","category-arquitetura"],"_wp_attached_file":null,"_wp_attachment_metadata":null,"_wp_attachment_context":null,"_wp_attachment_is_custom_header":null,"geo_longitude":null,"geo_public":null,"geo_latitude":null,"_publicize_done_external":null,"_wpas_done_3897181":null,"publicize_twitter_user":null,"_wpas_done_3897175":null,"_wpas_skip_3897181":null,"_wpas_skip_3897175":null,"_wpas_skip_3924723":null,"_wpas_mess":null,"_wpas_done_3924723":null,"wps_subtitle":"","_links":{"self":[{"href":"https:\/\/www.aarquiteta.com.br\/blog\/wp-json\/wp\/v2\/posts\/130225","targetHints":{"allow":["GET"]}}],"collection":[{"href":"https:\/\/www.aarquiteta.com.br\/blog\/wp-json\/wp\/v2\/posts"}],"about":[{"href":"https:\/\/www.aarquiteta.com.br\/blog\/wp-json\/wp\/v2\/types\/post"}],"author":[{"embeddable":true,"href":"https:\/\/www.aarquiteta.com.br\/blog\/wp-json\/wp\/v2\/users\/102"}],"replies":[{"embeddable":true,"href":"https:\/\/www.aarquiteta.com.br\/blog\/wp-json\/wp\/v2\/comments?post=130225"}],"version-history":[{"count":0,"href":"https:\/\/www.aarquiteta.com.br\/blog\/wp-json\/wp\/v2\/posts\/130225\/revisions"}],"wp:featuredmedia":[{"embeddable":true,"href":"https:\/\/www.aarquiteta.com.br\/blog\/wp-json\/wp\/v2\/media\/130217"}],"wp:attachment":[{"href":"https:\/\/www.aarquiteta.com.br\/blog\/wp-json\/wp\/v2\/media?parent=130225"}],"wp:term":[{"taxonomy":"category","embeddable":true,"href":"https:\/\/www.aarquiteta.com.br\/blog\/wp-json\/wp\/v2\/categories?post=130225"},{"taxonomy":"post_tag","embeddable":true,"href":"https:\/\/www.aarquiteta.com.br\/blog\/wp-json\/wp\/v2\/tags?post=130225"}],"curies":[{"name":"wp","href":"https:\/\/api.w.org\/{rel}","templated":true}]}}