{"id":130094,"date":"2024-09-19T12:53:26","date_gmt":"2024-09-19T15:53:26","guid":{"rendered":"https:\/\/www.aarquiteta.com.br\/blog\/flor-de-natal-2\/"},"modified":"2024-09-19T12:53:26","modified_gmt":"2024-09-19T15:53:26","slug":"flor-de-natal-2","status":"publish","type":"post","link":"https:\/\/www.aarquiteta.com.br\/blog\/flor-de-natal-2\/","title":{"rendered":"Flor de Natal: Dicas para Cuidar e Arranjar"},"content":{"rendered":"<p><body><\/p>\n<p>Voc\u00ea sabia que a Flor de Natal, ou poins\u00e9tia, \u00e9 mais do que uma simples planta decorativa? Ela traz um charme inigual\u00e1vel para as celebra\u00e7\u00f5es de fim de ano. Neste artigo, vou compartilhar dicas pr\u00e1ticas para cuidar dela e arranjos criativos que far\u00e3o sua decora\u00e7\u00e3o brilhar neste Natal!<\/p>\n<h2>Introdu\u00e7\u00e3o<\/h2>\n<p>Ah, a Flor de Natal! Essa belezinha \u00e9 um cl\u00e1ssico durante as festas. Com suas folhas vibrantes que lembram um caloroso abra\u00e7o natalino, ela \u00e9 uma escolha popular para embelezar lares e festividades. Mas, n\u00e3o \u00e9 s\u00f3 apar\u00eancia que conta; \u00e9 importante saber como cuidar dela para que dure mais e traga alegria por mais tempo!<\/p>\n<h2>Como Cuidar da Flor de Natal<\/h2>\n<p>Pode parecer simples, mas cuidar da Flor de Natal requer algum conhecimento. Vamos entender o que ela precisa para brilhar linda:<\/p>\n<h3>Requisitos de Luz<\/h3>\n<p>Primeiro, a poins\u00e9tia adora <b>luz indireta<\/b>. Coloc\u00e1-la em um local com boa ilumina\u00e7\u00e3o natural, mas sem sol direto, \u00e9 a chave para que ela se mantenha espl\u00eandida. Olha, ela se sente um pouquinho t\u00edmida na luz forte, sabe? Portanto, escolha bem o lugar!<\/p>\n<h3>Rega Adequada<\/h3>\n<figure style=\"width: 1024px\" class=\"wp-caption aligncenter\"><img decoding=\"async\" src=\"https:\/\/www.aarquiteta.com.br\/blog\/wp-content\/uploads\/2024\/09\/flor-de-natal01.jpg\" alt=\"Flor de Natal: Dicas para Cuidar e Arranjar\" width=\"1024\" height=\"1024\" title=\"\"><figcaption class=\"wp-caption-text\">Flor de Natal: Dicas para Cuidar e Arranjar<\/figcaption><\/figure>\n<p>Quando se trata de \u00e1gua, a modera\u00e7\u00e3o \u00e9 fundamental. A regra \u00e9 regar <b>frequentemente<\/b>, mas sem exageros. A terra deve estar sempre \u00famida, mas n\u00e3o encharcada, sen\u00e3o a coitada apodrece. A \u00e1gua deve ser do tipo que a planta gosta, ou seja, temperatura ambiente! Ningu\u00e9m quer pegar um resfriado, n\u00e3o \u00e9 mesmo?<\/p>\n<h2>Dicas Pr\u00e1ticas para Cultivar<\/h2>\n<p>Cultivar a Flor de Natal pode ser uma experi\u00eancia maravilhosa! Vamos dar uma olhada em algumas pr\u00e1ticas que ajudam neste processo:<\/p>\n<h3>Mudas e Fertiliza\u00e7\u00e3o<\/h3>\n<figure style=\"width: 1024px\" class=\"wp-caption aligncenter\"><img decoding=\"async\" src=\"https:\/\/www.aarquiteta.com.br\/blog\/wp-content\/uploads\/2024\/09\/flor-de-natal-00.jpg\" alt=\"Dicas para cuidar da planta e ideias de arranjos.\" title=\"\"><figcaption class=\"wp-caption-text\">Dicas para cuidar da planta e ideias de arranjos.<\/figcaption><\/figure>\n<p>Fazer mudas da poins\u00e9tia \u00e9 mais f\u00e1cil do que parece. Voc\u00ea pode cortar um galho saud\u00e1vel e plantar em um <b>substrato adequado<\/b>. A fertiliza\u00e7\u00e3o acontece principalmente a cada duas semanas durante seu per\u00edodo de crescimento, ent\u00e3o n\u00e3o se esque\u00e7a de aliment\u00e1-la para que ela cres\u00e7a saud\u00e1vel e contente!<\/p>\n<h2>Como Fazer a Flor de Natal Duranar Mais<\/h2>\n<p>Quem n\u00e3o quer que a sua Flor de Natal dure o m\u00e1ximo poss\u00edvel? Vamos descobrir alguns segredos para isso:<\/p>\n<h3>Ilumina\u00e7\u00e3o e Cuidado P\u00f3s-Aquisi\u00e7\u00e3o<\/h3>\n<figure style=\"width: 1024px\" class=\"wp-caption aligncenter\"><img decoding=\"async\" src=\"https:\/\/www.aarquiteta.com.br\/blog\/wp-content\/uploads\/2024\/09\/flor-de-natal02.jpg\" alt=\"Flor de Natal: Dicas para Cuidar e Arranjar\" width=\"1024\" height=\"1024\" title=\"\"><figcaption class=\"wp-caption-text\">Flor de Natal: Dicas para Cuidar e Arranjar<\/figcaption><\/figure>\n<p>Assim que voc\u00ea leva a flor pra casa, \u00e9 essencial encontr\u00e1-la um local tranquilo, onde ela possa se recuperar da mudan\u00e7a. A mudan\u00e7a de ambiente pode ser estressante, como mudar-se de bairro do nada. D\u00ea a ela um tempo para se adaptar, com <b>ilumina\u00e7\u00e3o adequada<\/b> e regas moderadas.<\/p>\n<h2>Ideias de Arranjos e Decora\u00e7\u00e3o<\/h2>\n<p>Agora que a Flor de Natal est\u00e1 cuidada e feliz, que tal utiliz\u00e1-la em arranjos criativos? Aqui v\u00e3o algumas dicas:<\/p>\n<h3>Combina\u00e7\u00f5es de Cores<\/h3>\n<figure style=\"width: 1024px\" class=\"wp-caption aligncenter\"><img decoding=\"async\" src=\"https:\/\/www.aarquiteta.com.br\/blog\/wp-content\/uploads\/2024\/09\/arranjos-de-natal-00-1-286x160.jpg\" alt=\"Foto de arranjos de natal com ideias e tutoriais para decora\u00e7\u00e3o.\" title=\"\"><figcaption class=\"wp-caption-text\">Foto de arranjos de natal com ideias e tutoriais para decora\u00e7\u00e3o.<\/figcaption><\/figure>\n<p>A poins\u00e9tia n\u00e3o se limita ao vermelho s\u00f3! <b>Ela tamb\u00e9m vem em rosa, branco e amarelo<\/b>, permitindo uma gama de combina\u00e7\u00f5es que podem dar vida ao seu espa\u00e7o. Misturar com outras plantas e acess\u00f3rios natalinos pode criar um efeito especial e cheio de estilo!<\/p>\n<h3>Utiliza\u00e7\u00e3o em Diferentes Ambientes<\/h3>\n<figure style=\"width: 1024px\" class=\"wp-caption aligncenter\"><img decoding=\"async\" src=\"https:\/\/www.aarquiteta.com.br\/blog\/wp-content\/uploads\/2024\/09\/flor-de-natal03.jpg\" alt=\"Flor de Natal: Dicas para Cuidar e Arranjar\" width=\"1024\" height=\"1024\" title=\"\"><figcaption class=\"wp-caption-text\">Flor de Natal: Dicas para Cuidar e Arranjar<\/figcaption><\/figure>\n<p>Pode usar a poins\u00e9tia em diversos locais, como na <b>mesa de jantar<\/b> ou no centro de mesa da sala. Experimente coloc\u00e1-las em vasos decorativos, ao lado de velas nas mesas ou at\u00e9 mesmo em guirlandas. Afinal, elas trazem um clima natalino em qualquer espa\u00e7o!<\/p>\n<h2>Conclus\u00e3o<\/h2>\n<p>Em resumo, a Flor de Natal \u00e9 uma escolha espetacular para alegrar sua decora\u00e7\u00e3o de fim de ano. Com os devidos cuidados e um pouco de criatividade, voc\u00eas ir\u00e3o garantir que ela traga um toque especial ao seu Natal. Ent\u00e3o, m\u00e3os \u00e0 obra! Vamos fazer esse Natal brilhar com as cores e a beleza da poins\u00e9tia!<\/p>\n<p><\/body><br \/>\n<figure style=\"width: 1024px\" class=\"wp-caption aligncenter\"><img decoding=\"async\" src=\"https:\/\/www.aarquiteta.com.br\/blog\/wp-content\/uploads\/2024\/09\/enfeites-de-natal-70-286x160.jpg\" alt=\"Enfeites de natal criativos para voc\u00ea fazer em casa.\" title=\"\"><figcaption class=\"wp-caption-text\">Enfeites de natal criativos para voc\u00ea fazer em casa.<\/figcaption><\/figure>\n<figure style=\"width: 1024px\" class=\"wp-caption aligncenter\"><img decoding=\"async\" src=\"https:\/\/www.aarquiteta.com.br\/blog\/wp-content\/uploads\/2024\/09\/flor-de-natal4.jpg\" alt=\"Flor de Natal: Dicas para Cuidar e Arranjar\" width=\"1024\" height=\"1024\" title=\"\"><figcaption class=\"wp-caption-text\">Flor de Natal: Dicas para Cuidar e Arranjar<\/figcaption><\/figure>\n<figure style=\"width: 1024px\" class=\"wp-caption aligncenter\"><img decoding=\"async\" src=\"https:\/\/www.aarquiteta.com.br\/blog\/wp-content\/uploads\/2024\/09\/presepio-00-286x160.jpg\" alt=\"Fotos de pres\u00e9pio para completar sua decora\u00e7\u00e3o de Natal.\" title=\"\"><figcaption class=\"wp-caption-text\">Fotos de pres\u00e9pio para completar sua decora\u00e7\u00e3o de Natal.<\/figcaption><\/figure>\n<h3>Para se aprofundar mais sobre o tema, veja a minha recomenda\u00e7\u00e3o sobre o tema deste artigo no v\u00eddeo a seguir abaixo:<\/h3>\n<p><iframe title=\"YouTube video player\" src=\"https:\/\/www.youtube.com\/embed\/409oq_n5Qqo\" width=\"560\" height=\"315\" frameborder=\"0\" allowfullscreen=\"allowfullscreen\"><\/iframe><\/p>\n<figure style=\"width: 1024px\" class=\"wp-caption aligncenter\"><img decoding=\"async\" src=\"https:\/\/www.aarquiteta.com.br\/blog\/wp-content\/uploads\/2024\/09\/flor-de-natal-01-1200x1200.jpg\" alt=\"A poins\u00e9tia \u00e9 conhecida como flor do Natal, com suas folhas modificadas coloridas.\" title=\"\"><figcaption class=\"wp-caption-text\">A poins\u00e9tia \u00e9 conhecida como flor do Natal, com suas folhas modificadas coloridas.<\/figcaption><\/figure>\n<figure style=\"width: 1024px\" class=\"wp-caption aligncenter\"><img decoding=\"async\" src=\"https:\/\/www.aarquiteta.com.br\/blog\/wp-content\/uploads\/2024\/09\/flor-de-natal-32-730x913.webp\" alt=\"Por florir pr\u00f3xima ao solst\u00edcio de inverno no hemisf\u00e9rio Norte, a poins\u00e9tia \u00e9 valorizada.\" title=\"\"><figcaption class=\"wp-caption-text\">Por florir pr\u00f3xima ao solst\u00edcio de inverno no hemisf\u00e9rio Norte, a poins\u00e9tia \u00e9 valorizada.<\/figcaption><\/figure>\n","protected":false},"excerpt":{"rendered":"<p>Aprenda a cuidar da flor de Natal e inspire-se com arranjos criativos para as festas!<\/p>\n","protected":false},"author":102,"featured_media":130086,"comment_status":"closed","ping_status":"closed","sticky":false,"template":"","format":"standard","meta":{"footnotes":""},"categories":[1484],"tags":[],"class_list":["post-130094","post","type-post","status-publish","format-standard","has-post-thumbnail","category-decoracao"],"_wp_attached_file":null,"_wp_attachment_metadata":null,"_wp_attachment_context":null,"_wp_attachment_is_custom_header":null,"geo_longitude":null,"geo_public":null,"geo_latitude":null,"_publicize_done_external":null,"_wpas_done_3897181":null,"publicize_twitter_user":null,"_wpas_done_3897175":null,"_wpas_skip_3897181":null,"_wpas_skip_3897175":null,"_wpas_skip_3924723":null,"_wpas_mess":null,"_wpas_done_3924723":null,"wps_subtitle":"","_links":{"self":[{"href":"https:\/\/www.aarquiteta.com.br\/blog\/wp-json\/wp\/v2\/posts\/130094","targetHints":{"allow":["GET"]}}],"collection":[{"href":"https:\/\/www.aarquiteta.com.br\/blog\/wp-json\/wp\/v2\/posts"}],"about":[{"href":"https:\/\/www.aarquiteta.com.br\/blog\/wp-json\/wp\/v2\/types\/post"}],"author":[{"embeddable":true,"href":"https:\/\/www.aarquiteta.com.br\/blog\/wp-json\/wp\/v2\/users\/102"}],"replies":[{"embeddable":true,"href":"https:\/\/www.aarquiteta.com.br\/blog\/wp-json\/wp\/v2\/comments?post=130094"}],"version-history":[{"count":0,"href":"https:\/\/www.aarquiteta.com.br\/blog\/wp-json\/wp\/v2\/posts\/130094\/revisions"}],"wp:featuredmedia":[{"embeddable":true,"href":"https:\/\/www.aarquiteta.com.br\/blog\/wp-json\/wp\/v2\/media\/130086"}],"wp:attachment":[{"href":"https:\/\/www.aarquiteta.com.br\/blog\/wp-json\/wp\/v2\/media?parent=130094"}],"wp:term":[{"taxonomy":"category","embeddable":true,"href":"https:\/\/www.aarquiteta.com.br\/blog\/wp-json\/wp\/v2\/categories?post=130094"},{"taxonomy":"post_tag","embeddable":true,"href":"https:\/\/www.aarquiteta.com.br\/blog\/wp-json\/wp\/v2\/tags?post=130094"}],"curies":[{"name":"wp","href":"https:\/\/api.w.org\/{rel}","templated":true}]}}