{"id":129939,"date":"2024-09-18T08:10:14","date_gmt":"2024-09-18T11:10:14","guid":{"rendered":"https:\/\/www.aarquiteta.com.br\/blog\/furta-cor\/"},"modified":"2024-10-11T14:33:07","modified_gmt":"2024-10-11T17:33:07","slug":"furta-cor","status":"publish","type":"post","link":"https:\/\/www.aarquiteta.com.br\/blog\/furta-cor\/","title":{"rendered":"Afinal, como usar o efeito furta-cor na decora\u00e7\u00e3o?"},"content":{"rendered":"<p><body><\/p><p>O efeito furta-cor est\u00e1 na crista da onda quando se trata de dar personalidade \u00e0 decora\u00e7\u00e3o. Com um toque m\u00e1gico, ele transforma qualquer espa\u00e7o, criando <a href=\"https:\/\/www.aarquiteta.com.br\/blog\/decoracao\/ambientes-na-decoracao\/\" class=\"ilj-generated-link\">ambientes<\/a> \u00fanicos e cativantes.<\/p><h2>Introdu\u00e7\u00e3o<\/h2><p>Vamos explorar juntos o que \u00e9 o efeito furta-cor e descobrir como podemos incorpor\u00e1-lo de forma criativa na <a href=\"https:\/\/www.aarquiteta.com.br\/blog\/decoracao\/\" class=\"ilj-generated-link\">decora\u00e7\u00e3o<\/a>. Prepare-se para dar aquela repaginada no seu espa\u00e7o!<\/p><h2>O que \u00e9 o efeito furta-cor?<\/h2><p>O furta-cor \u00e9 uma caracter\u00edstica \u00f3tica que proporciona a magia de transformar <a href=\"https:\/\/www.aarquiteta.com.br\/blog\/?s=CORES\">cores<\/a>. Dependendo do \u00e2ngulo e da luz, objetos refletem nuances diferentes, criando uma dan\u00e7a de cores fascinante.<\/p><h2>Como usar o efeito furta-cor na decora\u00e7\u00e3o<\/h2><h3>Complementando com tons neutros<\/h3><p>Um dos truques mais infal\u00edveis \u00e9 <b>combinar o furta-cor com tons neutros<\/b>. Imagina um <a href=\"https:\/\/www.aarquiteta.com.br\/blog\/?s=SOFA\">sof\u00e1<\/a> cinza com almofadas furta-cor? \u00c9 a forma ideal de deixar o efeito brilhar sem brigar pela aten\u00e7\u00e3o!<\/p><h3>Escolhendo uma paleta de cores coerente<\/h3><figure style=\"width: 1024px\" class=\"wp-caption aligncenter\"><img decoding=\"async\" src=\"https:\/\/www.aarquiteta.com.br\/blog\/wp-content\/uploads\/2024\/09\/furta-cor01.jpg\" alt=\"Afinal, como usar o efeito furta-cor na decora\u00e7\u00e3o?\" width=\"1024\" height=\"1024\" title=\"\"><figcaption class=\"wp-caption-text\">Afinal, como usar o efeito furta-cor na decora\u00e7\u00e3o?<\/figcaption><\/figure><p>Ao optar por uma paleta suave, como as cores pastel, voc\u00ea vai garantir que o furta-cor se destaque de forma sutil, sem exageros. \u00c9 como temperar uma comida: o equil\u00edbrio \u00e9 essencial. Que tal um rosa claro com azul beb\u00e9?<\/p><h3>Combinando com cores ousadas<\/h3><figure style=\"width: 1024px\" class=\"wp-caption aligncenter\"><img decoding=\"async\" src=\"https:\/\/www.aarquiteta.com.br\/blog\/wp-content\/uploads\/2024\/09\/cobogomundaufurtacor-1-1200x769.jpg\" alt=\"Cobog\u00f3 Munda\u00fa tem efeito furta-cor gra\u00e7as \u00e0 mat\u00e9ria-prima: conchas de sururu (Projeto: Portobello)\" title=\"\"><figcaption class=\"wp-caption-text\">Cobog\u00f3 Munda\u00fa tem efeito furta-cor gra\u00e7as \u00e0 mat\u00e9ria-prima: conchas de sururu (<a href=\"https:\/\/www.aarquiteta.com.br\/blog\/?s=PROJETO\">Projeto<\/a>: Portobello)<\/figcaption><\/figure><p>Para quem n\u00e3o tem medo de se destacar, utilizar cores vibrantes como <b>vermelho e verde-esmeralda<\/b> com o furta-cor cria um contraste explosivo! \u00c9 uma mistura perfeita para ambientes que pedem energia.<\/p><h3>Furta-cor como ponto focal<\/h3><figure style=\"width: 1024px\" class=\"wp-caption aligncenter\"><img decoding=\"async\" src=\"https:\/\/www.aarquiteta.com.br\/blog\/wp-content\/uploads\/2024\/09\/furta-cor02.jpg\" alt=\"Afinal, como usar o efeito furta-cor na decora\u00e7\u00e3o?\" width=\"1024\" height=\"1024\" title=\"\"><figcaption class=\"wp-caption-text\">Afinal, como usar o efeito furta-cor na decora\u00e7\u00e3o?<\/figcaption><\/figure><p>O segredo \u00e9 usar o efeito furta-cor como <b>ponto focal<\/b> do ambiente. Posicione uma escultura ou um quadro furta-cor em meio a uma paleta neutra e veja todo mundo se apaixonar!<\/p><h3>Ilumina\u00e7\u00e3o estrat\u00e9gica<\/h3>Superf\u00edcie met\u00e1lica com efeito furta-cor<p>A ilumina\u00e7\u00e3o \u00e9 o c\u00famplice do furta-cor. Lumin\u00e1rias direcionais que criam reflexos v\u00e3o transformar a atmosfera, tornando o ambiente <b>invocador<\/b> das cores m\u00e1gicas. A luz natural tamb\u00e9m \u00e9 uma amiga boa, valorizando cada nuance.<\/p><h3>Elementos naturais<\/h3><figure style=\"width: 1024px\" class=\"wp-caption aligncenter\"><img decoding=\"async\" src=\"https:\/\/www.aarquiteta.com.br\/blog\/wp-content\/uploads\/2024\/09\/furta-cor03.jpg\" alt=\"Afinal, como usar o efeito furta-cor na decora\u00e7\u00e3o?\" width=\"1024\" height=\"1024\" title=\"\"><figcaption class=\"wp-caption-text\">Afinal, como usar o efeito furta-cor na decora\u00e7\u00e3o?<\/figcaption><\/figure><p>Adicionando plantas e materiais como madeira, o efeito furta-cor ganha um toque <b>org\u00e2nico e aut\u00eantico<\/b>. \u00c9 como se a natureza e o design contempor\u00e2neo dan\u00e7assem juntos num baile harmonioso. Que tal experimentar?<\/p><h3>Equil\u00edbrio entre o chamativo e o discreto<\/h3><figure style=\"width: 1024px\" class=\"wp-caption aligncenter\"><img decoding=\"async\" src=\"https:\/\/www.aarquiteta.com.br\/blog\/wp-content\/uploads\/2024\/09\/efeitofurtacorpaletadecores-747x1120.jpg\" alt=\"Mistura de tons pastel e efeito furta-cor em objetos decorativos\" title=\"\"><figcaption class=\"wp-caption-text\">Mistura de tons pastel e efeito furta-cor em objetos decorativos<\/figcaption><\/figure><p>Se voc\u00ea quer dar um toque sutil, que tal utilizar pequenos objetos? <b>Vasos, velas e detalhes decorativos<\/b> com efeito furta-cor s\u00e3o \u00f3timas op\u00e7\u00f5es para um charme delicado sem exageros.<\/p><h3>Combinando diferentes materiais<\/h3><figure style=\"width: 1024px\" class=\"wp-caption aligncenter\"><img decoding=\"async\" src=\"https:\/\/www.aarquiteta.com.br\/blog\/wp-content\/uploads\/2024\/09\/furta-cor4.jpg\" alt=\"Afinal, como usar o efeito furta-cor na decora\u00e7\u00e3o?\" width=\"1024\" height=\"1024\" title=\"\"><figcaption class=\"wp-caption-text\">Afinal, como usar o efeito furta-cor na decora\u00e7\u00e3o?<\/figcaption><\/figure><p>O furta-cor n\u00e3o tem limites! Voc\u00ea pode experimentar em <b>tecidos, acr\u00edlicos e vidros<\/b>. Imagine uma poltrona com lantejoulas furta-cor contrastando com um sof\u00e1 neutro. \u00c9 a harmonia perfeita!<\/p><h3>Considerando a personalidade do ambiente<\/h3><figure style=\"width: 1024px\" class=\"wp-caption aligncenter\"><img decoding=\"async\" src=\"https:\/\/www.aarquiteta.com.br\/blog\/wp-content\/uploads\/2024\/09\/efeitofurtacornocobogo-1008x1120.jpg\" alt=\"efeito furta-cor de revestimentos, cobog\u00f3 Munda\u00fa\" title=\"\"><figcaption class=\"wp-caption-text\">efeito furta-cor de revestimentos, cobog\u00f3 Munda\u00fa<\/figcaption><\/figure><p>N\u00e3o se esque\u00e7a de <b>pensar no estilo do seu espa\u00e7o<\/b>. Num ambiente minimalista, o furta-cor pode ser o toque de ousadia que faltava. J\u00e1 em lugares mais cl\u00e1ssicos, ele oferece um ar super contempor\u00e2neo.<\/p><h3>Experimentando e se divertindo<\/h3><h3>Para se aprofundar mais sobre o tema, veja a minha recomenda\u00e7\u00e3o sobre o tema deste artigo no v\u00eddeo a seguir abaixo:<\/h3><p><iframe title=\"YouTube video player\" src=\"https:\/\/www.youtube.com\/embed\/M3PRXlPDM6o\" width=\"560\" height=\"315\" frameborder=\"0\" allowfullscreen=\"allowfullscreen\"><\/iframe><\/p><p>A decora\u00e7\u00e3o \u00e9 um campo de <b>experi\u00eancia e criatividade<\/b>. Brinque com as combina\u00e7\u00f5es e descubra o que mais combina com sua personalidade. O importante \u00e9 se divertir no processo!<\/p><h2>Conclus\u00e3o<\/h2><p>Incorporar o efeito furta-cor na decora\u00e7\u00e3o \u00e9 uma maneira fabulosa de trazer modernidade e originalidade ao seu espa\u00e7o. Ao equilibrar cores, texturas e ilumina\u00e7\u00e3o, voc\u00ea vai criar um <b>ambiente \u00fanico e encantador<\/b> que todos v\u00e3o adorar. Agora que voc\u00ea j\u00e1 conhece as dicas, que tal colocar a m\u00e3o na massa?<\/p><p><\/body><br \/><figure style=\"width: 1024px\" class=\"wp-caption aligncenter\"><img decoding=\"async\" src=\"https:\/\/www.aarquiteta.com.br\/blog\/wp-content\/uploads\/2024\/09\/cobogomundaufurtacor-1120x718.jpg\" alt=\"Cascas brilhosas do sururu com efeito furta-cor no cobog\u00f3 Munda\u00fa (Foto: Portobello)\" title=\"\"><figcaption class=\"wp-caption-text\">Cascas brilhosas do sururu com efeito furta-cor no cobog\u00f3 Munda\u00fa (Foto: Portobello)<\/figcaption><\/figure><figure style=\"width: 1024px\" class=\"wp-caption aligncenter\"><img decoding=\"async\" src=\"https:\/\/www.aarquiteta.com.br\/blog\/wp-content\/uploads\/2024\/09\/efeitofurtacorlinhasolar-960x1120.jpg\" alt=\"Detalhe de revestimento em tom terroso com efeito furta-cor (Projeto: Portobello)\" title=\"\"><figcaption class=\"wp-caption-text\">Detalhe de revestimento em tom terroso com efeito furta-cor (Projeto: Portobello)<\/figcaption><\/figure>","protected":false},"excerpt":{"rendered":"<p>Descubra como usar o efeito furta-cor na decora\u00e7\u00e3o, trazendo originalidade e sofistica\u00e7\u00e3o aos seus ambientes.<\/p>\n","protected":false},"author":102,"featured_media":129932,"comment_status":"closed","ping_status":"closed","sticky":false,"template":"","format":"standard","meta":{"footnotes":""},"categories":[1507],"tags":[],"class_list":["post-129939","post","type-post","status-publish","format-standard","has-post-thumbnail","category-arquitetura"],"_wp_attached_file":null,"_wp_attachment_metadata":null,"_wp_attachment_context":null,"_wp_attachment_is_custom_header":null,"geo_longitude":null,"geo_public":null,"geo_latitude":null,"_publicize_done_external":null,"_wpas_done_3897181":null,"publicize_twitter_user":null,"_wpas_done_3897175":null,"_wpas_skip_3897181":null,"_wpas_skip_3897175":null,"_wpas_skip_3924723":null,"_wpas_mess":null,"_wpas_done_3924723":null,"wps_subtitle":"","_links":{"self":[{"href":"https:\/\/www.aarquiteta.com.br\/blog\/wp-json\/wp\/v2\/posts\/129939","targetHints":{"allow":["GET"]}}],"collection":[{"href":"https:\/\/www.aarquiteta.com.br\/blog\/wp-json\/wp\/v2\/posts"}],"about":[{"href":"https:\/\/www.aarquiteta.com.br\/blog\/wp-json\/wp\/v2\/types\/post"}],"author":[{"embeddable":true,"href":"https:\/\/www.aarquiteta.com.br\/blog\/wp-json\/wp\/v2\/users\/102"}],"replies":[{"embeddable":true,"href":"https:\/\/www.aarquiteta.com.br\/blog\/wp-json\/wp\/v2\/comments?post=129939"}],"version-history":[{"count":0,"href":"https:\/\/www.aarquiteta.com.br\/blog\/wp-json\/wp\/v2\/posts\/129939\/revisions"}],"wp:featuredmedia":[{"embeddable":true,"href":"https:\/\/www.aarquiteta.com.br\/blog\/wp-json\/wp\/v2\/media\/129932"}],"wp:attachment":[{"href":"https:\/\/www.aarquiteta.com.br\/blog\/wp-json\/wp\/v2\/media?parent=129939"}],"wp:term":[{"taxonomy":"category","embeddable":true,"href":"https:\/\/www.aarquiteta.com.br\/blog\/wp-json\/wp\/v2\/categories?post=129939"},{"taxonomy":"post_tag","embeddable":true,"href":"https:\/\/www.aarquiteta.com.br\/blog\/wp-json\/wp\/v2\/tags?post=129939"}],"curies":[{"name":"wp","href":"https:\/\/api.w.org\/{rel}","templated":true}]}}