{"id":129873,"date":"2024-09-17T09:39:49","date_gmt":"2024-09-17T12:39:49","guid":{"rendered":"https:\/\/www.aarquiteta.com.br\/blog\/jardinagem-com-suculentas-em-setembro\/"},"modified":"2024-09-17T09:39:49","modified_gmt":"2024-09-17T12:39:49","slug":"jardinagem-com-suculentas-em-setembro","status":"publish","type":"post","link":"https:\/\/www.aarquiteta.com.br\/blog\/jardinagem-com-suculentas-em-setembro\/","title":{"rendered":"Jardinagem com Suculentas: O Que Fazer em Setembro para Florescer na Primavera"},"content":{"rendered":"<p><body><\/p>\n<p>Setembro \u00e9 o m\u00eas perfeito para preparar suas suculentas para a primavera. Com os cuidados certos, voc\u00ea pode garantir que suas plantas estejam saud\u00e1veis e prontas para florescer com toda a sua beleza.<\/p>\n<h2>Destaques principais<\/h2>\n<ul>\n<li><b>Entendimento do Ciclo das Suculentas:<\/b> Conhe\u00e7a como essas plantas se adaptam \u00e0s mudan\u00e7as de esta\u00e7\u00e3o e o que isso significa para seu cuidado.<\/li>\n<li><b>Cuidados Essenciais:<\/b> Aprenda sobre a rega, aduba\u00e7\u00e3o e poda, fundamentais para manter suas suculentas vibrantes.<\/li>\n<li><b>Prote\u00e7\u00e3o Contra Amea\u00e7as:<\/b> Descubra como proteger suas suculentas de pragas e doen\u00e7as, garantindo que elas flores\u00e7am saud\u00e1veis.<\/li>\n<\/ul>\n<h2>1. Entendendo o Ciclo das Suculentas<\/h2>\n<h3>1.1 O que s\u00e3o suculentas?<\/h3>\n<figure style=\"width: 1024px\" class=\"wp-caption aligncenter\"><img decoding=\"async\" src=\"https:\/\/www.aarquiteta.com.br\/blog\/wp-content\/uploads\/2024\/09\/jardinagem-com-suculentas-em-setembro04.jpg\" alt=\"Jardinagem com Suculentas: O Que Fazer em Setembro para Florescer na Primavera\" width=\"1024\" height=\"1024\" title=\"\"><figcaption class=\"wp-caption-text\">Jardinagem com Suculentas: O Que Fazer em Setembro para Florescer na Primavera<\/figcaption><\/figure>\n<p>As <b>suculentas<\/b> s\u00e3o plantas que armazenam \u00e1gua em suas folhas, caules ou ra\u00edzes, permitindo que sobrevivam em ambientes \u00e1ridos. Elas v\u00eam em diversas formas e tamanhos, cada uma com suas caracter\u00edsticas \u00fanicas.<\/p>\n<h3>1.2 Como as suculentas se adaptam \u00e0s esta\u00e7\u00f5es?<\/h3>\n<figure style=\"width: 1024px\" class=\"wp-caption aligncenter\"><img decoding=\"async\" src=\"https:\/\/www.aarquiteta.com.br\/blog\/wp-content\/uploads\/2024\/09\/jardinagem-com-suculentas-em-setembro03.jpg\" alt=\"Jardinagem com Suculentas: O Que Fazer em Setembro para Florescer na Primavera\" width=\"1024\" height=\"1024\" title=\"\"><figcaption class=\"wp-caption-text\">Jardinagem com Suculentas: O Que Fazer em Setembro para Florescer na Primavera<\/figcaption><\/figure>\n<p>Essas plantas t\u00eam um ciclo de vida que se adapta \u00e0s <b>mudan\u00e7as sazonais<\/b>. No outono e inverno, elas entram em um per\u00edodo de dorm\u00eancia, enquanto na primavera e ver\u00e3o, elas florescem e crescem ativamente.<\/p>\n<h2>2. Preparando o Solo para as Suculentas<\/h2>\n<h3>2.1 Escolhendo o substrato ideal<\/h3>\n<figure style=\"width: 1024px\" class=\"wp-caption aligncenter\"><img decoding=\"async\" src=\"https:\/\/www.aarquiteta.com.br\/blog\/wp-content\/uploads\/2024\/09\/jardinagem-com-suculentas-em-setembro02.jpg\" alt=\"Jardinagem com Suculentas: O Que Fazer em Setembro para Florescer na Primavera\" width=\"1024\" height=\"1024\" title=\"\"><figcaption class=\"wp-caption-text\">Jardinagem com Suculentas: O Que Fazer em Setembro para Florescer na Primavera<\/figcaption><\/figure>\n<p>O <b>substrato<\/b> \u00e9 crucial para o crescimento saud\u00e1vel das suculentas. Um solo bem drenado, que permita a circula\u00e7\u00e3o de ar, \u00e9 essencial. Misturas espec\u00edficas para suculentas s\u00e3o recomendadas.<\/p>\n<h3>2.2 A import\u00e2ncia da drenagem<\/h3>\n<figure style=\"width: 1024px\" class=\"wp-caption aligncenter\"><img decoding=\"async\" src=\"https:\/\/www.aarquiteta.com.br\/blog\/wp-content\/uploads\/2024\/09\/jardinagem-com-suculentas-em-setembro01.jpg\" alt=\"Jardinagem com Suculentas: O Que Fazer em Setembro para Florescer na Primavera\" width=\"1024\" height=\"1024\" title=\"\"><figcaption class=\"wp-caption-text\">Jardinagem com Suculentas: O Que Fazer em Setembro para Florescer na Primavera<\/figcaption><\/figure>\n<p>A <b>drenagem<\/b> \u00e9 vital para evitar o apodrecimento das ra\u00edzes. Certifique-se de que seus vasos tenham furos no fundo e considere adicionar pedras ou areia ao solo para melhorar a drenagem.<\/p>\n<h2>3. Rega e Umidade<\/h2>\n<h3>3.1 Como regar suas suculentas em setembro<\/h3>\n<p>Em setembro, a rega deve ser moderada. \u00c9 importante deixar o solo secar completamente entre as regas. Uma boa regra \u00e9 regar a cada 2-3 semanas, dependendo do clima.<\/p>\n<h3>3.2 Sinais de excesso ou falta de \u00e1gua<\/h3>\n<h3>Assista agora a minha recomenda\u00e7\u00e3o de video abaixo sobre o tema que estamos tratando neste artigo: <\/h3>\n<p><div class=\"youtube-embed\" data-video_id=\"fdb2xcnQqv8\"><iframe title=\"24 PLANTAS de MUITA FLOR pra ter no JARDIM\" width=\"696\" height=\"392\" src=\"https:\/\/www.youtube.com\/embed\/fdb2xcnQqv8?feature=oembed&#038;enablejsapi=1\" frameborder=\"0\" allow=\"accelerometer; autoplay; clipboard-write; encrypted-media; gyroscope; picture-in-picture; web-share\" referrerpolicy=\"strict-origin-when-cross-origin\" allowfullscreen><\/iframe><\/div>\n<\/p>\n<p>Fique atento aos sinais: folhas murchas podem indicar <b>falta de \u00e1gua<\/b>, enquanto folhas amareladas podem ser um sinal de excesso. Aprender a observar suas plantas \u00e9 fundamental.<\/p>\n<h2>4. Aduba\u00e7\u00e3o para Suculentas<\/h2>\n<h3>4.1 Quando e como adubar<\/h3>\n<p>A aduba\u00e7\u00e3o deve ser feita na primavera, quando as suculentas come\u00e7am a crescer. Use um fertilizante espec\u00edfico para suculentas, diluindo-o em \u00e1gua e aplicando a cada 4-6 semanas.<\/p>\n<h3>4.2 Tipos de fertilizantes recomendados<\/h3>\n<p>Os <b>fertilizantes<\/b> \u00e0 base de f\u00f3sforo s\u00e3o ideais, pois ajudam na flora\u00e7\u00e3o. Procure por produtos com uma propor\u00e7\u00e3o equilibrada de nutrientes, como 10-10-10.<\/p>\n<h2>5. Poda e Manuten\u00e7\u00e3o<\/h2>\n<h3>5.1 Como podar suas suculentas<\/h3>\n<p>A <b>poda<\/b> \u00e9 importante para remover folhas mortas e estimular o crescimento. Use uma tesoura limpa e afiada para evitar danos \u00e0s plantas.<\/p>\n<h3>5.2 Removendo folhas mortas e doentes<\/h3>\n<p>Folhas mortas ou doentes devem ser removidas imediatamente para evitar a propaga\u00e7\u00e3o de doen\u00e7as. Isso tamb\u00e9m ajuda a planta a direcionar energia para o crescimento saud\u00e1vel.<\/p>\n<h2>6. Protegendo suas Suculentas<\/h2>\n<h3>6.1 Cuidados contra pragas e doen\u00e7as<\/h3>\n<p>Fique atento a pragas como cochonilhas e pulg\u00f5es. O uso de inseticidas naturais pode ajudar a manter suas suculentas protegidas.<\/p>\n<h3>6.2 Protegendo do sol intenso<\/h3>\n<p><\/body><\/p>\n","protected":false},"excerpt":{"rendered":"<p>Prepare suas suculentas em setembro para que flores\u00e7am na primavera. Aprenda como cuidar dessas plantas durante a transi\u00e7\u00e3o de esta\u00e7\u00f5es.<\/p>\n","protected":false},"author":102,"featured_media":129870,"comment_status":"closed","ping_status":"closed","sticky":false,"template":"","format":"standard","meta":{"footnotes":""},"categories":[9612,18792,18794],"tags":[],"class_list":["post-129873","post","type-post","status-publish","format-standard","has-post-thumbnail","category-jardinagem","category-decoracao-de-apartamento","category-projetos-de-decoracao-de-casas"],"_wp_attached_file":null,"_wp_attachment_metadata":null,"_wp_attachment_context":null,"_wp_attachment_is_custom_header":null,"geo_longitude":null,"geo_public":null,"geo_latitude":null,"_publicize_done_external":null,"_wpas_done_3897181":null,"publicize_twitter_user":null,"_wpas_done_3897175":null,"_wpas_skip_3897181":null,"_wpas_skip_3897175":null,"_wpas_skip_3924723":null,"_wpas_mess":null,"_wpas_done_3924723":null,"wps_subtitle":"","_links":{"self":[{"href":"https:\/\/www.aarquiteta.com.br\/blog\/wp-json\/wp\/v2\/posts\/129873","targetHints":{"allow":["GET"]}}],"collection":[{"href":"https:\/\/www.aarquiteta.com.br\/blog\/wp-json\/wp\/v2\/posts"}],"about":[{"href":"https:\/\/www.aarquiteta.com.br\/blog\/wp-json\/wp\/v2\/types\/post"}],"author":[{"embeddable":true,"href":"https:\/\/www.aarquiteta.com.br\/blog\/wp-json\/wp\/v2\/users\/102"}],"replies":[{"embeddable":true,"href":"https:\/\/www.aarquiteta.com.br\/blog\/wp-json\/wp\/v2\/comments?post=129873"}],"version-history":[{"count":0,"href":"https:\/\/www.aarquiteta.com.br\/blog\/wp-json\/wp\/v2\/posts\/129873\/revisions"}],"wp:featuredmedia":[{"embeddable":true,"href":"https:\/\/www.aarquiteta.com.br\/blog\/wp-json\/wp\/v2\/media\/129870"}],"wp:attachment":[{"href":"https:\/\/www.aarquiteta.com.br\/blog\/wp-json\/wp\/v2\/media?parent=129873"}],"wp:term":[{"taxonomy":"category","embeddable":true,"href":"https:\/\/www.aarquiteta.com.br\/blog\/wp-json\/wp\/v2\/categories?post=129873"},{"taxonomy":"post_tag","embeddable":true,"href":"https:\/\/www.aarquiteta.com.br\/blog\/wp-json\/wp\/v2\/tags?post=129873"}],"curies":[{"name":"wp","href":"https:\/\/api.w.org\/{rel}","templated":true}]}}