{"id":129834,"date":"2024-09-16T19:57:22","date_gmt":"2024-09-16T22:57:22","guid":{"rendered":"https:\/\/www.aarquiteta.com.br\/blog\/cozinha-branca\/"},"modified":"2024-09-16T19:57:22","modified_gmt":"2024-09-16T22:57:22","slug":"cozinha-branca","status":"publish","type":"post","link":"https:\/\/www.aarquiteta.com.br\/blog\/cozinha-branca\/","title":{"rendered":"Cozinha branca: confira dicas para montar a sua"},"content":{"rendered":"<p><body><\/p><p>Descubra como montar uma cozinha branca perfeita! Este artigo apresenta diversas dicas funcionais sobre como explorar o branco na decora\u00e7\u00e3o, desde os revestimentos at\u00e9 as combina\u00e7\u00f5es de m\u00f3veis e acess\u00f3rios que adicionam personalidade ao espa\u00e7o.<\/p><h2>Introdu\u00e7\u00e3o<\/h2><p>O branco \u00e9 <b>uma escolha cl\u00e1ssica<\/b> e atemporal para cozinhas, oferecendo sensa\u00e7\u00e3o de amplitude e leveza. Neste artigo, voc\u00ea encontrar\u00e1 dicas pr\u00e1ticas para criar uma cozinha branca que seja ao mesmo tempo funcional e estilosa.<\/p><h2>Principais Vantagens da Cozinha Branca<\/h2><h3>Ilumina\u00e7\u00e3o e Amplitude<\/h3><p>Uma das principais vantagens de <b>ter uma cozinha branca<\/b> \u00e9 a luminosidade que ela proporciona. O branco <b>reflete a luz<\/b> de forma a iluminar seu espa\u00e7o como um sonho ensolarado. Sabe aquele momento em que voc\u00ea entra na cozinha e se sente envolvido por uma aura de clareza? \u00c9 imposs\u00edvel n\u00e3o se sentir bem!<\/p><h3>Aspecto de Limpeza<\/h3><figure style=\"width: 1024px\" class=\"wp-caption aligncenter\"><img decoding=\"async\" src=\"https:\/\/www.aarquiteta.com.br\/blog\/wp-content\/uploads\/2024\/09\/cozinha-branca01.jpg\" alt=\"Cozinha branca: confira dicas para montar a sua\" width=\"1024\" height=\"1024\" title=\"\"><figcaption class=\"wp-caption-text\">Cozinha branca: confira dicas para montar a sua<\/figcaption><\/figure><p>Cozinhas brancas tamb\u00e9m s\u00e3o sin\u00f4nimos de <b>limpeza<\/b>. Elas transmitem a ideia de frescor e higiene. Afinal, preparar os alimentos em um espa\u00e7o que parece sempre limpo e organizado \u00e9 uma verdadeira ben\u00e7\u00e3o, n\u00e3o acha?<\/p><h3>Versatilidade na Decora\u00e7\u00e3o<\/h3><figure style=\"width: 1024px\" class=\"wp-caption aligncenter\"><img decoding=\"async\" src=\"https:\/\/www.aarquiteta.com.br\/blog\/wp-content\/uploads\/2024\/09\/38508_apartamento-cm.webp\" alt=\"Cozinha com m\u00f3veis brancos e detalhes na cor prata. A cor branca na cozinha deixa ela mais acolhedora e ampla (Projeto: Rodrigo Fag\u00e1)\" title=\"\"><figcaption class=\"wp-caption-text\">Cozinha com m\u00f3veis brancos e detalhes na cor prata. A cor branca na cozinha deixa ela mais acolhedora e ampla (Projeto: Rodrigo Fag\u00e1)<\/figcaption><\/figure><p>A base neutra do branco permite <b>diversas combina\u00e7\u00f5es<\/b> de cores e texturas. Voc\u00ea pode se aventurar em um playground de op\u00e7\u00f5es, misturando m\u00f3veis coloridos, acess\u00f3rios e at\u00e9 mesmo eletrodom\u00e9sticos. Portanto, se voc\u00ea sonha em adicionar um toque de vermelho ou amarelo, \u00e9 hora de realiz\u00e1-lo!<\/p><h2>Pisos e Revestimentos<\/h2><h3>Escolha de Materiais<\/h3><figure style=\"width: 1024px\" class=\"wp-caption aligncenter\"><img decoding=\"async\" src=\"https:\/\/www.aarquiteta.com.br\/blog\/wp-content\/uploads\/2024\/09\/cozinha-branca02.jpg\" alt=\"Cozinha branca: confira dicas para montar a sua\" width=\"1024\" height=\"1024\" title=\"\"><figcaption class=\"wp-caption-text\">Cozinha branca: confira dicas para montar a sua<\/figcaption><\/figure><p>Investir em <b>pisos de porcelanato<\/b> \u00e9 uma escolha inteligente. Resistentes e de f\u00e1cil manuten\u00e7\u00e3o, eles garantem que sua cozinha permane\u00e7a linda, sem muito esfor\u00e7o da sua parte. Um piso que brilha como um espelho, agora isso \u00e9 um luxo!<\/p><h3>Revestimento de Paredes<\/h3><figure style=\"width: 1024px\" class=\"wp-caption aligncenter\"><img decoding=\"async\" src=\"https:\/\/www.aarquiteta.com.br\/blog\/wp-content\/uploads\/2024\/09\/46760_living-apto-801.webp\" alt=\"Cozinha com bancadas de porcelanato e piso imitando cimento queimado. A cor branca na cozinha traz sensa\u00e7\u00e3o de amplitude (Projeto: Gabriella Gochinski)\" title=\"\"><figcaption class=\"wp-caption-text\">Cozinha com bancadas de porcelanato e piso imitando cimento queimado. A cor branca na cozinha traz sensa\u00e7\u00e3o de amplitude (Projeto: Gabriella Gochinski)<\/figcaption><\/figure><p>N\u00e3o esque\u00e7a das paredes! <b>Azulejos<\/b> s\u00e3o a prote\u00e7\u00e3o ideal contra umidade, especialmente na \u00e1rea da cuba. Eles podem adicionar um charme extra, como um detalhe retr\u00f4 que conta a hist\u00f3ria da sua cozinha.<\/p><h2>Arm\u00e1rios e M\u00f3veis<\/h2><h3>Montando uma Paleta de Cores<\/h3><figure style=\"width: 1024px\" class=\"wp-caption aligncenter\"><img decoding=\"async\" src=\"https:\/\/www.aarquiteta.com.br\/blog\/wp-content\/uploads\/2024\/09\/cozinha-branca03.jpg\" alt=\"Cozinha branca: confira dicas para montar a sua\" width=\"1024\" height=\"1024\" title=\"\"><figcaption class=\"wp-caption-text\">Cozinha branca: confira dicas para montar a sua<\/figcaption><\/figure><p>Opte por <b>arm\u00e1rios brancos<\/b> ou em cores neutras. Eles far\u00e3o a base perfeita para dar vida \u00e0s combina\u00e7\u00f5es que voc\u00ea mais ama. Deixe que os detalhes falem por si mesmos, e veja seu espa\u00e7o ganhar uma identidade \u00fanica.<\/p><h3>Adicionando Detalhes em Madeira<\/h3><figure style=\"width: 1024px\" class=\"wp-caption aligncenter\"><img decoding=\"async\" src=\"https:\/\/www.aarquiteta.com.br\/blog\/wp-content\/uploads\/2024\/09\/29630_rm.webp\" alt=\"Cozinha com revestimento de porcelanato imitando m\u00e1rmore. M\u00f3veis na cor cinza. A bancada na cozinha deixa o espa\u00e7o mais funcional e personalizado (Projeto: MF Arquitetos)\" title=\"\"><figcaption class=\"wp-caption-text\">Cozinha com revestimento de porcelanato imitando m\u00e1rmore. M\u00f3veis na cor cinza. A bancada na cozinha deixa o espa\u00e7o mais funcional e personalizado (Projeto: MF Arquitetos)<\/figcaption><\/figure><p>Um toque de <b>madeira<\/b> pode transformar completamente o ambiente. Imagine uma mesa de madeira clara contrastando com todo aquele branco; \u00e9 como um abra\u00e7o quentinho em um dia frio!<\/p><h2>Bancada da Cozinha<\/h2><h3>Fun\u00e7\u00e3o e Estilo<\/h3><figure style=\"width: 1024px\" class=\"wp-caption aligncenter\"><img decoding=\"async\" src=\"https:\/\/www.aarquiteta.com.br\/blog\/wp-content\/uploads\/2024\/09\/cozinha-branca4.jpg\" alt=\"Cozinha branca: confira dicas para montar a sua\" width=\"1024\" height=\"1024\" title=\"\"><figcaption class=\"wp-caption-text\">Cozinha branca: confira dicas para montar a sua<\/figcaption><\/figure><p>Escolher uma bancada com um material decorativo \u00e9 como vestir a sua cozinha para uma festa. O porcelanato com desenhos geom\u00e9tricos pode ser o destaque necess\u00e1rio para a sua cozinha branquinha, quase como um acess\u00f3rio de moda.<\/p><h2>Ilumina\u00e7\u00e3o Eficiente<\/h2><h3>Maximizando a Luz Natural<\/h3><figure style=\"width: 1024px\" class=\"wp-caption aligncenter\"><img decoding=\"async\" src=\"https:\/\/www.aarquiteta.com.br\/blog\/wp-content\/uploads\/2024\/09\/60364_cozinha-integrada-1.webp\" alt=\"Cozinha com revestimento amadeirado e cores neutras, com eletrodom\u00e9sticos de cozinha vis\u00edveis. Os eletrodom\u00e9sticos criam um ambiente mais moderno, al\u00e9m de funcional (Projeto: Cinthia Claro Arquitetura)\" title=\"\"><figcaption class=\"wp-caption-text\">Cozinha com revestimento amadeirado e cores neutras, com eletrodom\u00e9sticos de cozinha vis\u00edveis. Os eletrodom\u00e9sticos criam um ambiente mais moderno, al\u00e9m de funcional (Projeto: Cinthia Claro <a href=\"https:\/\/www.aarquiteta.com.br\/blog\/arquitetura\/\" class=\"ilj-generated-link\">Arquitetura<\/a>)<\/figcaption><\/figure><p>Nada como a <b>luminosidade natural<\/b>. Sempre que poss\u00edvel, deixe o sol entrar e iluminar sua cozinha. A luz do dia faz milagres e eleva instantaneamente o esp\u00edrito do ambiente. O que seria da vida sem aquele brilho do sol? Uma incompar\u00e1vel maravilha!<\/p><h2>Inspira\u00e7\u00f5es para a Cozinha Branca<\/h2><h3>Cozinha Planejada<\/h3><h3>Para se aprofundar mais sobre o tema, veja a minha recomenda\u00e7\u00e3o sobre o tema deste artigo no v\u00eddeo a seguir abaixo:<\/h3><p><iframe title=\"YouTube video player\" src=\"https:\/\/www.youtube.com\/embed\/ur_FOFMyFBQ\" width=\"560\" height=\"315\" frameborder=\"0\" allowfullscreen=\"allowfullscreen\"><\/iframe><\/p><p>Com m\u00f3veis planejados, voc\u00ea pode otimizar o espa\u00e7o de forma minimalista e ainda incorporar um visual moderno. Uma cozinha branca planejada \u00e9 como um poema harmonioso que inspira criatividade a cada refei\u00e7\u00e3o.<\/p><h3>Cozinha Preto e Branca<\/h3><figure style=\"width: 1024px\" class=\"wp-caption aligncenter\"><img decoding=\"async\" src=\"https:\/\/www.aarquiteta.com.br\/blog\/wp-content\/uploads\/2024\/09\/16478_casa-if.webp\" alt=\"Cozinha branca com boa ilumina\u00e7\u00e3o natural. Aspeto clean. Uma boa ilumina\u00e7\u00e3o d\u00e1 ao ambiente uma sensa\u00e7\u00e3o de aconchego (Projeto: Martins Lucena Arquitetos)\" title=\"\"><figcaption class=\"wp-caption-text\">Cozinha branca com boa ilumina\u00e7\u00e3o natural. Aspeto clean. Uma boa ilumina\u00e7\u00e3o d\u00e1 ao ambiente uma sensa\u00e7\u00e3o de aconchego (Projeto: Martins Lucena Arquitetos)<\/figcaption><\/figure><p>Vou te contar, a combina\u00e7\u00e3o de <b>preto e branco<\/b> \u00e9 como um cl\u00e1ssico do cinema: sempre impressionante. O contraste pode dar aquele visual contempor\u00e2neo \u00e0s cozinhas espa\u00e7osas.<\/p><h3>Cozinha Branca com Madeira<\/h3><figure style=\"width: 1024px\" class=\"wp-caption aligncenter\"><img decoding=\"async\" src=\"https:\/\/www.aarquiteta.com.br\/blog\/wp-content\/uploads\/2024\/09\/50196_apartamento-e-r.webp\" alt=\"Cozinha branca com meia parede cinza, janela e luz natural. O projeto confere um espa\u00e7o agrad\u00e1vel para curtir um momento importante no local (Projeto: Bruna Balestieri Arquitetura e Interiores)\" title=\"\"><figcaption class=\"wp-caption-text\">Cozinha branca com meia parede cinza, janela e luz natural. O projeto confere um espa\u00e7o agrad\u00e1vel para curtir um momento importante no local (Projeto: Bruna Balestieri Arquitetura e Interiores)<\/figcaption><\/figure><p>Quem disse que o r\u00fastico n\u00e3o combina com o contempor\u00e2neo? <b>Cozinhas brancas com elementos em madeira<\/b> criam um clima acolhedor e cheio de hist\u00f3ria, como um conto que encanta a todos os convidados.<\/p><h2>Conclus\u00e3o<\/h2><p>Por fim, a cozinha branca \u00e9 uma escolha elegante e vers\u00e1til para qualquer lar. Com as dicas apresentadas, voc\u00ea pode <b>criar um espa\u00e7o funcional e cheio de estilo<\/b>. N\u00e3o hesite em experimentar combina\u00e7\u00f5es e detalhes que fazem o seu estilo \u00fanico!<\/p><p><\/body><\/p>","protected":false},"excerpt":{"rendered":"<p>Descubra como montar uma cozinha branca perfeita com dicas de decora\u00e7\u00e3o e projetos inspiradores!<\/p>\n","protected":false},"author":102,"featured_media":129827,"comment_status":"closed","ping_status":"closed","sticky":false,"template":"","format":"standard","meta":{"footnotes":""},"categories":[1507],"tags":[],"class_list":["post-129834","post","type-post","status-publish","format-standard","has-post-thumbnail","category-arquitetura"],"_wp_attached_file":null,"_wp_attachment_metadata":null,"_wp_attachment_context":null,"_wp_attachment_is_custom_header":null,"geo_longitude":null,"geo_public":null,"geo_latitude":null,"_publicize_done_external":null,"_wpas_done_3897181":null,"publicize_twitter_user":null,"_wpas_done_3897175":null,"_wpas_skip_3897181":null,"_wpas_skip_3897175":null,"_wpas_skip_3924723":null,"_wpas_mess":null,"_wpas_done_3924723":null,"wps_subtitle":"","_links":{"self":[{"href":"https:\/\/www.aarquiteta.com.br\/blog\/wp-json\/wp\/v2\/posts\/129834","targetHints":{"allow":["GET"]}}],"collection":[{"href":"https:\/\/www.aarquiteta.com.br\/blog\/wp-json\/wp\/v2\/posts"}],"about":[{"href":"https:\/\/www.aarquiteta.com.br\/blog\/wp-json\/wp\/v2\/types\/post"}],"author":[{"embeddable":true,"href":"https:\/\/www.aarquiteta.com.br\/blog\/wp-json\/wp\/v2\/users\/102"}],"replies":[{"embeddable":true,"href":"https:\/\/www.aarquiteta.com.br\/blog\/wp-json\/wp\/v2\/comments?post=129834"}],"version-history":[{"count":0,"href":"https:\/\/www.aarquiteta.com.br\/blog\/wp-json\/wp\/v2\/posts\/129834\/revisions"}],"wp:featuredmedia":[{"embeddable":true,"href":"https:\/\/www.aarquiteta.com.br\/blog\/wp-json\/wp\/v2\/media\/129827"}],"wp:attachment":[{"href":"https:\/\/www.aarquiteta.com.br\/blog\/wp-json\/wp\/v2\/media?parent=129834"}],"wp:term":[{"taxonomy":"category","embeddable":true,"href":"https:\/\/www.aarquiteta.com.br\/blog\/wp-json\/wp\/v2\/categories?post=129834"},{"taxonomy":"post_tag","embeddable":true,"href":"https:\/\/www.aarquiteta.com.br\/blog\/wp-json\/wp\/v2\/tags?post=129834"}],"curies":[{"name":"wp","href":"https:\/\/api.w.org\/{rel}","templated":true}]}}