{"id":129822,"date":"2024-09-16T18:14:41","date_gmt":"2024-09-16T21:14:41","guid":{"rendered":"https:\/\/www.aarquiteta.com.br\/blog\/sacada-de-madeira\/"},"modified":"2024-09-16T18:14:41","modified_gmt":"2024-09-16T21:14:41","slug":"sacada-de-madeira","status":"publish","type":"post","link":"https:\/\/www.aarquiteta.com.br\/blog\/sacada-de-madeira\/","title":{"rendered":"Sacada de Madeira: Ideias Aconchegantes para Decorar Seu Cantinho"},"content":{"rendered":"<p><body><\/p><p>A sacada de madeira transforma seu espa\u00e7o externo em um cantinho aconchegante, ideal para relaxar e apreciar a vista. Neste artigo, voc\u00ea encontrar\u00e1 80 inspira\u00e7\u00f5es de decora\u00e7\u00e3o, dicas pr\u00e1ticas e v\u00eddeos para aprender como construir e embelezar sua sacada.<\/p><h2>Introdu\u00e7\u00e3o<\/h2><p>A sacada de madeira \u00e9 uma joia que pode n\u00e3o s\u00f3 real\u00e7ar a est\u00e9tica do seu lar, como tamb\u00e9m trazer aquele <b>tchan<\/b> na funcionalidade do seu espa\u00e7o. Vamos mergulhar juntos nessas <b>ideias criativas<\/b> e discutir desde os melhores tipos de madeira at\u00e9 as dicas de decora\u00e7\u00e3o e constru\u00e7\u00e3o.<\/p><h2>1. Vantagens da Sacada de Madeira<\/h2><p>Ter uma sacada de madeira \u00e9 como adicionar uma <b>m\u00e3ozinha amiga<\/b> na sua casa. Al\u00e9m do charme, ela traz conforto e aumenta o espa\u00e7o externo. Imagine poder sair da sua sala direto para um espa\u00e7o que te conecta com a natureza? Demais, n\u00e9? Aqui est\u00e3o algumas vantagens:<\/p><ul><li><b>Estilo e Conforto:<\/b> A madeira \u00e9 um material que combina com qualquer decora\u00e7\u00e3o.<\/li><li><b>Aumento de \u00c1rea \u00datil:<\/b> Uma sacada amplia o espa\u00e7o \u00fatil, tornando a casa mais arejada.<\/li><li><b>Integra\u00e7\u00e3o com a Natureza:<\/b> Proporciona um contato direto com o ambiente externo.<\/li><\/ul><h2>2. Estilos de Decora\u00e7\u00e3o para Sacadas de Madeira<\/h2><h3>2.1 Sacada R\u00fastica<\/h3><p>Criar uma sacada r\u00fastica \u00e9 quase como fazer uma viagem ao campo sem sair de casa. Voc\u00ea pode usar <b>elementos naturais<\/b> e m\u00f3veis de madeira que trazem a sensa\u00e7\u00e3o de conforto rural. Observe imagens de m\u00f3veis artesanais, cer\u00e2micas e muitos verdes para completar o look. Como um bom p\u00e9 de alface no jardim, tudo se encaixa!<\/p><h3>2.2 Sacada Moderna<\/h3><figure style=\"width: 1024px\" class=\"wp-caption aligncenter\"><img decoding=\"async\" src=\"https:\/\/www.aarquiteta.com.br\/blog\/wp-content\/uploads\/2024\/09\/sacada-de-madeira01.jpg\" alt=\"Sacada de Madeira: Ideias Aconchegantes para Decorar Seu Cantinho\" width=\"1024\" height=\"1024\" title=\"\"><figcaption class=\"wp-caption-text\">Sacada de Madeira: Ideias Aconchegantes para Decorar Seu Cantinho<\/figcaption><\/figure><p>Se o seu estilo \u00e9 mais moderno, a combina\u00e7\u00e3o de <b>madeira e vidro<\/b> pode ser a solu\u00e7\u00e3o perfeita! Pense em linhas retas, m\u00f3veis minimalistas e um toque de sofistica\u00e7\u00e3o. Espalhe almofadas e utilize um deck de madeira para dar aquele ar contempor\u00e2neo que todo mundo adora.<\/p><h2>3. Plantas e Vegeta\u00e7\u00e3o na Sacada<\/h2><p>Na minha vis\u00e3o, incorporar <b>plantas<\/b> \u00e9 essencial para trazer vida a qualquer espa\u00e7o. J\u00e1 imaginou uma sacada cheia de verde, onde voc\u00ea pode relaxar ao som dos p\u00e1ssaros? Escolha esp\u00e9cies que se adaptem ao clima do seu local e lembre-se: um verdadeiro o\u00e1sis \u00e9 feito de flores, ervas e, quem sabe, at\u00e9 um pequeno hortinho!<\/p><h2>4. M\u00f3veis e Acess\u00f3rios para Sacadas<\/h2><h3>4.1 M\u00f3veis de Madeira<\/h3><figure style=\"width: 1024px\" class=\"wp-caption aligncenter\"><img decoding=\"async\" src=\"https:\/\/www.aarquiteta.com.br\/blog\/wp-content\/uploads\/2024\/09\/sacada-de-madeira-00.jpg\" alt=\"Juliana Pippi\" title=\"\"><figcaption class=\"wp-caption-text\">Juliana Pippi<\/figcaption><\/figure><p>Os m\u00f3veis de madeira s\u00e3o como aqueles amigos que nunca te abandonam. Eles s\u00e3o dur\u00e1veis e charmosos! Pense em cadeiras confort\u00e1veis e mesas de centro harmoniosas. Para a gente relaxar com estilo, um <b>sof\u00e1 de madeira<\/b> \u00e9 a pedida!<\/p><h3>4.2 Elementos Decorativos<\/h3><figure style=\"width: 1024px\" class=\"wp-caption aligncenter\"><img decoding=\"async\" src=\"https:\/\/www.aarquiteta.com.br\/blog\/wp-content\/uploads\/2024\/09\/sacada-de-madeira02.jpg\" alt=\"Sacada de Madeira: Ideias Aconchegantes para Decorar Seu Cantinho\" width=\"1024\" height=\"1024\" title=\"\"><figcaption class=\"wp-caption-text\">Sacada de Madeira: Ideias Aconchegantes para Decorar Seu Cantinho<\/figcaption><\/figure><p>Para dar um toque final na sacada, a adi\u00e7\u00e3o de <b>acess\u00f3rios<\/b> \u00e9 fundamental. Almofadas estampadas, cortinas leves e um tapete aconchegante v\u00e3o criar um espa\u00e7o super convidativo. N\u00e3o economize nas cores, mas use com equil\u00edbrio!<\/p><h2>5. Como Construir sua Sacada de Madeira<\/h2><p>Antes de sair por a\u00ed construindo, \u00e9 essencial saber o que <b>est\u00e1 envolvido<\/b> no processo. Comece decidindo o tipo de madeira que vai usar e, claro, as condi\u00e7\u00f5es de seguran\u00e7a. Um v\u00eddeo explicativo pode te ajudar nessa jornada de forma mais pr\u00e1tica. Informar-se antes \u00e9 sempre uma boa estrat\u00e9gia!<\/p><h2>6. Dicas de Manuten\u00e7\u00e3o para Sacadas de Madeira<\/h2><p>Um lar bem cuidado \u00e9 um lar feliz, e isso vale para a sua sacada de madeira tamb\u00e9m! Manter a beleza e durabilidade do espa\u00e7o \u00e9 mais f\u00e1cil do que parece. Lembre-se de aplicar produtos adequados e realizar limpezas peri\u00f3dicas. Assim, a sua sacada vai estar sempre pronta para receber amigos e fam\u00edlia.<\/p><h2>Conclus\u00e3o<\/h2><p>Com uma sacada de madeira bem decorada, voc\u00ea transforma sua casa em um espa\u00e7o aconchegante e cheio de charme. Explore as ideias e dicas apresentadas e comece j\u00e1 a planejar o seu cantinho perfeito. Afinal, cada lar \u00e9 \u00fanico e merece um espa\u00e7o que conte a sua hist\u00f3ria!<\/p><p><\/body><br \/><figure style=\"width: 1024px\" class=\"wp-caption aligncenter\"><img decoding=\"async\" src=\"https:\/\/www.aarquiteta.com.br\/blog\/wp-content\/uploads\/2024\/09\/Varanda-de-madeira-capa1-286x160.webp\" alt=\"Andressa Oliveira\" title=\"\"><figcaption class=\"wp-caption-text\">Andressa Oliveira<\/figcaption><\/figure><figure style=\"width: 1024px\" class=\"wp-caption aligncenter\"><img decoding=\"async\" src=\"https:\/\/www.aarquiteta.com.br\/blog\/wp-content\/uploads\/2024\/09\/sacada-de-madeira03.jpg\" alt=\"Sacada de Madeira: Ideias Aconchegantes para Decorar Seu Cantinho\" width=\"1024\" height=\"1024\" title=\"\"><figcaption class=\"wp-caption-text\">Sacada de Madeira: Ideias Aconchegantes para Decorar Seu Cantinho<\/figcaption><\/figure><figure style=\"width: 1024px\" class=\"wp-caption aligncenter\"><img decoding=\"async\" src=\"https:\/\/www.aarquiteta.com.br\/blog\/wp-content\/uploads\/2024\/09\/espaco-gourmet-00-286x160.jpg\" alt=\"Foto de Varanda de madeira capa1 - 1\" title=\"\"><figcaption class=\"wp-caption-text\">Foto de Varanda de madeira capa1 &#8211; 1<\/figcaption><\/figure><figure style=\"width: 1024px\" class=\"wp-caption aligncenter\"><img decoding=\"async\" src=\"https:\/\/www.aarquiteta.com.br\/blog\/wp-content\/uploads\/2024\/09\/sacada-de-madeira4.jpg\" alt=\"Sacada de Madeira: Ideias Aconchegantes para Decorar Seu Cantinho\" width=\"1024\" height=\"1024\" title=\"\"><figcaption class=\"wp-caption-text\">Sacada de Madeira: Ideias Aconchegantes para Decorar Seu Cantinho<\/figcaption><\/figure><figure style=\"width: 1024px\" class=\"wp-caption aligncenter\"><img decoding=\"async\" src=\"https:\/\/www.aarquiteta.com.br\/blog\/wp-content\/uploads\/2024\/09\/decoracao-de-varanda-00-286x160.webp\" alt=\"Foto de espaco gourmet 00 - 2\" title=\"\"><figcaption class=\"wp-caption-text\">Foto de espaco gourmet 00 &#8211; 2<\/figcaption><\/figure><p><iframe title=\"YouTube video player\" src=\"https:\/\/www.youtube.com\/embed\/YeBQ3ooZwRA\" width=\"560\" height=\"315\" frameborder=\"0\" allowfullscreen=\"allowfullscreen\"><\/iframe><\/p><figure style=\"width: 1024px\" class=\"wp-caption aligncenter\"><img decoding=\"async\" src=\"https:\/\/www.aarquiteta.com.br\/blog\/wp-content\/uploads\/2024\/09\/sacada-de-madeira-1.jpg\" alt=\"Foto de decoracao de varanda 00 - 3\" title=\"\"><figcaption class=\"wp-caption-text\">Foto de decoracao de varanda 00 &#8211; 3<\/figcaption><\/figure><figure style=\"width: 1024px\" class=\"wp-caption aligncenter\"><img decoding=\"async\" src=\"https:\/\/www.aarquiteta.com.br\/blog\/wp-content\/uploads\/2024\/09\/sacada-de-madeira-2-960x1200.jpg\" alt=\"Carol Gomes Arquitetura\" title=\"\"><figcaption class=\"wp-caption-text\">Carol Gomes <a href=\"https:\/\/www.aarquiteta.com.br\/blog\/arquitetura\/\" class=\"ilj-generated-link\">Arquitetura<\/a><\/figcaption><\/figure>","protected":false},"excerpt":{"rendered":"<p>Descubra como decorar sua sacada de madeira com aconchego e estilo. Confira dicas e 80 fotos inspiradoras para transformar seu espa\u00e7o.<\/p>\n","protected":false},"author":102,"featured_media":129815,"comment_status":"closed","ping_status":"closed","sticky":false,"template":"","format":"standard","meta":{"footnotes":""},"categories":[1507,249],"tags":[],"class_list":["post-129822","post","type-post","status-publish","format-standard","has-post-thumbnail","category-arquitetura","category-engenharia-e-construcao-civil"],"_wp_attached_file":null,"_wp_attachment_metadata":null,"_wp_attachment_context":null,"_wp_attachment_is_custom_header":null,"geo_longitude":null,"geo_public":null,"geo_latitude":null,"_publicize_done_external":null,"_wpas_done_3897181":null,"publicize_twitter_user":null,"_wpas_done_3897175":null,"_wpas_skip_3897181":null,"_wpas_skip_3897175":null,"_wpas_skip_3924723":null,"_wpas_mess":null,"_wpas_done_3924723":null,"wps_subtitle":"","_links":{"self":[{"href":"https:\/\/www.aarquiteta.com.br\/blog\/wp-json\/wp\/v2\/posts\/129822","targetHints":{"allow":["GET"]}}],"collection":[{"href":"https:\/\/www.aarquiteta.com.br\/blog\/wp-json\/wp\/v2\/posts"}],"about":[{"href":"https:\/\/www.aarquiteta.com.br\/blog\/wp-json\/wp\/v2\/types\/post"}],"author":[{"embeddable":true,"href":"https:\/\/www.aarquiteta.com.br\/blog\/wp-json\/wp\/v2\/users\/102"}],"replies":[{"embeddable":true,"href":"https:\/\/www.aarquiteta.com.br\/blog\/wp-json\/wp\/v2\/comments?post=129822"}],"version-history":[{"count":0,"href":"https:\/\/www.aarquiteta.com.br\/blog\/wp-json\/wp\/v2\/posts\/129822\/revisions"}],"wp:featuredmedia":[{"embeddable":true,"href":"https:\/\/www.aarquiteta.com.br\/blog\/wp-json\/wp\/v2\/media\/129815"}],"wp:attachment":[{"href":"https:\/\/www.aarquiteta.com.br\/blog\/wp-json\/wp\/v2\/media?parent=129822"}],"wp:term":[{"taxonomy":"category","embeddable":true,"href":"https:\/\/www.aarquiteta.com.br\/blog\/wp-json\/wp\/v2\/categories?post=129822"},{"taxonomy":"post_tag","embeddable":true,"href":"https:\/\/www.aarquiteta.com.br\/blog\/wp-json\/wp\/v2\/tags?post=129822"}],"curies":[{"name":"wp","href":"https:\/\/api.w.org\/{rel}","templated":true}]}}