{"id":129810,"date":"2024-09-16T16:43:29","date_gmt":"2024-09-16T19:43:29","guid":{"rendered":"https:\/\/www.aarquiteta.com.br\/blog\/cor-ocre\/"},"modified":"2024-09-16T16:43:29","modified_gmt":"2024-09-16T19:43:29","slug":"cor-ocre","status":"publish","type":"post","link":"https:\/\/www.aarquiteta.com.br\/blog\/cor-ocre\/","title":{"rendered":"Decora\u00e7\u00e3o Vibrante: O Poder da Cor Ocre em Ambientes"},"content":{"rendered":"<p><body><\/p>\n<p>A cor ocre \u00e9 uma op\u00e7\u00e3o vibrante que traz energia e acolhimento para a decora\u00e7\u00e3o, sendo vers\u00e1til o suficiente para se integrar em diversos estilos. Aprenda a usar essa cor marcante com dicas e inspira\u00e7\u00f5es transformadoras.<\/p>\n<h2>Ressignifique seu Espa\u00e7o com a Cor Ocre<\/h2>\n<h2>1. O que \u00e9 a Cor Ocre?<\/h2>\n<p>A cor ocre, tamb\u00e9m chamada de mostarda ou sienna, \u00e9 uma mistura \u00fanica que combina <b>tons de amarelo e marrom<\/b>, resultando em uma paleta calorosa e vibrante. Origin\u00e1ria de <b>minerais terrosos<\/b>, essa cor \u00e9 frequentemente reconhecida por sua versatilidade no design de interiores, oferecendo um toque acolhedor e en\u00e9rgico aos ambientes.<\/p>\n<h2>2. Como Usar a Cor Ocre na Decora\u00e7\u00e3o<\/h2>\n<h3>2.1. Pequenos Elementos<\/h3>\n<p>Incluir <b>almofadas, quadros ou objetos decorativos<\/b> nos tons de ocre \u00e9 uma forma simples e eficaz de dar vida ao espa\u00e7o. Um toque aqui, outro ali, e voc\u00ea j\u00e1 v\u00ea a diferen\u00e7a. N\u00e3o precisa exagerar; a sutileza pode ser o que transforma o seu ambiente!<\/p>\n<h3>2.2. Destaques na Parede<\/h3>\n<figure style=\"width: 1024px\" class=\"wp-caption aligncenter\"><img decoding=\"async\" src=\"https:\/\/www.aarquiteta.com.br\/blog\/wp-content\/uploads\/2024\/09\/cor-ocre01.jpg\" alt=\"Decora\u00e7\u00e3o Vibrante: O Poder da Cor Ocre em Ambientes\" width=\"1024\" height=\"1024\" title=\"\"><figcaption class=\"wp-caption-text\">Decora\u00e7\u00e3o Vibrante: O Poder da Cor Ocre em Ambientes<\/figcaption><\/figure>\n<p>Pintar uma parede em ocre pode realmente adicionar um toque dram\u00e1tico. Imagine uma parede ocre contrastando com <b>m\u00f3veis neutros<\/b> \u2014 a sensa\u00e7\u00e3o vai ser de modernidade e aconchego ao mesmo tempo. \u00c9 a chamada \u201cp\u00e1 de cal\u201d na decora\u00e7\u00e3o, sabe?<\/p>\n<h2>3. Cores que Combinam com o Ocre<\/h2>\n<h3>3.1. Combina\u00e7\u00f5es Harmoniosas<\/h3>\n<figure style=\"width: 1024px\" class=\"wp-caption aligncenter\"><img decoding=\"async\" src=\"https:\/\/www.aarquiteta.com.br\/blog\/wp-content\/uploads\/2024\/09\/amarelo-ocre-0-1.jpg\" alt=\"Imagem de uma decora\u00e7\u00e3o em tons de ocre, mostrando uma parede com v\u00e1rias texturas e quadrinhos.\" title=\"\"><figcaption class=\"wp-caption-text\">Imagem de uma decora\u00e7\u00e3o em tons de ocre, mostrando uma parede com v\u00e1rias texturas e quadrinhos.<\/figcaption><\/figure>\n<p>Quando pensamos na cor ocre, algumas combina\u00e7\u00f5es imediatamente v\u00eam \u00e0 mente. <b>Azul petr\u00f3leo, cinza e verde<\/b> s\u00e3o escolhas certeiras. Essas cores criam um ambiente que \u00e9 n\u00e3o apenas agrad\u00e1vel, mas quase po\u00e9tico. \u00c9 como harmonizar m\u00fasica e dan\u00e7a.<\/p>\n<h3>3.2. Criando Contrastes<\/h3>\n<figure style=\"width: 1024px\" class=\"wp-caption aligncenter\"><img decoding=\"async\" src=\"https:\/\/www.aarquiteta.com.br\/blog\/wp-content\/uploads\/2024\/09\/cor-ocre02.jpg\" alt=\"Decora\u00e7\u00e3o Vibrante: O Poder da Cor Ocre em Ambientes\" width=\"1024\" height=\"1024\" title=\"\"><figcaption class=\"wp-caption-text\">Decora\u00e7\u00e3o Vibrante: O Poder da Cor Ocre em Ambientes<\/figcaption><\/figure>\n<p>Utilizar o ocre em conjunto com <b>preto ou branco<\/b> resulta em composi\u00e7\u00f5es sofisticadas que fazem qualquer um virar o pesco\u00e7o. Essa combina\u00e7\u00e3o \u00e9 como o caf\u00e9 e o a\u00e7\u00facar &#8211; juntos, eles criam um equil\u00edbrio perfeito entre o forte e o suave!<\/p>\n<h2>4. Inspira\u00e7\u00f5es para Decorar com Ocre<\/h2>\n<p>Explore diferentes espa\u00e7os decorados com a cor ocre: desde <b>home offices<\/b> at\u00e9 quartos infantis. Um mmural na sala com um toque de ocre pode fazer uma grande diferen\u00e7a no visual e na sensa\u00e7\u00e3o que o ambiente transmite.<\/p>\n<h2>5. Dicas Finais para Decora\u00e7\u00e3o com Ocre<\/h2>\n<h3>5.1. Aplica\u00e7\u00e3o Moderada<\/h3>\n<figure style=\"width: 1024px\" class=\"wp-caption aligncenter\"><img decoding=\"async\" src=\"https:\/\/www.aarquiteta.com.br\/blog\/wp-content\/uploads\/2024\/09\/cor-ocre-00-730x1017.png\" alt=\"Decora\u00e7\u00e3o de um home office com destaque para a cor ocre, transmitindo criatividade.\" title=\"\"><figcaption class=\"wp-caption-text\">Decora\u00e7\u00e3o de um home office com destaque para a cor ocre, transmitindo criatividade.<\/figcaption><\/figure>\n<p>Ao introduzir o ocre, <b>comece com pequenos detalhes<\/b>. Isso te permitir\u00e1 avaliar como a cor se comporta no espa\u00e7o e evita arrependimentos. Lembre-se que, menos \u00e9 mais, e cada detalhe conta!<\/p>\n<h3>5.2. Criatividade e Ousadia<\/h3>\n<figure style=\"width: 1024px\" class=\"wp-caption aligncenter\"><img decoding=\"async\" src=\"https:\/\/www.aarquiteta.com.br\/blog\/wp-content\/uploads\/2024\/09\/cor-ocre03.jpg\" alt=\"Decora\u00e7\u00e3o Vibrante: O Poder da Cor Ocre em Ambientes\" width=\"1024\" height=\"1024\" title=\"\"><figcaption class=\"wp-caption-text\">Decora\u00e7\u00e3o Vibrante: O Poder da Cor Ocre em Ambientes<\/figcaption><\/figure>\n<p>Por outro lado, n\u00e3o tenha medo de ousar usando a cor em grandes \u00e1reas. Mas, se voc\u00ea for se aventurar, mantenha o equil\u00edbrio com outras tonalidades. O ocre pode ser como uma boa piada: feito para ser lembrado, mas com a dose certa de leveza para n\u00e3o ser exagerado.<\/p>\n<h2>6. Conclus\u00e3o<\/h2>\n<p>A cor ocre \u00e9 uma escolha vibrante e vers\u00e1til que pode trazer <b>acolhimento e modernidade<\/b> a qualquer espa\u00e7o. Experimente incorpor\u00e1-la na sua decora\u00e7\u00e3o e veja a energia que ela pode trazer. N\u00e3o h\u00e1 como ignorar a energia que uma cor t\u00e3o rica pode proporcionar!<\/p>\n<p><\/body><br \/>\n<figure style=\"width: 1024px\" class=\"wp-caption aligncenter\"><img decoding=\"async\" src=\"https:\/\/www.aarquiteta.com.br\/blog\/wp-content\/uploads\/2024\/09\/cor-ocre-01-730x913.jpg\" alt=\"Imagem de uma sala de jantar com um mural vibrante que incorpora a cor ocre.\" title=\"\"><figcaption class=\"wp-caption-text\">Imagem de uma sala de jantar com um mural vibrante que incorpora a cor ocre.<\/figcaption><\/figure>\n<figure style=\"width: 1024px\" class=\"wp-caption aligncenter\"><img decoding=\"async\" src=\"https:\/\/www.aarquiteta.com.br\/blog\/wp-content\/uploads\/2024\/09\/cor-ocre4.jpg\" alt=\"Decora\u00e7\u00e3o Vibrante: O Poder da Cor Ocre em Ambientes\" width=\"1024\" height=\"1024\" title=\"\"><figcaption class=\"wp-caption-text\">Decora\u00e7\u00e3o Vibrante: O Poder da Cor Ocre em Ambientes<\/figcaption><\/figure>\n<figure style=\"width: 1024px\" class=\"wp-caption aligncenter\"><img decoding=\"async\" src=\"https:\/\/www.aarquiteta.com.br\/blog\/wp-content\/uploads\/2024\/09\/cor-ocre-02-730x900.jpg\" alt=\"Decora\u00e7\u00e3o de um quarto, onde a cor ocre traz um toque acolhedor ao ambiente.\" title=\"\"><figcaption class=\"wp-caption-text\">Decora\u00e7\u00e3o de um quarto, onde a cor ocre traz um toque acolhedor ao ambiente.<\/figcaption><\/figure>\n<h3>Para se aprofundar mais sobre o tema, veja a minha recomenda\u00e7\u00e3o sobre o tema deste artigo no v\u00eddeo a seguir abaixo:<\/h3>\n<p><iframe title=\"YouTube video player\" src=\"https:\/\/www.youtube.com\/embed\/0QAJl4LFvEA\" width=\"560\" height=\"315\" frameborder=\"0\" allowfullscreen=\"allowfullscreen\"><\/iframe><\/p>\n<figure style=\"width: 1024px\" class=\"wp-caption aligncenter\"><img decoding=\"async\" src=\"https:\/\/www.aarquiteta.com.br\/blog\/wp-content\/uploads\/2024\/09\/cor-ocre-03-730x913.jpg\" alt=\"Almofadas em tons ocre no quarto infantil, adicionando um toque de cor.\" title=\"\"><figcaption class=\"wp-caption-text\">Almofadas em tons ocre no quarto infantil, adicionando um toque de cor.<\/figcaption><\/figure>\n<figure style=\"width: 1024px\" class=\"wp-caption aligncenter\"><img decoding=\"async\" src=\"https:\/\/www.aarquiteta.com.br\/blog\/wp-content\/uploads\/2024\/09\/cor-ocre-04-730x1090.jpg\" alt=\"Imagem de uma sala onde o ocre claro serve como fundo para quadros.\" title=\"\"><figcaption class=\"wp-caption-text\">Imagem de uma sala onde o ocre claro serve como fundo para quadros.<\/figcaption><\/figure>\n","protected":false},"excerpt":{"rendered":"<p>Descubra como a cor ocre transforma ambientes, trazendo energia e inspira\u00e7\u00e3o \u00e0 decora\u00e7\u00e3o.<\/p>\n","protected":false},"author":102,"featured_media":129803,"comment_status":"closed","ping_status":"closed","sticky":false,"template":"","format":"standard","meta":{"footnotes":""},"categories":[1484],"tags":[],"class_list":["post-129810","post","type-post","status-publish","format-standard","has-post-thumbnail","category-decoracao"],"_wp_attached_file":null,"_wp_attachment_metadata":null,"_wp_attachment_context":null,"_wp_attachment_is_custom_header":null,"geo_longitude":null,"geo_public":null,"geo_latitude":null,"_publicize_done_external":null,"_wpas_done_3897181":null,"publicize_twitter_user":null,"_wpas_done_3897175":null,"_wpas_skip_3897181":null,"_wpas_skip_3897175":null,"_wpas_skip_3924723":null,"_wpas_mess":null,"_wpas_done_3924723":null,"wps_subtitle":"","_links":{"self":[{"href":"https:\/\/www.aarquiteta.com.br\/blog\/wp-json\/wp\/v2\/posts\/129810","targetHints":{"allow":["GET"]}}],"collection":[{"href":"https:\/\/www.aarquiteta.com.br\/blog\/wp-json\/wp\/v2\/posts"}],"about":[{"href":"https:\/\/www.aarquiteta.com.br\/blog\/wp-json\/wp\/v2\/types\/post"}],"author":[{"embeddable":true,"href":"https:\/\/www.aarquiteta.com.br\/blog\/wp-json\/wp\/v2\/users\/102"}],"replies":[{"embeddable":true,"href":"https:\/\/www.aarquiteta.com.br\/blog\/wp-json\/wp\/v2\/comments?post=129810"}],"version-history":[{"count":0,"href":"https:\/\/www.aarquiteta.com.br\/blog\/wp-json\/wp\/v2\/posts\/129810\/revisions"}],"wp:featuredmedia":[{"embeddable":true,"href":"https:\/\/www.aarquiteta.com.br\/blog\/wp-json\/wp\/v2\/media\/129803"}],"wp:attachment":[{"href":"https:\/\/www.aarquiteta.com.br\/blog\/wp-json\/wp\/v2\/media?parent=129810"}],"wp:term":[{"taxonomy":"category","embeddable":true,"href":"https:\/\/www.aarquiteta.com.br\/blog\/wp-json\/wp\/v2\/categories?post=129810"},{"taxonomy":"post_tag","embeddable":true,"href":"https:\/\/www.aarquiteta.com.br\/blog\/wp-json\/wp\/v2\/tags?post=129810"}],"curies":[{"name":"wp","href":"https:\/\/api.w.org\/{rel}","templated":true}]}}