{"id":129730,"date":"2024-09-16T06:11:37","date_gmt":"2024-09-16T09:11:37","guid":{"rendered":"https:\/\/www.aarquiteta.com.br\/blog\/sanaa-fundadores-vencedores-le-prix-charlotte-perriand-2025\/"},"modified":"2024-09-16T06:11:37","modified_gmt":"2024-09-16T09:11:37","slug":"sanaa-fundadores-vencedores-le-prix-charlotte-perriand-2025","status":"publish","type":"post","link":"https:\/\/www.aarquiteta.com.br\/blog\/sanaa-fundadores-vencedores-le-prix-charlotte-perriand-2025\/","title":{"rendered":"SANAA conquista Le Prix Charlotte Perriand 2025 com inova\u00e7\u00e3o."},"content":{"rendered":"<p>Os arquitetos Kazuyo Sejima e Ryue Nishizawa, fundadores do SANAA, foram escolhidos como os vencedores do Le Prix Charlotte Perriand de 2025, um reconhecimento que destaca sua contribui\u00e7\u00e3o inovadora e minimalista para a arquitetura contempor\u00e2nea.<\/p>\n<h2>Pontos principais do artigo:<\/h2>\n<ul>\n<li><b>Premia\u00e7\u00e3o:<\/b> Sejima e Nishizawa recebem o Le Prix Charlotte Perriand, destacando sua inova\u00e7\u00e3o na arquitetura.<\/li>\n<li><b>Hist\u00f3ria:<\/b> A dupla fundou o SANAA em 1995 e conquistou reconhecimento global com projetos ic\u00f4nicos.<\/li>\n<li><b>Contribui\u00e7\u00f5es:<\/b> Ambos t\u00eam um hist\u00f3rico de pr\u00eamios, incluindo o prestigiado Pr\u00eamio Pritzker.<\/li>\n<li><b>Legado:<\/b> O pr\u00eamio homenageia a renomada arquiteta Charlotte Perriand, uma refer\u00eancia no design moderno.<\/li>\n<li><b>Eventos:<\/b> A cerim\u00f4nia de premia\u00e7\u00e3o ocorrer\u00e1 em Paris em janeiro de 2025.<\/li>\n<li><b>Reconhecimento:<\/b> Sejima foi premiada anteriormente com o Jane Drew Prize por sua contribui\u00e7\u00e3o \u00e0s mulheres na arquitetura.<\/li>\n<\/ul>\n<h2>O reconhecimento de Sejima e Nishizawa<\/h2>\n<p>Recentemente, Kazuyo Sejima e Ryue Nishizawa, os c\u00e9rebros por tr\u00e1s do renomado escrit\u00f3rio de arquitetura SANAA, foram laureados com o <b>Le Prix Charlotte Perriand<\/b> para 2025. Essa premia\u00e7\u00e3o, concedida pela <b>Cr\u00e9ateurs Design Association &#038; Awards<\/b>, \u00e9 um tributo \u00e0 sua capacidade de inovar e criar designs que s\u00e3o ao mesmo tempo <b>minimalistas e profundos<\/b>. A escolha dos dois arquitetos n\u00e3o \u00e9 apenas uma celebra\u00e7\u00e3o de suas obras, mas tamb\u00e9m um reconhecimento de sua influ\u00eancia no mundo da arquitetura moderna.<\/p>\n<p>Sejima e Nishizawa expressaram sua gratid\u00e3o ao receber a not\u00edcia, afirmando que \u00e9 uma grande honra ser reconhecido com um pr\u00eamio que leva o nome de Charlotte Perriand, uma verdadeira <b>pioneira<\/b> no design moderno. Eles destacaram a admira\u00e7\u00e3o que t\u00eam pela sua obra, que continua a inspirar gera\u00e7\u00f5es de arquitetos e designers.<\/p>\n<h3>A trajet\u00f3ria de Sejima e Nishizawa<\/h3>\n<figure style=\"width: 1024px\" class=\"wp-caption aligncenter\"><img decoding=\"async\" src=\"https:\/\/www.aarquiteta.com.br\/blog\/wp-content\/uploads\/2024\/09\/hero-kazuyo-sejima-ryue-nishizawa-sanaa-le-prix-charlotte-perriand-2025_dezeen_2364_col_0-1200x675.jpg\" alt=\"SANAA conquista Le Prix Charlotte Perriand 2025 com inova\u00e7\u00e3o.\" width=\"1024\" height=\"1024\" title=\"\"><figcaption class=\"wp-caption-text\">Source: <a href=\"https:\/\/www.dezeen.com\/2024\/09\/09\/kazuyo-sejima-ryue-nishizawa-sanaa-le-prix-charlotte-perriand-2025\/\" target=\"_blank\" rel=\"noopener\"><\/a><\/figcaption><\/figure>\n<p>Ambos os arquitetos t\u00eam ra\u00edzes profundas no Jap\u00e3o, com Sejima nascida em 1956 e Nishizawa em 1966. Sejima, ap\u00f3s completar seu mestrado em arquitetura na <b>Japan Women&#8217;s University<\/b>, trabalhou com Toyo Ito antes de fundar seu pr\u00f3prio escrit\u00f3rio em 1987. Foi nesse ambiente que ela conheceu Nishizawa, que estava se formando na <b>Yokohama National University<\/b>. Juntos, eles fundaram o SANAA em 1995, e desde ent\u00e3o, t\u00eam sido uma for\u00e7a motriz na arquitetura contempor\u00e2nea.<\/p>\n<p>O SANAA \u00e9 conhecido por seus projetos que desafiam as conven\u00e7\u00f5es, como o <b>21st Century Museum of Contemporary Art<\/b> em Kanazawa e o <b>Louvre-Lens Museum<\/b> na Fran\u00e7a. Cada obra \u00e9 uma express\u00e3o de sua vis\u00e3o \u00fanica, que combina est\u00e9tica e funcionalidade de maneira harmoniosa. A abordagem deles \u00e9 como uma dan\u00e7a entre luz e espa\u00e7o, onde cada elemento \u00e9 cuidadosamente considerado.<\/p>\n<h3>Pr\u00eamios e reconhecimentos<\/h3>\n<p>Sejima e Nishizawa n\u00e3o s\u00e3o estranhos a pr\u00eamios. Em 2010, eles foram agraciados com o <b>Pr\u00eamio Pritzker<\/b>, considerado o &#8220;Nobel da Arquitetura&#8221;. Este pr\u00eamio \u00e9 um testemunho de sua habilidade em criar espa\u00e7os que n\u00e3o apenas atendem \u00e0s necessidades funcionais, mas tamb\u00e9m evocam emo\u00e7\u00f5es e experi\u00eancias. Al\u00e9m disso, eles receberam o <b>Pr\u00eamio do Instituto de Arquitetura do Jap\u00e3o<\/b> em 2006 e o <b>Praemium Imperiale<\/b> em 2022, solidificando ainda mais sua posi\u00e7\u00e3o como l\u00edderes no campo da arquitetura.<\/p>\n<p>Recentemente, Sejima foi homenageada com o <b>Jane Drew Prize<\/b>, que reconhece a contribui\u00e7\u00e3o das mulheres na arquitetura. Este pr\u00eamio \u00e9 um reflexo de seu compromisso em elevar a voz feminina no setor, algo que ela e Nishizawa t\u00eam defendido ao longo de suas carreiras.<\/p>\n<h3>O legado de Charlotte Perriand<\/h3>\n<figure style=\"width: 1024px\" class=\"wp-caption aligncenter\"><img decoding=\"async\" src=\"https:\/\/www.aarquiteta.com.br\/blog\/wp-content\/uploads\/2024\/09\/kazuyo-sejima-ryue-nishizawa-sanaa-le-prix-charlotte-perriand_dezeen_2364_col_0-852x1262-810x1200.jpg\" alt=\"P\u00f4ster do Le Prix Charlotte Perriand com Kazuyo Sejima e Ryue Nishizawa. Ilustra\u00e7\u00e3o de Yohei Sugiyama.\" width=\"1024\" height=\"1024\" title=\"\"><figcaption class=\"wp-caption-text\">P\u00f4ster do Le Prix Charlotte Perriand com Kazuyo Sejima e Ryue Nishizawa. Ilustra\u00e7\u00e3o de Yohei Sugiyama.<\/figcaption><\/figure>\n<p>O <b>Le Prix Charlotte Perriand<\/b> foi criado para homenagear a arquiteta francesa que deixou uma marca indel\u00e9vel no design moderno. Perriand foi uma verdadeira vision\u00e1ria, conhecida por suas cria\u00e7\u00f5es que misturavam funcionalidade e beleza. O pr\u00eamio, que agora \u00e9 concedido pela primeira vez a dois arquitetos, simboliza a continuidade de seu legado e a import\u00e2ncia de reconhecer aqueles que seguem seus passos.<\/p>\n<p>Sejima e Nishizawa, ao receberem este pr\u00eamio, n\u00e3o apenas celebram suas conquistas, mas tamb\u00e9m se tornam parte de uma hist\u00f3ria maior que valoriza a inova\u00e7\u00e3o e a criatividade na arquitetura. Eles representam uma nova gera\u00e7\u00e3o de arquitetos que desafiam as normas e buscam criar espa\u00e7os que ressoam com as pessoas.<\/p>\n<h3>O evento de premia\u00e7\u00e3o<\/h3>\n<figure style=\"width: 1024px\" class=\"wp-caption aligncenter\"><img decoding=\"async\" src=\"https:\/\/www.aarquiteta.com.br\/blog\/wp-content\/uploads\/2024\/09\/kazuyo-sejima-ryue-nishizawa-sanaa-le-prix-charlotte-perriand-2025_dezeen_2364_col_2-852x587.jpg\" alt=\"O Museu da Arte Contempor\u00e2nea do S\u00e9culo 21 em Kanazawa \u00e9 uma das obras not\u00e1veis deles.\" width=\"1024\" height=\"1024\" title=\"\"><figcaption class=\"wp-caption-text\">O Museu da Arte Contempor\u00e2nea do S\u00e9culo 21 em Kanazawa \u00e9 uma das obras not\u00e1veis deles.<\/figcaption><\/figure>\n<p>A cerim\u00f4nia de entrega do <b>Le Prix Charlotte Perriand<\/b> ocorrer\u00e1 em Paris no dia 18 de janeiro de 2025. Este evento promete ser um marco na celebra\u00e7\u00e3o da arquitetura e do design, reunindo profissionais e entusiastas do setor. A expectativa \u00e9 que a cerim\u00f4nia n\u00e3o apenas homenageie os vencedores, mas tamb\u00e9m inspire futuras gera\u00e7\u00f5es a continuar explorando os limites da criatividade.<\/p>\n<p>O evento ser\u00e1 uma oportunidade para discutir as tend\u00eancias atuais e futuras na arquitetura, al\u00e9m de promover um di\u00e1logo sobre a import\u00e2ncia do design na sociedade contempor\u00e2nea. Sejima e Nishizawa, com suas vis\u00f5es inovadoras, certamente ser\u00e3o figuras centrais nas discuss\u00f5es que se seguir\u00e3o.<\/p>\n<h3>O impacto na arquitetura contempor\u00e2nea<\/h3>\n<h3>Assista agora a minha recomenda\u00e7\u00e3o de video abaixo sobre o tema que estamos tratando neste artigo: <\/h3>\n<p>https:\/\/www.youtube.com\/watch?v=<\/p>\n<p>O trabalho de Sejima e Nishizawa tem um impacto profundo na arquitetura contempor\u00e2nea. Eles n\u00e3o apenas criam edif\u00edcios, mas tamb\u00e9m moldam a maneira como as pessoas interagem com os espa\u00e7os ao seu redor. Seus projetos s\u00e3o como poemas visuais, onde cada linha e forma conta uma hist\u00f3ria. A forma como eles utilizam a luz natural e os materiais \u00e9 um testemunho de sua habilidade em criar ambientes que s\u00e3o ao mesmo tempo acolhedores e inspiradores.<\/p>\n<p>Al\u00e9m disso, a abordagem deles \u00e0 sustentabilidade e \u00e0 integra\u00e7\u00e3o com o ambiente \u00e9 um exemplo a ser seguido. Eles mostram que \u00e9 poss\u00edvel criar obras-primas que respeitam a natureza e promovem a harmonia entre o homem e o meio ambiente. Essa filosofia \u00e9 cada vez mais relevante em um mundo que enfrenta desafios ambientais significativos.<\/p>\n<h2>Conclus\u00e3o<\/h2>\n<p>O reconhecimento de Kazuyo Sejima e Ryue Nishizawa com o <b>Le Prix Charlotte Perriand<\/b> \u00e9 um testemunho de sua contribui\u00e7\u00e3o inestim\u00e1vel para a arquitetura moderna. Com um legado que continua a inspirar e inovar, eles s\u00e3o verdadeiros \u00edcones em seu campo. \u00c0 medida que se preparam para a cerim\u00f4nia de premia\u00e7\u00e3o em 2025, o mundo da arquitetura aguarda ansiosamente o que o futuro reserva para esses dois vision\u00e1rios. A hist\u00f3ria deles \u00e9 uma prova de que a paix\u00e3o e a criatividade podem transformar o mundo ao nosso redor.<\/p>\n<p>Muito obrigado por ler este artigo! Algumas  inspira\u00e7\u00f5es e fontes para o artigo <a href=\"https:\/\/www.dezeen.com\/2024\/09\/09\/kazuyo-sejima-ryue-nishizawa-sanaa-le-prix-charlotte-perriand-2025\/\" target=\"_blank\" rel=\"noopener\">voc\u00ea pode encontrar aqui<\/a><\/p>\n","protected":false},"excerpt":{"rendered":"<p>Os arquitetos Kazuyo Sejima e Ryue Nishizawa, fundadores do SANAA, foram escolhidos como os vencedores do Le Prix Charlotte Perriand de 2025, um reconhecimento que destaca sua contribui\u00e7\u00e3o inovadora e minimalista para a arquitetura contempor\u00e2nea. Pontos principais do artigo: Premia\u00e7\u00e3o: Sejima e Nishizawa recebem o Le Prix Charlotte Perriand, destacando sua inova\u00e7\u00e3o na arquitetura. Hist\u00f3ria: [&hellip;]<\/p>\n","protected":false},"author":102,"featured_media":129726,"comment_status":"closed","ping_status":"closed","sticky":false,"template":"","format":"standard","meta":{"footnotes":""},"categories":[144],"tags":[],"class_list":["post-129730","post","type-post","status-publish","format-standard","has-post-thumbnail","category-mundo-arquitetura"],"_wp_attached_file":null,"_wp_attachment_metadata":null,"_wp_attachment_context":null,"_wp_attachment_is_custom_header":null,"geo_longitude":null,"geo_public":null,"geo_latitude":null,"_publicize_done_external":null,"_wpas_done_3897181":null,"publicize_twitter_user":null,"_wpas_done_3897175":null,"_wpas_skip_3897181":null,"_wpas_skip_3897175":null,"_wpas_skip_3924723":null,"_wpas_mess":null,"_wpas_done_3924723":null,"wps_subtitle":"","_links":{"self":[{"href":"https:\/\/www.aarquiteta.com.br\/blog\/wp-json\/wp\/v2\/posts\/129730","targetHints":{"allow":["GET"]}}],"collection":[{"href":"https:\/\/www.aarquiteta.com.br\/blog\/wp-json\/wp\/v2\/posts"}],"about":[{"href":"https:\/\/www.aarquiteta.com.br\/blog\/wp-json\/wp\/v2\/types\/post"}],"author":[{"embeddable":true,"href":"https:\/\/www.aarquiteta.com.br\/blog\/wp-json\/wp\/v2\/users\/102"}],"replies":[{"embeddable":true,"href":"https:\/\/www.aarquiteta.com.br\/blog\/wp-json\/wp\/v2\/comments?post=129730"}],"version-history":[{"count":0,"href":"https:\/\/www.aarquiteta.com.br\/blog\/wp-json\/wp\/v2\/posts\/129730\/revisions"}],"wp:featuredmedia":[{"embeddable":true,"href":"https:\/\/www.aarquiteta.com.br\/blog\/wp-json\/wp\/v2\/media\/129726"}],"wp:attachment":[{"href":"https:\/\/www.aarquiteta.com.br\/blog\/wp-json\/wp\/v2\/media?parent=129730"}],"wp:term":[{"taxonomy":"category","embeddable":true,"href":"https:\/\/www.aarquiteta.com.br\/blog\/wp-json\/wp\/v2\/categories?post=129730"},{"taxonomy":"post_tag","embeddable":true,"href":"https:\/\/www.aarquiteta.com.br\/blog\/wp-json\/wp\/v2\/tags?post=129730"}],"curies":[{"name":"wp","href":"https:\/\/api.w.org\/{rel}","templated":true}]}}