{"id":129723,"date":"2024-09-15T14:30:49","date_gmt":"2024-09-15T17:30:49","guid":{"rendered":"https:\/\/www.aarquiteta.com.br\/blog\/como-usar-espelhos-na-decoracao-para-ampliar-espacos\/"},"modified":"2024-09-15T14:30:49","modified_gmt":"2024-09-15T17:30:49","slug":"como-usar-espelhos-na-decoracao-para-ampliar-espacos","status":"publish","type":"post","link":"https:\/\/www.aarquiteta.com.br\/blog\/como-usar-espelhos-na-decoracao-para-ampliar-espacos\/","title":{"rendered":"Como Usar Espelhos na Decora\u00e7\u00e3o para Ampliar Espa\u00e7os"},"content":{"rendered":"<p>&#8220;`html<br \/>\n<body><\/p>\n<p>Os espelhos s\u00e3o aliados poderosos na decora\u00e7\u00e3o, capazes de criar a ilus\u00e3o de amplitude e luminosidade em ambientes pequenos. Aprenda como utiliz\u00e1-los de forma eficaz para transformar seus espa\u00e7os!<\/p>\n<h2>Destaques principais<\/h2>\n<ul>\n<li><b>A Import\u00e2ncia dos Espelhos:<\/b> Eles n\u00e3o apenas decoram, mas tamb\u00e9m ampliam visualmente os ambientes.<\/li>\n<li><b>Posicionamento Estrat\u00e9gico:<\/b> A localiza\u00e7\u00e3o dos espelhos pode maximizar a luz e a sensa\u00e7\u00e3o de espa\u00e7o.<\/li>\n<li><b>Cuidados e Manuten\u00e7\u00e3o:<\/b> A escolha e a limpeza adequadas garantem a durabilidade e a est\u00e9tica dos espelhos.<\/li>\n<\/ul>\n<h2>1. A Import\u00e2ncia dos Espelhos na Decora\u00e7\u00e3o<\/h2>\n<p>Os espelhos s\u00e3o mais do que simples objetos reflexivos; eles s\u00e3o <b>ferramentas essenciais<\/b> na decora\u00e7\u00e3o de interiores. Ao refletir a luz e criar a ilus\u00e3o de profundidade, eles podem transformar at\u00e9 os espa\u00e7os mais compactos em ambientes <b>mais amplos e arejados<\/b>. Al\u00e9m disso, os espelhos podem servir como <b>pontos focais<\/b> que atraem a aten\u00e7\u00e3o e adicionam um toque de eleg\u00e2ncia ao espa\u00e7o.<\/p>\n<h2>2. Tipos de Espelhos para Ampliar Espa\u00e7os<\/h2>\n<h3>2.1 Espelhos de Parede<\/h3>\n<figure style=\"width: 1024px\" class=\"wp-caption aligncenter\"><img decoding=\"async\" src=\"https:\/\/www.aarquiteta.com.br\/blog\/wp-content\/uploads\/2024\/09\/Como-Usar-Espelhos-na-Decoracao-para-Ampliar-Espacos04.jpg\" alt=\"Como Usar Espelhos na Decora\u00e7\u00e3o para Ampliar Espa\u00e7os\" width=\"1024\" height=\"1024\" title=\"\"><figcaption class=\"wp-caption-text\">Como Usar Espelhos na Decora\u00e7\u00e3o para Ampliar Espa\u00e7os<\/figcaption><\/figure>\n<p>Os espelhos de parede s\u00e3o ideais para <b>maximizar a luz natural<\/b> e criar uma sensa\u00e7\u00e3o de continuidade. Eles podem ser usados em qualquer c\u00f4modo, desde a sala de estar at\u00e9 o banheiro.<\/p>\n<h3>2.2 Espelhos Decorativos<\/h3>\n<figure style=\"width: 1024px\" class=\"wp-caption aligncenter\"><img decoding=\"async\" src=\"https:\/\/www.aarquiteta.com.br\/blog\/wp-content\/uploads\/2024\/09\/Como-Usar-Espelhos-na-Decoracao-para-Ampliar-Espacos03.jpg\" alt=\"Como Usar Espelhos na Decora\u00e7\u00e3o para Ampliar Espa\u00e7os\" width=\"1024\" height=\"1024\" title=\"\"><figcaption class=\"wp-caption-text\">Como Usar Espelhos na Decora\u00e7\u00e3o para Ampliar Espa\u00e7os<\/figcaption><\/figure>\n<p>Espelhos decorativos n\u00e3o apenas refletem, mas tamb\u00e9m <b>enriquecem a est\u00e9tica<\/b> do ambiente. Com molduras elaboradas, eles se tornam verdadeiras obras de arte.<\/p>\n<h3>2.3 Espelhos de Piso<\/h3>\n<figure style=\"width: 1024px\" class=\"wp-caption aligncenter\"><img decoding=\"async\" src=\"https:\/\/www.aarquiteta.com.br\/blog\/wp-content\/uploads\/2024\/09\/Como-Usar-Espelhos-na-Decoracao-para-Ampliar-Espacos02.jpg\" alt=\"Como Usar Espelhos na Decora\u00e7\u00e3o para Ampliar Espa\u00e7os\" width=\"1024\" height=\"1024\" title=\"\"><figcaption class=\"wp-caption-text\">Como Usar Espelhos na Decora\u00e7\u00e3o para Ampliar Espa\u00e7os<\/figcaption><\/figure>\n<p>Os espelhos de piso s\u00e3o uma escolha ousada que pode <b>transformar completamente<\/b> um espa\u00e7o. Eles s\u00e3o perfeitos para criar um efeito de profundidade e s\u00e3o frequentemente usados em quartos e closets.<\/p>\n<h2>3. Posicionamento Estrat\u00e9gico dos Espelhos<\/h2>\n<h3>3.1 Frente a Janelas<\/h3>\n<figure style=\"width: 1024px\" class=\"wp-caption aligncenter\"><img decoding=\"async\" src=\"https:\/\/www.aarquiteta.com.br\/blog\/wp-content\/uploads\/2024\/09\/Como-Usar-Espelhos-na-Decoracao-para-Ampliar-Espacos01.jpg\" alt=\"Como Usar Espelhos na Decora\u00e7\u00e3o para Ampliar Espa\u00e7os\" width=\"1024\" height=\"1024\" title=\"\"><figcaption class=\"wp-caption-text\">Como Usar Espelhos na Decora\u00e7\u00e3o para Ampliar Espa\u00e7os<\/figcaption><\/figure>\n<p>Colocar um espelho em frente a uma janela pode <b>duplicar a luz natural<\/b> que entra no ambiente, tornando-o mais iluminado e acolhedor.<\/p>\n<h3>3.2 Em Paredes Opostas<\/h3>\n<p>Espelhos em paredes opostas podem criar uma <b>ilus\u00e3o de continuidade<\/b> e ampliar visualmente o espa\u00e7o, fazendo com que os ambientes pare\u00e7am maiores do que realmente s\u00e3o.<\/p>\n<h2>4. Cores e Estilos de Espelhos<\/h2>\n<h3>4.1 Molduras que Complementam a Decora\u00e7\u00e3o<\/h3>\n<h3>Assista agora a minha recomenda\u00e7\u00e3o de video abaixo sobre o tema que estamos tratando neste artigo: <\/h3>\n<p><div class=\"youtube-embed\" data-video_id=\"7b5hrCzwx84\"><iframe title=\"ESPELHOS - COMO DECORAR USANDO ESPELHOS PARA BANHEIRO, SALA, QUARTO E MUITO MAIS\" width=\"696\" height=\"392\" src=\"https:\/\/www.youtube.com\/embed\/7b5hrCzwx84?feature=oembed&#038;enablejsapi=1\" frameborder=\"0\" allow=\"accelerometer; autoplay; clipboard-write; encrypted-media; gyroscope; picture-in-picture; web-share\" referrerpolicy=\"strict-origin-when-cross-origin\" allowfullscreen><\/iframe><\/div>\n<\/p>\n<p>As molduras dos espelhos devem <b>harmonizar<\/b> com o estilo do ambiente. Molduras r\u00fasticas, modernas ou cl\u00e1ssicas podem adicionar um toque especial \u00e0 decora\u00e7\u00e3o.<\/p>\n<h3>4.2 Espelhos com Efeitos de Luz<\/h3>\n<p>Espelhos com ilumina\u00e7\u00e3o embutida ou efeitos de luz podem <b>real\u00e7ar a atmosfera<\/b> do ambiente, tornando-o mais convidativo e elegante.<\/p>\n<h2>5. Cuidados na Escolha e Manuten\u00e7\u00e3o dos Espelhos<\/h2>\n<h3>5.1 Limpeza Adequada<\/h3>\n<p>Manter os espelhos limpos \u00e9 fundamental para garantir que eles <b>refletem a luz<\/b> de maneira eficaz. Utilize produtos espec\u00edficos para limpeza de vidro e um pano macio.<\/p>\n<h3>5.2 Evitando Reflexos Indesejados<\/h3>\n<p>\u00c9 importante posicionar os espelhos de forma a evitar <b>reflexos indesejados<\/b> que possam distrair ou criar confus\u00e3o visual no ambiente.<\/p>\n<h2>6. Exemplos Pr\u00e1ticos de Uso de Espelhos na Decora\u00e7\u00e3o<\/h2>\n<h3>6.1 Sala de Estar<\/h3>\n<p>Na sala de estar, um grande espelho pode <b>ampliar a sensa\u00e7\u00e3o de espa\u00e7o<\/b> e refletir a luz das janelas, tornando o ambiente mais acolhedor.<\/p>\n<h3>6.2 Quarto<\/h3>\n<p>Um espelho de corpo inteiro no quarto n\u00e3o s\u00f3 \u00e9 pr\u00e1tico, mas tamb\u00e9m pode <b>adicionar um toque de sofistica\u00e7\u00e3o<\/b> ao espa\u00e7o.<\/p>\n<h3>6.3 Banheiro<\/h3>\n<p><\/body><\/p>\n","protected":false},"excerpt":{"rendered":"<p>Use espelhos estrategicamente na decora\u00e7\u00e3o para ampliar visualmente espa\u00e7os pequenos e dar um toque moderno.<\/p>\n","protected":false},"author":102,"featured_media":129720,"comment_status":"closed","ping_status":"closed","sticky":false,"template":"","format":"standard","meta":{"footnotes":""},"categories":[1484,971,18792,18794],"tags":[],"class_list":["post-129723","post","type-post","status-publish","format-standard","has-post-thumbnail","category-decoracao","category-design-de-interiores","category-decoracao-de-apartamento","category-projetos-de-decoracao-de-casas"],"_wp_attached_file":null,"_wp_attachment_metadata":null,"_wp_attachment_context":null,"_wp_attachment_is_custom_header":null,"geo_longitude":null,"geo_public":null,"geo_latitude":null,"_publicize_done_external":null,"_wpas_done_3897181":null,"publicize_twitter_user":null,"_wpas_done_3897175":null,"_wpas_skip_3897181":null,"_wpas_skip_3897175":null,"_wpas_skip_3924723":null,"_wpas_mess":null,"_wpas_done_3924723":null,"wps_subtitle":"","_links":{"self":[{"href":"https:\/\/www.aarquiteta.com.br\/blog\/wp-json\/wp\/v2\/posts\/129723","targetHints":{"allow":["GET"]}}],"collection":[{"href":"https:\/\/www.aarquiteta.com.br\/blog\/wp-json\/wp\/v2\/posts"}],"about":[{"href":"https:\/\/www.aarquiteta.com.br\/blog\/wp-json\/wp\/v2\/types\/post"}],"author":[{"embeddable":true,"href":"https:\/\/www.aarquiteta.com.br\/blog\/wp-json\/wp\/v2\/users\/102"}],"replies":[{"embeddable":true,"href":"https:\/\/www.aarquiteta.com.br\/blog\/wp-json\/wp\/v2\/comments?post=129723"}],"version-history":[{"count":0,"href":"https:\/\/www.aarquiteta.com.br\/blog\/wp-json\/wp\/v2\/posts\/129723\/revisions"}],"wp:featuredmedia":[{"embeddable":true,"href":"https:\/\/www.aarquiteta.com.br\/blog\/wp-json\/wp\/v2\/media\/129720"}],"wp:attachment":[{"href":"https:\/\/www.aarquiteta.com.br\/blog\/wp-json\/wp\/v2\/media?parent=129723"}],"wp:term":[{"taxonomy":"category","embeddable":true,"href":"https:\/\/www.aarquiteta.com.br\/blog\/wp-json\/wp\/v2\/categories?post=129723"},{"taxonomy":"post_tag","embeddable":true,"href":"https:\/\/www.aarquiteta.com.br\/blog\/wp-json\/wp\/v2\/tags?post=129723"}],"curies":[{"name":"wp","href":"https:\/\/api.w.org\/{rel}","templated":true}]}}