{"id":128883,"date":"2024-09-14T06:13:08","date_gmt":"2024-09-14T09:13:08","guid":{"rendered":"https:\/\/www.aarquiteta.com.br\/blog\/telhados-swooping-do-centro-de-arte-de-pequim\/"},"modified":"2024-09-14T06:13:08","modified_gmt":"2024-09-14T09:13:08","slug":"telhados-swooping-do-centro-de-arte-de-pequim","status":"publish","type":"post","link":"https:\/\/www.aarquiteta.com.br\/blog\/telhados-swooping-do-centro-de-arte-de-pequim\/","title":{"rendered":"Sofisticado Centro de Arte em Pequim Resgata Hist\u00f3ria Cultural."},"content":{"rendered":"<p>Um novo centro de arte multifuncional em Pequim, projetado pelos est\u00fadios Schmidt Hammer Lassen e Perkins&#038;Will, foi inspirado na forma de um antigo gran\u00e1rio que ocupava o local. Com uma arquitetura que remete \u00e0 cultura local e global, o centro promete ser um importante ponto de encontro para a promo\u00e7\u00e3o das artes na capital chinesa.<\/p>\n<h2>O Centro de Arte Multifuncional em Pequim<\/h2>\n<h3>Um projeto que resgata a hist\u00f3ria<\/h3>\n<figure style=\"width: 1024px\" class=\"wp-caption aligncenter\"><img decoding=\"async\" src=\"https:\/\/www.aarquiteta.com.br\/blog\/wp-content\/uploads\/2024\/09\/schmidt-hammer-lassen-beijing-art-centre-architecture-china_dezeen_1704_col_hero_1-1200x675.jpg\" alt=\"Sofisticado Centro de Arte em Pequim Resgata Hist\u00f3ria Cultural.\" width=\"1024\" height=\"1024\" title=\"\"><figcaption class=\"wp-caption-text\">Source: <a href=\"https:\/\/www.dezeen.com\/2024\/09\/08\/schmidt-hammer-lassen-perkins-will-beijing-art-centre-china\/\" target=\"_blank\" rel=\"noopener\"><\/a><\/figcaption><\/figure>\n<p>O centro de arte, localizado no distrito de <b>Tongzhou<\/b>, em Pequim, \u00e9 uma verdadeira ode \u00e0 hist\u00f3ria da regi\u00e3o. Antes de se tornar um espa\u00e7o cultural, o local abrigava um gran\u00e1rio que armazenava alimentos para a capital. Agora, os arquitetos Chris Hardie e sua equipe da Schmidt Hammer Lassen, em colabora\u00e7\u00e3o com a Perkins&#038;Will, transformaram esse espa\u00e7o em um <b>\u201cgran\u00e1rio cultural\u201d<\/b>, onde a arte e a cultura se entrela\u00e7am, criando um ambiente vibrante e acolhedor.<\/p>\n<h3>Arquitetura que encanta<\/h3>\n<p>Composto por tr\u00eas edif\u00edcios interligados, o centro apresenta <b>telhados ondulados<\/b> que evocam a forma do antigo gran\u00e1rio. As fachadas dobradas n\u00e3o apenas embelezam a estrutura, mas tamb\u00e9m fazem refer\u00eancia \u00e0s velas dos antigos barcos de canal e ao movimento das cortinas de teatro. Essa conex\u00e3o com o passado \u00e9 um lembrete constante de que a cultura \u00e9 um fluxo cont\u00ednuo, sempre se adaptando e evoluindo.<\/p>\n<h3>Espa\u00e7os que inspiram<\/h3>\n<figure style=\"width: 1024px\" class=\"wp-caption aligncenter\"><img decoding=\"async\" src=\"https:\/\/www.aarquiteta.com.br\/blog\/wp-content\/uploads\/2024\/09\/schmidt-hammer-lassen-beijing-art-centre-architecture-china_dezeen_1704_col_0-852x505.jpg\" alt=\"Vis\u00e3o do centro de arte de Pequim, com um dos telhados precisando aten\u00e7\u00e3o em sua forma que remete a um gran\u00e1rio.\" width=\"1024\" height=\"1024\" title=\"\"><figcaption class=\"wp-caption-text\">Vis\u00e3o do centro de arte de Pequim, com um dos telhados precisando aten\u00e7\u00e3o em sua forma que remete a um gran\u00e1rio.<\/figcaption><\/figure>\n<p>O centro abriga um <b>teatro<\/b>, uma <b>casa de \u00f3pera<\/b> e um <b>audit\u00f3rio<\/b>, cada um projetado com caracter\u00edsticas \u00fanicas que atendem \u00e0s suas fun\u00e7\u00f5es espec\u00edficas. Por exemplo, a forma da casa de \u00f3pera foi cuidadosamente planejada para atender \u00e0s exig\u00eancias ac\u00fasticas, garantindo que cada nota musical ressoe perfeitamente. Os espa\u00e7os s\u00e3o interligados por uma plataforma compartilhada que se estende para a paisagem circundante, criando um <b>ponto de vista<\/b> para o famoso Grande Canal, um dos mais antigos do mundo.<\/p>\n<h3>Um convite \u00e0 comunidade<\/h3>\n<figure style=\"width: 1024px\" class=\"wp-caption aligncenter\"><img decoding=\"async\" src=\"https:\/\/www.aarquiteta.com.br\/blog\/wp-content\/uploads\/2024\/09\/schmidt-hammer-lassen-beijing-art-centre-architecture-china_dezeen_1704_col_8-852x576.jpg\" alt=\"Planta do t\u00e9rreo do centro de arte de Pequim, mostrando a disposi\u00e7\u00e3o funcional dos espa\u00e7os, incluindo uma casa de \u00f3pera e um teatro.\" width=\"1024\" height=\"1024\" title=\"\"><figcaption class=\"wp-caption-text\">Planta do t\u00e9rreo do centro de arte de Pequim, mostrando a disposi\u00e7\u00e3o funcional dos espa\u00e7os, incluindo uma casa de \u00f3pera e um teatro.<\/figcaption><\/figure>\n<p>O projeto n\u00e3o \u00e9 apenas uma adi\u00e7\u00e3o arquitet\u00f4nica \u00e0 cidade, mas um convite \u00e0 comunidade. A plataforma compartilhada, com seus <b>jardins subterr\u00e2neos<\/b> e \u00e1reas de estar, foi projetada para guiar os visitantes atrav\u00e9s do espa\u00e7o, incentivando a intera\u00e7\u00e3o e a aprecia\u00e7\u00e3o da arte. A ideia \u00e9 que cada visitante se sinta parte de algo maior, como se estivesse contribuindo para a rica tape\u00e7aria cultural de Pequim.<\/p>\n<h3>Inova\u00e7\u00e3o e sustentabilidade<\/h3>\n<h3>Assista agora a minha recomenda\u00e7\u00e3o de video abaixo sobre o tema que estamos tratando neste artigo: <\/h3>\n<p><div class=\"youtube-embed\" data-video_id=\"0vBP_zdPQiw\"><iframe title=\"Schmidt Hammer Lassen\u2019s Beijing Art Centre evokes the site&#039;s granary history\" width=\"696\" height=\"392\" src=\"https:\/\/www.youtube.com\/embed\/0vBP_zdPQiw?feature=oembed&#038;enablejsapi=1\" frameborder=\"0\" allow=\"accelerometer; autoplay; clipboard-write; encrypted-media; gyroscope; picture-in-picture; web-share\" referrerpolicy=\"strict-origin-when-cross-origin\" allowfullscreen><\/iframe><\/div>\n<\/p>\n<p>Al\u00e9m de sua beleza est\u00e9tica, o centro de arte tamb\u00e9m \u00e9 um exemplo de <b>sustentabilidade<\/b>. A fachada \u00e9 composta por pain\u00e9is de alum\u00ednio perfurados que melhoram o desempenho t\u00e9rmico do edif\u00edcio em at\u00e9 20% em compara\u00e7\u00e3o com os padr\u00f5es locais de economia de energia. O projeto incorpora um <b>paisagismo verde<\/b> e pavimentos perme\u00e1veis que funcionam como uma esponja, absorvendo e armazenando a \u00e1gua da chuva, demonstrando que a arte e a natureza podem coexistir harmoniosamente.<\/p>\n<h3>Um futuro promissor para a arte em Pequim<\/h3>\n<p>Com a conclus\u00e3o deste centro, Pequim se posiciona como um <b>hub cultural<\/b> n\u00e3o apenas na China, mas em todo o mundo. Chris Hardie, diretor de design do projeto, expressou sua vis\u00e3o de que o centro ser\u00e1 um farol de arte e cultura, iluminando o caminho para futuras gera\u00e7\u00f5es. \u201cCada container \u00e9 como uma lanterna acesa pela arte ao longo do Grande Canal, recebendo visitantes de bra\u00e7os abertos\u201d, disse ele, enfatizando a import\u00e2ncia do espa\u00e7o como um ponto de encontro cultural.<\/p>\n<h2>Conclus\u00e3o<\/h2>\n<p>O novo centro de arte em Pequim \u00e9 mais do que uma simples constru\u00e7\u00e3o; \u00e9 um s\u00edmbolo de renova\u00e7\u00e3o e esperan\u00e7a. Ele resgata a hist\u00f3ria, promove a cultura e abra\u00e7a a sustentabilidade, tudo isso enquanto convida a comunidade a participar de sua jornada. Com sua arquitetura impressionante e espa\u00e7os inspiradores, o centro promete ser um marco na cena cultural de Pequim, um verdadeiro <b>gran\u00e1rio de cultura<\/b> que alimentar\u00e1 a criatividade e a express\u00e3o art\u00edstica por muitos anos.<\/p>\n<p>Muito obrigado por ler este artigo! Algumas  inspira\u00e7\u00f5es e fontes para o artigo <a href=\"https:\/\/www.dezeen.com\/2024\/09\/08\/schmidt-hammer-lassen-perkins-will-beijing-art-centre-china\/\" target=\"_blank\" rel=\"noopener\">voc\u00ea pode encontrar aqui<\/a><\/p>\n","protected":false},"excerpt":{"rendered":"<p>Um novo centro de arte multifuncional em Pequim, projetado pelos est\u00fadios Schmidt Hammer Lassen e Perkins&#038;Will, foi inspirado na forma de um antigo gran\u00e1rio que ocupava o local. Com uma arquitetura que remete \u00e0 cultura local e global, o centro promete ser um importante ponto de encontro para a promo\u00e7\u00e3o das artes na capital chinesa. [&hellip;]<\/p>\n","protected":false},"author":102,"featured_media":128880,"comment_status":"closed","ping_status":"closed","sticky":false,"template":"","format":"standard","meta":{"footnotes":""},"categories":[144],"tags":[],"class_list":["post-128883","post","type-post","status-publish","format-standard","has-post-thumbnail","category-mundo-arquitetura"],"_wp_attached_file":null,"_wp_attachment_metadata":null,"_wp_attachment_context":null,"_wp_attachment_is_custom_header":null,"geo_longitude":null,"geo_public":null,"geo_latitude":null,"_publicize_done_external":null,"_wpas_done_3897181":null,"publicize_twitter_user":null,"_wpas_done_3897175":null,"_wpas_skip_3897181":null,"_wpas_skip_3897175":null,"_wpas_skip_3924723":null,"_wpas_mess":null,"_wpas_done_3924723":null,"wps_subtitle":"","_links":{"self":[{"href":"https:\/\/www.aarquiteta.com.br\/blog\/wp-json\/wp\/v2\/posts\/128883","targetHints":{"allow":["GET"]}}],"collection":[{"href":"https:\/\/www.aarquiteta.com.br\/blog\/wp-json\/wp\/v2\/posts"}],"about":[{"href":"https:\/\/www.aarquiteta.com.br\/blog\/wp-json\/wp\/v2\/types\/post"}],"author":[{"embeddable":true,"href":"https:\/\/www.aarquiteta.com.br\/blog\/wp-json\/wp\/v2\/users\/102"}],"replies":[{"embeddable":true,"href":"https:\/\/www.aarquiteta.com.br\/blog\/wp-json\/wp\/v2\/comments?post=128883"}],"version-history":[{"count":0,"href":"https:\/\/www.aarquiteta.com.br\/blog\/wp-json\/wp\/v2\/posts\/128883\/revisions"}],"wp:featuredmedia":[{"embeddable":true,"href":"https:\/\/www.aarquiteta.com.br\/blog\/wp-json\/wp\/v2\/media\/128880"}],"wp:attachment":[{"href":"https:\/\/www.aarquiteta.com.br\/blog\/wp-json\/wp\/v2\/media?parent=128883"}],"wp:term":[{"taxonomy":"category","embeddable":true,"href":"https:\/\/www.aarquiteta.com.br\/blog\/wp-json\/wp\/v2\/categories?post=128883"},{"taxonomy":"post_tag","embeddable":true,"href":"https:\/\/www.aarquiteta.com.br\/blog\/wp-json\/wp\/v2\/tags?post=128883"}],"curies":[{"name":"wp","href":"https:\/\/api.w.org\/{rel}","templated":true}]}}