{"id":128513,"date":"2024-09-13T14:57:47","date_gmt":"2024-09-13T17:57:47","guid":{"rendered":"https:\/\/www.aarquiteta.com.br\/blog\/tamanhos-de-cama\/"},"modified":"2024-09-13T14:57:47","modified_gmt":"2024-09-13T17:57:47","slug":"tamanhos-de-cama","status":"publish","type":"post","link":"https:\/\/www.aarquiteta.com.br\/blog\/tamanhos-de-cama\/","title":{"rendered":"Guia Completo dos Tamanhos de Cama: O Que Escolher?"},"content":{"rendered":"<p><body><\/p>\n<p>Escolher o tamanho correto da cama \u00e9 fundamental para garantir conforto e adequa\u00e7\u00e3o ao seu espa\u00e7o, seja para solteiros ou casais. Conhe\u00e7a os diferentes tamanhos de cama e descubra qual \u00e9 o ideal para o seu quarto!<\/p>\n<h2>1. Introdu\u00e7\u00e3o<\/h2>\n<p>A cama \u00e9 um dos principais m\u00f3veis de um quarto e sua escolha deve levar em considera\u00e7\u00e3o o tamanho do espa\u00e7o, o conforto e o n\u00famero de pessoas que ir\u00e3o utiliz\u00e1-la. Este guia ir\u00e1 ajud\u00e1-lo a entender os tamanhos de cama dispon\u00edveis no mercado.<\/p>\n<h2>2. Tipos de Camas<\/h2>\n<h3>2.1. Cama de Solteiro<\/h3>\n<p>Ah, a cama de solteiro, esse pequeno s\u00edmbolo da liberdade e da praticidade! Ideal para crian\u00e7as, adolescentes e jovens, \u00e9 a op\u00e7\u00e3o mais compacta e econ\u00f4mica. Acontece que, apesar de sua simplicidade, ela atende perfeitamente a quem est\u00e1 em busca de um bom espa\u00e7o para descansar, ainda mais com mil aventuras di\u00e1rias. Sem contar que cabe em qualquer cantinho! Um verdadeiro coringa na decora\u00e7\u00e3o.<\/p>\n<h3>2.2. Cama de Casal<\/h3>\n<figure style=\"width: 1024px\" class=\"wp-caption aligncenter\"><img decoding=\"async\" src=\"https:\/\/www.aarquiteta.com.br\/blog\/wp-content\/uploads\/2024\/09\/tamanhos-de-cama01.jpg\" alt=\"Guia Completo dos Tamanhos de Cama: O Que Escolher?\" width=\"1024\" height=\"1024\" title=\"\"><figcaption class=\"wp-caption-text\">Guia Completo dos Tamanhos de Cama: O Que Escolher?<\/figcaption><\/figure>\n<p>Agora, se voc\u00ea est\u00e1 pensando em compartilhar seu espa\u00e7o com algu\u00e9m especial, a cama de casal \u00e9 a estrela do show! Perfeita para casais ou para quem busca um espa\u00e7o extra no colch\u00e3o, essa op\u00e7\u00e3o \u00e9 funcional e aconchegante para quartos menores. Al\u00e9m de oferecer um espa\u00e7o confort\u00e1vel, voc\u00ea n\u00e3o vai precisar mais brigar pelo cobertor \u2013 pelo menos n\u00e3o tanto! Ah, e o melhor: \u00e9 bem f\u00e1cil de encontrar len\u00e7\u00f3is que se encaixem direitinho, o que \u00e9 uma m\u00e3o na roda.<\/p>\n<h3>2.3. Cama Queen Size<\/h3>\n<figure style=\"width: 1024px\" class=\"wp-caption aligncenter\"><img decoding=\"async\" src=\"https:\/\/www.aarquiteta.com.br\/blog\/wp-content\/uploads\/2024\/09\/tamanhos-de-cama-2.png\" alt=\"Ilustra\u00e7\u00e3o com tamanhos de cama, incluindo as medidas de cada tipo.\" title=\"\"><figcaption class=\"wp-caption-text\">Ilustra\u00e7\u00e3o com tamanhos de cama, incluindo as medidas de cada tipo.<\/figcaption><\/figure>\n<p>A cama Queen Size \u00e9 como um abra\u00e7o acolhedor em forma de cama, oferecendo conforto adicional para casais e espa\u00e7o ideal para pessoas mais altas. Ao entrar na cama, a sensa\u00e7\u00e3o de espa\u00e7o e liberdade \u00e9 imbat\u00edvel. Agora, lembre-se, \u00e9 um tamanho intermedi\u00e1rio, ent\u00e3o antes de sair escolhendo uma, fa\u00e7a as contas e verifique se o seu quarto consegue dar conta desse luxo todo!<\/p>\n<h3>2.4. Cama King Size<\/h3>\n<figure style=\"width: 1024px\" class=\"wp-caption aligncenter\"><img decoding=\"async\" src=\"https:\/\/www.aarquiteta.com.br\/blog\/wp-content\/uploads\/2024\/09\/tamanhos-de-cama02.jpg\" alt=\"Guia Completo dos Tamanhos de Cama: O Que Escolher?\" width=\"1024\" height=\"1024\" title=\"\"><figcaption class=\"wp-caption-text\">Guia Completo dos Tamanhos de Cama: O Que Escolher?<\/figcaption><\/figure>\n<p>Se voc\u00ea busca o m\u00e1ximo de conforto e espa\u00e7o, a cama King Size \u00e9 a rainha da sua noite de descanso! A maior op\u00e7\u00e3o do mercado, essa belezura \u00e9 indicada para casais que desejam se esparramar \u00e0 vontade, mas aten\u00e7\u00e3o: o tamanho pode complicar um pouco o transporte, como uma viagem sem GPS! Verifique a log\u00edstica de como levar essa maravilha para dentro do seu lar antes de se empolgar muito!<\/p>\n<h2>3. Como Escolher o Tamanho da Cama<\/h2>\n<p>Ent\u00e3o, voc\u00ea est\u00e1 cruzando o deserto das decis\u00f5es sobre a cama perfeita? Calma, que tem jeito! Primeiro, considere o espa\u00e7o dispon\u00edvel no quarto \u2013 \u00e9 como montar quebra-cabe\u00e7a. Me\u00e7a direitinho as dimens\u00f5es, lembre-se da largura das portas e como voc\u00ea vai entrar e sair com a cama, porque n\u00e3o adianta nada encontrar a cama dos seus sonhos e n\u00e3o conseguir passar pela porta. Uma situa\u00e7\u00e3o mais comum do que se imagina!<\/p>\n<h2>4. Dicas para Medir o Espa\u00e7o do Quarto<\/h2>\n<p>Medir o c\u00f4modo \u00e9 um passo crucial! \u00c9 como planejar um desfile: precisa garantir que todos os participantes tenham espa\u00e7o para circular. Leve em conta a abertura de portas, janelas e at\u00e9 a circula\u00e7\u00e3o ao redor da cama \u2013 ningu\u00e9m quer trope\u00e7ar na pr\u00f3pria felicidade, n\u00e9? Use uma trena, fa\u00e7a anota\u00e7\u00f5es e, se precisar, desenhe no papel como vai ficar. Sua criatividade pode te ajudar a visualizar o projeto!<\/p>\n<h2>5. Conforto e Qualidade do Sono<\/h2>\n<p>Falar de cama sem mencionar o conforto \u00e9 como ir \u00e0 praia sem areia! A escolha do colch\u00e3o certo e da cama \u00e9 essencial, pois isso impacta diretamente na qualidade do seu sono. Imagine deitar sua cabe\u00e7a em um colch\u00e3o que parece mais uma t\u00e1bua \u2013 ningu\u00e9m merece! Ent\u00e3o, teste, experimente, d\u00ea uma puladinha na cama \u2013 mas, cautela! O descanso deve ser recompensador, n\u00e3o uma brincadeira de mal gosto.<\/p>\n<h2>6. Conclus\u00e3o<\/h2>\n<p>Escolher corretamente o tamanho da cama \u00e9 crucial para garantir conforto e funcionalidade no seu quarto. Avalie suas necessidades e o espa\u00e7o dispon\u00edvel para fazer a melhor escolha. Lembre-se: uma boa cama \u00e9 como um bom amigo, que te acolhe e te d\u00e1 apoio. Venha descobrir o tamanho perfeito que vai transformar suas noites em verdadeiros sonhos!<\/p>\n<p><\/body><br \/>\n<figure style=\"width: 1024px\" class=\"wp-caption aligncenter\"><img decoding=\"async\" src=\"https:\/\/www.aarquiteta.com.br\/blog\/wp-content\/uploads\/2024\/09\/tamanhos-de-cama-1.png\" alt=\"Imagem ilustrativa de diferentes modelos de camas.\" title=\"\"><figcaption class=\"wp-caption-text\">Imagem ilustrativa de diferentes modelos de camas.<\/figcaption><\/figure>\n<figure style=\"width: 1024px\" class=\"wp-caption aligncenter\"><img decoding=\"async\" src=\"https:\/\/www.aarquiteta.com.br\/blog\/wp-content\/uploads\/2024\/09\/tamanhos-de-cama03.jpg\" alt=\"Guia Completo dos Tamanhos de Cama: O Que Escolher?\" width=\"1024\" height=\"1024\" title=\"\"><figcaption class=\"wp-caption-text\">Guia Completo dos Tamanhos de Cama: O Que Escolher?<\/figcaption><\/figure>\n<figure style=\"width: 1024px\" class=\"wp-caption aligncenter\"><img decoding=\"async\" src=\"https:\/\/www.aarquiteta.com.br\/blog\/wp-content\/uploads\/2024\/09\/tamanhos-de-cama-3.png\" alt=\"Gr\u00e1fico mostrando como escolher o tamanho da cama.\" title=\"\"><figcaption class=\"wp-caption-text\">Gr\u00e1fico mostrando como escolher o tamanho da cama.<\/figcaption><\/figure>\n<figure style=\"width: 1024px\" class=\"wp-caption aligncenter\"><img decoding=\"async\" src=\"https:\/\/www.aarquiteta.com.br\/blog\/wp-content\/uploads\/2024\/09\/tamanhos-de-cama4.jpg\" alt=\"Guia Completo dos Tamanhos de Cama: O Que Escolher?\" width=\"1024\" height=\"1024\" title=\"\"><figcaption class=\"wp-caption-text\">Guia Completo dos Tamanhos de Cama: O Que Escolher?<\/figcaption><\/figure>\n<img decoding=\"async\" src=\"https:\/\/www.aarquiteta.com.br\/blog\/wp-content\/uploads\/2024\/09\/modelos-de-camas-00-286x160.jpg\" alt=\"\" title=\"\">\n<h3>Para se aprofundar mais sobre o tema, veja a minha recomenda\u00e7\u00e3o sobre o tema deste artigo no v\u00eddeo a seguir abaixo:<\/h3>\n<p><iframe title=\"YouTube video player\" src=\"https:\/\/www.youtube.com\/embed\/tWAKw-4IhTA\" width=\"560\" height=\"315\" frameborder=\"0\" allowfullscreen=\"allowfullscreen\"><\/iframe><\/p>\n<img decoding=\"async\" src=\"https:\/\/www.aarquiteta.com.br\/blog\/wp-content\/uploads\/2024\/09\/cama-arrumada-capa-286x160.webp\" alt=\"\" title=\"\">\n<img decoding=\"async\" src=\"https:\/\/www.aarquiteta.com.br\/blog\/wp-content\/uploads\/2024\/09\/cama-no-chao-286x160.webp\" alt=\"\" title=\"\">\n","protected":false},"excerpt":{"rendered":"<p>Descubra tudo sobre os tamanhos de cama, suas medidas e como escolher a ideal para o seu quarto.<\/p>\n","protected":false},"author":102,"featured_media":128506,"comment_status":"closed","ping_status":"closed","sticky":false,"template":"","format":"standard","meta":{"footnotes":""},"categories":[1484],"tags":[],"class_list":["post-128513","post","type-post","status-publish","format-standard","has-post-thumbnail","category-decoracao"],"_wp_attached_file":null,"_wp_attachment_metadata":null,"_wp_attachment_context":null,"_wp_attachment_is_custom_header":null,"geo_longitude":null,"geo_public":null,"geo_latitude":null,"_publicize_done_external":null,"_wpas_done_3897181":null,"publicize_twitter_user":null,"_wpas_done_3897175":null,"_wpas_skip_3897181":null,"_wpas_skip_3897175":null,"_wpas_skip_3924723":null,"_wpas_mess":null,"_wpas_done_3924723":null,"wps_subtitle":"","_links":{"self":[{"href":"https:\/\/www.aarquiteta.com.br\/blog\/wp-json\/wp\/v2\/posts\/128513","targetHints":{"allow":["GET"]}}],"collection":[{"href":"https:\/\/www.aarquiteta.com.br\/blog\/wp-json\/wp\/v2\/posts"}],"about":[{"href":"https:\/\/www.aarquiteta.com.br\/blog\/wp-json\/wp\/v2\/types\/post"}],"author":[{"embeddable":true,"href":"https:\/\/www.aarquiteta.com.br\/blog\/wp-json\/wp\/v2\/users\/102"}],"replies":[{"embeddable":true,"href":"https:\/\/www.aarquiteta.com.br\/blog\/wp-json\/wp\/v2\/comments?post=128513"}],"version-history":[{"count":0,"href":"https:\/\/www.aarquiteta.com.br\/blog\/wp-json\/wp\/v2\/posts\/128513\/revisions"}],"wp:featuredmedia":[{"embeddable":true,"href":"https:\/\/www.aarquiteta.com.br\/blog\/wp-json\/wp\/v2\/media\/128506"}],"wp:attachment":[{"href":"https:\/\/www.aarquiteta.com.br\/blog\/wp-json\/wp\/v2\/media?parent=128513"}],"wp:term":[{"taxonomy":"category","embeddable":true,"href":"https:\/\/www.aarquiteta.com.br\/blog\/wp-json\/wp\/v2\/categories?post=128513"},{"taxonomy":"post_tag","embeddable":true,"href":"https:\/\/www.aarquiteta.com.br\/blog\/wp-json\/wp\/v2\/tags?post=128513"}],"curies":[{"name":"wp","href":"https:\/\/api.w.org\/{rel}","templated":true}]}}