{"id":128385,"date":"2024-09-11T19:27:43","date_gmt":"2024-09-11T22:27:43","guid":{"rendered":"https:\/\/www.aarquiteta.com.br\/blog\/cozinha-pequena-com-ilha\/"},"modified":"2024-09-11T19:27:43","modified_gmt":"2024-09-11T22:27:43","slug":"cozinha-pequena-com-ilha","status":"publish","type":"post","link":"https:\/\/www.aarquiteta.com.br\/blog\/cozinha-pequena-com-ilha\/","title":{"rendered":"Cozinha Pequena com Ilha: Um Toque de Estilo na Decora\u00e7\u00e3o"},"content":{"rendered":"<p><body><\/p>\n<p>Transformar uma cozinha pequena em um espa\u00e7o funcional e estiloso \u00e9 um desafio empolgante! Com as dicas certas e uma pitada de criatividade, \u00e9 poss\u00edvel criar um ambiente acolhedor e cheio de personalidade.<\/p>\n<h2>Introdu\u00e7\u00e3o<\/h2>\n<p>Como arquiteto, frequentemente me deparo com a miss\u00e3o de planejar espa\u00e7os pequenos, e a cozinha n\u00e3o \u00e9 exce\u00e7\u00e3o. Implementar uma ilha em uma cozinha diminuta pode ser o toque que faltava para resolver aquele famoso quebra-cabe\u00e7a de espa\u00e7o e funcionalidade. Neste artigo, compartilho orienta\u00e7\u00f5es pr\u00e1ticas, estrat\u00e9gias de decora\u00e7\u00e3o e inspira\u00e7\u00f5es que v\u00e3o te ajudar nessa empreitada.<\/p>\n<h2>Dicas para Planejamento da Ilha<\/h2>\n<h3>Tamanho Ideal da Ilha<\/h3>\n<p>Primeiro, vamos falar sobre o <b>tamanho da ilha<\/b>. \u00c9 essencial medir o espa\u00e7o dispon\u00edvel e considerar as dimens\u00f5es da ilha. Um m\u00ednimo de 60 cm \u00e9 indicado se voc\u00ea planeja encorpar um fog\u00e3o. Agora, se voc\u00ea deseja adicionar banquetas, isso requer mais 30 cm. Num mundo ideal, a circula\u00e7\u00e3o deve ser generosa &#8211; eu sugiro uma dist\u00e2ncia de pelo menos 90 cm entre as bancadas. Afinal, ningu\u00e9m quer esbarrar numa panela quente enquanto prepara o jantar, n\u00e9?<\/p>\n<h3>Ilha M\u00f3vel: Funcionalidade e Praticidade<\/h3>\n<figure style=\"width: 1024px\" class=\"wp-caption aligncenter\"><img decoding=\"async\" src=\"https:\/\/www.aarquiteta.com.br\/blog\/wp-content\/uploads\/2024\/09\/cozinha-pequena-com-ilha01.jpg\" alt=\"Cozinha Pequena com Ilha: Um Toque de Estilo na Decora\u00e7\u00e3o\" width=\"1024\" height=\"1024\" title=\"\"><figcaption class=\"wp-caption-text\">Cozinha Pequena com Ilha: Um Toque de Estilo na Decora\u00e7\u00e3o<\/figcaption><\/figure>\n<p>Uma das ideias mais legais \u00e9 investir em uma <b>ilha m\u00f3vel<\/b>. Al\u00e9m de f\u00e1cil de mover, essa op\u00e7\u00e3o proporciona flexibilidade &#8211; voc\u00ea pode redefinir o layout da sua cozinha conforme a necessidade. Mas aten\u00e7\u00e3o: escolha com sabedoria os itens que ficar\u00e3o em cima, pois fios e objetos soltos podem causar um efeito domin\u00f3 imprevis\u00edvel.<\/p>\n<h2>Integra\u00e7\u00e3o com o Ambiente<\/h2>\n<h3>Ilha com Fog\u00e3o: Um Toque Pr\u00e1tico<\/h3>\n<figure style=\"width: 1024px\" class=\"wp-caption aligncenter\"><img decoding=\"async\" src=\"https:\/\/www.aarquiteta.com.br\/blog\/wp-content\/uploads\/2024\/09\/cozinha-pequena-com-ilha-1.png\" alt=\"Cozinha pequena com ilha.\" title=\"\"><figcaption class=\"wp-caption-text\">Cozinha pequena com ilha.<\/figcaption><\/figure>\n<p>A inclus\u00e3o de um <b>cooktop<\/b> na ilha \u00e9 uma escolha que traz praticidade ao dia a dia. Cozinhar enquanto conversa com as pessoas na sala? Sim, por favor! Se o espa\u00e7o for limitado, uma solu\u00e7\u00e3o \u00e9 posicionar a ilha contra uma parede. Assim, voc\u00ea maximiza a circula\u00e7\u00e3o e ainda conta com tomadas \u00e0 disposi\u00e7\u00e3o.<\/p>\n<h3>Espa\u00e7o para Refei\u00e7\u00f5es R\u00e1pidas<\/h3>\n<figure style=\"width: 1024px\" class=\"wp-caption aligncenter\"><img decoding=\"async\" src=\"https:\/\/www.aarquiteta.com.br\/blog\/wp-content\/uploads\/2024\/09\/cozinha-pequena-com-ilha02.jpg\" alt=\"Cozinha Pequena com Ilha: Um Toque de Estilo na Decora\u00e7\u00e3o\" width=\"1024\" height=\"1024\" title=\"\"><figcaption class=\"wp-caption-text\">Cozinha Pequena com Ilha: Um Toque de Estilo na Decora\u00e7\u00e3o<\/figcaption><\/figure>\n<p>Sabia que a ilha pode ser o seu futuro point de refei\u00e7\u00f5es r\u00e1pidas? Ao planejar seu espa\u00e7o, considere <b>banquetas modernas<\/b> que complementam a decora\u00e7\u00e3o. E, claro, n\u00e3o se esque\u00e7a da circula\u00e7\u00e3o &#8211; um v\u00e3o para esconder os assentos \u00e9 uma \u00f3tima ideia. Ningu\u00e9m quer fazer malabarismos para se sentar, certo?<\/p>\n<h2>Decora\u00e7\u00e3o e Ilumina\u00e7\u00e3o<\/h2>\n<h3>Elementos Decorativos<\/h3>\n<figure style=\"width: 1024px\" class=\"wp-caption aligncenter\"><img decoding=\"async\" src=\"https:\/\/www.aarquiteta.com.br\/blog\/wp-content\/uploads\/2024\/09\/7764B8A5-AC0C-4979-8DE8-DC61AF76044D-100x100.jpg\" alt=\"Est\u00fadio Mar\u00e9.\" title=\"\"><figcaption class=\"wp-caption-text\">Est\u00fadio Mar\u00e9.<\/figcaption><\/figure>\n<p>Vamos dar uma dose de charme \u00e0 sua cozinha com alguns <b>elementos decorativos<\/b>. Quadros e temperos expostos podem criar uma atmosfera aconchegante. Mas cuidado: n\u00e3o sobrecarregue o ambiente. O equil\u00edbrio \u00e9 fundamental para um espa\u00e7o agrad\u00e1vel \u00e0 vista e \u00e0 funcionalidade.<\/p>\n<h3>Ilumina\u00e7\u00e3o Adequada<\/h3>\n<figure style=\"width: 1024px\" class=\"wp-caption aligncenter\"><img decoding=\"async\" src=\"https:\/\/www.aarquiteta.com.br\/blog\/wp-content\/uploads\/2024\/09\/cozinha-pequena-com-ilha03.jpg\" alt=\"Cozinha Pequena com Ilha: Um Toque de Estilo na Decora\u00e7\u00e3o\" width=\"1024\" height=\"1024\" title=\"\"><figcaption class=\"wp-caption-text\">Cozinha Pequena com Ilha: Um Toque de Estilo na Decora\u00e7\u00e3o<\/figcaption><\/figure>\n<p>A ilumina\u00e7\u00e3o n\u00e3o deve ser negligenciada. Uma <b>ilumina\u00e7\u00e3o adequada<\/b> garante que sua cozinha seja n\u00e3o apenas bonita, mas tamb\u00e9m pr\u00e1tica. Considere lumin\u00e1rias pendentes elegantes ou trilhos de luz, que combinam estilo e funcionalidade, iluminando bem as \u00e1reas de trabalho.<\/p>\n<h2>V\u00eddeos e Sugest\u00f5es Visuais<\/h2>\n<p>Se voc\u00ea \u00e9 como eu e adora aprender visualmente, n\u00e3o pode deixar de conferir alguns <b>v\u00eddeos inspiradores<\/b>. Eles oferecem dicas pr\u00e1ticas e solu\u00e7\u00f5es econ\u00f4micas para ajudar na cria\u00e7\u00e3o da sua cozinha dos sonhos. Acredite: ver ideias em a\u00e7\u00e3o \u00e9 muitas vezes o empurr\u00e3ozinho que precisamos.<\/p>\n<h2>Conclus\u00e3o<\/h2>\n<p>Uma cozinha pequena com ilha pode ser pr\u00e1tica e cheia de estilo. Com as dicas e inspira\u00e7\u00f5es apresentadas, voc\u00ea poder\u00e1 criar um ambiente acolhedor, perfeito para novas receitas e momentos em fam\u00edlia. N\u00e3o tenha medo de inovar, brincar com as ideias e fazer do seu espa\u00e7o um reflexo da sua personalidade. Agora, \u00e9 hora de arrega\u00e7ar as mangas e come\u00e7ar essa transforma\u00e7\u00e3o!<\/p>\n<p><\/body><br \/>\n<figure style=\"width: 1024px\" class=\"wp-caption aligncenter\"><img decoding=\"async\" src=\"https:\/\/www.aarquiteta.com.br\/blog\/wp-content\/uploads\/2024\/09\/cozinha-preta-e-branca-1-286x160.webp\" alt=\"Katharina Barkmeyer - Com revis\u00e3o da Arq. Andressa Oliveira.\" title=\"\"><figcaption class=\"wp-caption-text\">Katharina Barkmeyer &#8211; Com revis\u00e3o da Arq. Andressa Oliveira.<\/figcaption><\/figure>\n<figure style=\"width: 1024px\" class=\"wp-caption aligncenter\"><img decoding=\"async\" src=\"https:\/\/www.aarquiteta.com.br\/blog\/wp-content\/uploads\/2024\/09\/cozinha-pequena-com-ilha4.jpg\" alt=\"Cozinha Pequena com Ilha: Um Toque de Estilo na Decora\u00e7\u00e3o\" width=\"1024\" height=\"1024\" title=\"\"><figcaption class=\"wp-caption-text\">Cozinha Pequena com Ilha: Um Toque de Estilo na Decora\u00e7\u00e3o<\/figcaption><\/figure>\n<figure style=\"width: 1024px\" class=\"wp-caption aligncenter\"><img decoding=\"async\" src=\"https:\/\/www.aarquiteta.com.br\/blog\/wp-content\/uploads\/2024\/09\/cozinha-gourmet-0-286x160.jpg\" alt=\"Foto de cozinha preta e branca 1 - 1.\" title=\"\"><figcaption class=\"wp-caption-text\">Foto de cozinha preta e branca 1 &#8211; 1.<\/figcaption><\/figure>\n<h3>Para se aprofundar mais sobre o tema, veja a minha recomenda\u00e7\u00e3o sobre o tema deste artigo no v\u00eddeo a seguir abaixo:<\/h3>\n<p><iframe title=\"YouTube video player\" src=\"https:\/\/www.youtube.com\/embed\/\" width=\"560\" height=\"315\" frameborder=\"0\" allowfullscreen=\"allowfullscreen\"><\/iframe><\/p>\n<figure style=\"width: 1024px\" class=\"wp-caption aligncenter\"><img decoding=\"async\" src=\"https:\/\/www.aarquiteta.com.br\/blog\/wp-content\/uploads\/2024\/09\/cozinha-amarela-0-286x160.webp\" alt=\"Foto de cozinha gourmet 0 - 2.\" title=\"\"><figcaption class=\"wp-caption-text\">Foto de cozinha gourmet 0 &#8211; 2.<\/figcaption><\/figure>\n<figure style=\"width: 1024px\" class=\"wp-caption aligncenter\"><img decoding=\"async\" src=\"https:\/\/www.aarquiteta.com.br\/blog\/wp-content\/uploads\/2024\/09\/cozinha-pequena-com-ilha-4-960x1200.jpg\" alt=\"Foto de cozinha amarela 0 - 3.\" title=\"\"><figcaption class=\"wp-caption-text\">Foto de cozinha amarela 0 &#8211; 3.<\/figcaption><\/figure>\n","protected":false},"excerpt":{"rendered":"<p>Descubra como decorar uma cozinha pequena com ilha e aproveite dicas essenciais para criar um espa\u00e7o pr\u00e1tico e estiloso.<\/p>\n","protected":false},"author":102,"featured_media":128378,"comment_status":"closed","ping_status":"closed","sticky":false,"template":"","format":"standard","meta":{"footnotes":""},"categories":[1484],"tags":[],"class_list":["post-128385","post","type-post","status-publish","format-standard","has-post-thumbnail","category-decoracao"],"_wp_attached_file":null,"_wp_attachment_metadata":null,"_wp_attachment_context":null,"_wp_attachment_is_custom_header":null,"geo_longitude":null,"geo_public":null,"geo_latitude":null,"_publicize_done_external":null,"_wpas_done_3897181":null,"publicize_twitter_user":null,"_wpas_done_3897175":null,"_wpas_skip_3897181":null,"_wpas_skip_3897175":null,"_wpas_skip_3924723":null,"_wpas_mess":null,"_wpas_done_3924723":null,"wps_subtitle":"","_links":{"self":[{"href":"https:\/\/www.aarquiteta.com.br\/blog\/wp-json\/wp\/v2\/posts\/128385","targetHints":{"allow":["GET"]}}],"collection":[{"href":"https:\/\/www.aarquiteta.com.br\/blog\/wp-json\/wp\/v2\/posts"}],"about":[{"href":"https:\/\/www.aarquiteta.com.br\/blog\/wp-json\/wp\/v2\/types\/post"}],"author":[{"embeddable":true,"href":"https:\/\/www.aarquiteta.com.br\/blog\/wp-json\/wp\/v2\/users\/102"}],"replies":[{"embeddable":true,"href":"https:\/\/www.aarquiteta.com.br\/blog\/wp-json\/wp\/v2\/comments?post=128385"}],"version-history":[{"count":0,"href":"https:\/\/www.aarquiteta.com.br\/blog\/wp-json\/wp\/v2\/posts\/128385\/revisions"}],"wp:featuredmedia":[{"embeddable":true,"href":"https:\/\/www.aarquiteta.com.br\/blog\/wp-json\/wp\/v2\/media\/128378"}],"wp:attachment":[{"href":"https:\/\/www.aarquiteta.com.br\/blog\/wp-json\/wp\/v2\/media?parent=128385"}],"wp:term":[{"taxonomy":"category","embeddable":true,"href":"https:\/\/www.aarquiteta.com.br\/blog\/wp-json\/wp\/v2\/categories?post=128385"},{"taxonomy":"post_tag","embeddable":true,"href":"https:\/\/www.aarquiteta.com.br\/blog\/wp-json\/wp\/v2\/tags?post=128385"}],"curies":[{"name":"wp","href":"https:\/\/api.w.org\/{rel}","templated":true}]}}