{"id":128373,"date":"2024-09-11T18:23:05","date_gmt":"2024-09-11T21:23:05","guid":{"rendered":"https:\/\/www.aarquiteta.com.br\/blog\/pedra-para-calcada\/"},"modified":"2024-09-11T18:23:05","modified_gmt":"2024-09-11T21:23:05","slug":"pedra-para-calcada","status":"publish","type":"post","link":"https:\/\/www.aarquiteta.com.br\/blog\/pedra-para-calcada\/","title":{"rendered":"Pedras para Cal\u00e7ada: 5 Op\u00e7\u00f5es Acess\u00edveis e Pr\u00e1ticas"},"content":{"rendered":"<p><body><\/p>\n<p>Descubra as 5 op\u00e7\u00f5es mais populares e acess\u00edveis de pedras para cal\u00e7ada, que valorizam seu im\u00f3vel e oferecem variedade em estilo e funcionalidade.<\/p>\n<h2>Introdu\u00e7\u00e3o<\/h2>\n<p>Quem n\u00e3o sonha com uma cal\u00e7ada que seja a verdadeira moldura de sua casa? Neste texto, eu, como arquiteto, vou abordar as op\u00e7\u00f5es mais populares de pedras para cal\u00e7ada, pincelando suas caracter\u00edsticas e como cada uma pode incrementar a beleza e a funcionalidade do seu espa\u00e7o.<\/p>\n<h2>1. Basalto<\/h2>\n<h3>Caracter\u00edsticas do Basalto<\/h3>\n<p><b>Irregular ou cortado \u00e0 m\u00e3o<\/b>, o basalto \u00e9 um mimo da natureza. Ele vem em diversas cores e se adapta facilmente a diferentes estilos. \u00c9 uma pedra que parece contar hist\u00f3rias a cada passo que damos sobre ela, trazendo um toque r\u00fastico e ao mesmo tempo elegante.<\/p>\n<h3>Pre\u00e7o do Basalto<\/h3>\n<figure style=\"width: 1024px\" class=\"wp-caption aligncenter\"><img decoding=\"async\" src=\"https:\/\/www.aarquiteta.com.br\/blog\/wp-content\/uploads\/2024\/09\/pedra-para-calcada01.jpg\" alt=\"Pedras para Cal\u00e7ada: 5 Op\u00e7\u00f5es Acess\u00edveis e Pr\u00e1ticas\" width=\"1024\" height=\"1024\" title=\"\"><figcaption class=\"wp-caption-text\">Pedras para Cal\u00e7ada: 5 Op\u00e7\u00f5es Acess\u00edveis e Pr\u00e1ticas<\/figcaption><\/figure>\n<p>O valor do basalto serrado gira em torno de R$85 por metro quadrado, mas vale a pena pesquisar, pois podem existir varia\u00e7\u00f5es de pre\u00e7os dependendo da regi\u00e3o.<\/p>\n<h2>2. Pedra Mineira<\/h2>\n<h3>Beleza e Funcionalidade<\/h3>\n<figure style=\"width: 1024px\" class=\"wp-caption aligncenter\"><img decoding=\"async\" src=\"https:\/\/www.aarquiteta.com.br\/blog\/wp-content\/uploads\/2024\/09\/pedra-para-calcada-capa.webp\" alt=\"Capa do artigo que mostra uma pedra para cal\u00e7ada.\" title=\"\"><figcaption class=\"wp-caption-text\">Capa do artigo que mostra uma pedra para cal\u00e7ada.<\/figcaption><\/figure>\n<p>Com seu tom bege e textura antiderrapante, a <b>pedra mineira<\/b> se destaca muito em \u00e1reas que precisam de seguran\u00e7a, como ao redor de piscinas. O jeito como ela reflete a luz lhe confere um charme especial, que \u00e9 dif\u00edcil de resistir.<\/p>\n<h3>Pre\u00e7o da Pedra Mineira<\/h3>\n<figure style=\"width: 1024px\" class=\"wp-caption aligncenter\"><img decoding=\"async\" src=\"https:\/\/www.aarquiteta.com.br\/blog\/wp-content\/uploads\/2024\/09\/pedra-para-calcada02.jpg\" alt=\"Pedras para Cal\u00e7ada: 5 Op\u00e7\u00f5es Acess\u00edveis e Pr\u00e1ticas\" width=\"1024\" height=\"1024\" title=\"\"><figcaption class=\"wp-caption-text\">Pedras para Cal\u00e7ada: 5 Op\u00e7\u00f5es Acess\u00edveis e Pr\u00e1ticas<\/figcaption><\/figure>\n<p>Voc\u00ea pode encontrar essa maravilha a partir de R$20 o metro quadrado. Um verdadeiro achado, n\u00e3o \u00e9 mesmo?<\/p>\n<h2>3. Pedra Portuguesa<\/h2>\n<h3>Estilo e Personaliza\u00e7\u00e3o<\/h3>\n<figure style=\"width: 1024px\" class=\"wp-caption aligncenter\"><img decoding=\"async\" src=\"https:\/\/www.aarquiteta.com.br\/blog\/wp-content\/uploads\/2024\/09\/pedras-para-calcada-01.png\" alt=\"Imagem de pedras dispostas em uma cal\u00e7ada.\" title=\"\"><figcaption class=\"wp-caption-text\">Imagem de pedras dispostas em uma cal\u00e7ada.<\/figcaption><\/figure>\n<p>Essa pedra traz toda a sofistica\u00e7\u00e3o dos mosaicos para suas cal\u00e7adas. Com suas pequenas pe\u00e7as, d\u00e1 para criar uma verdadeira obra de arte. <b>Embora a instala\u00e7\u00e3o seja mais trabalhosa<\/b>, a manuten\u00e7\u00e3o \u00e9 bem tranquila ap\u00f3s estar no lugar.<\/p>\n<h3>Pre\u00e7o da Pedra Portuguesa<\/h3>\n<figure style=\"width: 1024px\" class=\"wp-caption aligncenter\"><img decoding=\"async\" src=\"https:\/\/www.aarquiteta.com.br\/blog\/wp-content\/uploads\/2024\/09\/pedra-para-calcada03.jpg\" alt=\"Pedras para Cal\u00e7ada: 5 Op\u00e7\u00f5es Acess\u00edveis e Pr\u00e1ticas\" width=\"1024\" height=\"1024\" title=\"\"><figcaption class=\"wp-caption-text\">Pedras para Cal\u00e7ada: 5 Op\u00e7\u00f5es Acess\u00edveis e Pr\u00e1ticas<\/figcaption><\/figure>\n<p>Geralmente, o custo fica em torno de R$40 por metro quadrado. Um investimento que traz retorno, garanto!<\/p>\n<h2>4. Miracema<\/h2>\n<h3>Op\u00e7\u00e3o Econ\u00f4mica<\/h3>\n<figure style=\"width: 1024px\" class=\"wp-caption aligncenter\"><img decoding=\"async\" src=\"https:\/\/www.aarquiteta.com.br\/blog\/wp-content\/uploads\/2024\/09\/fachadas-de-casas-modernas-0-286x160.jpg\" alt=\"Fachada moderna de casas.\" title=\"\"><figcaption class=\"wp-caption-text\">Fachada moderna de casas.<\/figcaption><\/figure>\n<p>Se o crit\u00e9rio \u00e9 or\u00e7amento, a <b>Miracema<\/b> j\u00e1 se destaca logo de cara, come\u00e7ando por R$20. \u00c9 uma op\u00e7\u00e3o que traz eleg\u00e2ncia a um custo bem baixo e \u00e9 super f\u00e1cil de limpar!<\/p>\n<h3>Dicas de Instala\u00e7\u00e3o da Miracema<\/h3>\n<figure style=\"width: 1024px\" class=\"wp-caption aligncenter\"><img decoding=\"async\" src=\"https:\/\/www.aarquiteta.com.br\/blog\/wp-content\/uploads\/2024\/09\/pedra-para-calcada4.jpg\" alt=\"Pedras para Cal\u00e7ada: 5 Op\u00e7\u00f5es Acess\u00edveis e Pr\u00e1ticas\" width=\"1024\" height=\"1024\" title=\"\"><figcaption class=\"wp-caption-text\">Pedras para Cal\u00e7ada: 5 Op\u00e7\u00f5es Acess\u00edveis e Pr\u00e1ticas<\/figcaption><\/figure>\n<p>Mas, aten\u00e7\u00e3o! <b>Instalar corretamente<\/b> \u00e9 fundamental para evitar qualquer dor de cabe\u00e7a no futuro com pedras se soltando. Preste aten\u00e7\u00e3o na base e no nivelamento!<\/p>\n<h2>5. Concreto<\/h2>\n<h3>Vantagens do Concreto<\/h3>\n<figure style=\"width: 1024px\" class=\"wp-caption aligncenter\"><img decoding=\"async\" src=\"https:\/\/www.aarquiteta.com.br\/blog\/wp-content\/uploads\/2024\/09\/edicula-00-286x160.jpg\" alt=\"Modelo de ed\u00edcula em uma resid\u00eancia.\" title=\"\"><figcaption class=\"wp-caption-text\">Modelo de ed\u00edcula em uma resid\u00eancia.<\/figcaption><\/figure>\n<p>Se procura por resist\u00eancia, <b>as pedras de concreto<\/b> s\u00e3o suas aliadas! Elas n\u00e3o s\u00f3 t\u00eam baixo custo, mas tamb\u00e9m s\u00e3o extremamente dur\u00e1veis. O popular piso intertravado se tornou o queridinho de muitas cal\u00e7adas.<\/p>\n<h3>Pre\u00e7o do Concreto<\/h3>\n<h3>Para se aprofundar mais sobre o tema, veja a minha recomenda\u00e7\u00e3o sobre o tema deste artigo no v\u00eddeo a seguir abaixo:<\/h3>\n<p><iframe title=\"YouTube video player\" src=\"https:\/\/www.youtube.com\/embed\/\" width=\"560\" height=\"315\" frameborder=\"0\" allowfullscreen=\"allowfullscreen\"><\/iframe><\/p>\n<p>Em m\u00e9dia, voc\u00ea vai gastar cerca de R$30 por metro quadrado, mas lembre-se de incluir a m\u00e3o de obra na conta porque isso faz toda a diferen\u00e7a.<\/p>\n<h2>Dicas para Escolher a Pedra da Sua Cal\u00e7ada<\/h2>\n<p>Antes de decidir, <b>pense no estilo da sua casa<\/b>, no espa\u00e7o dispon\u00edvel e, claro, no seu or\u00e7amento! Essas s\u00e3o vari\u00e1veis que ir\u00e3o guiar sua escolha e garantir que sua cal\u00e7ada seja a estrela que brilha na sua fachada.<\/p>\n<h2>Conclus\u00e3o<\/h2>\n<p>Escolher a pedra certa para sua cal\u00e7ada \u00e9 como escolher um bom vinho para um jantar especial: a combina\u00e7\u00e3o \u00e9 tudo! Avalie com carinho as op\u00e7\u00f5es que discutimos e fa\u00e7a uma escolha que realmente valorize seu im\u00f3vel, trazendo beleza e funcionalidade ao seu lar. Afinal, cada passo sobre essa pedra deve ser uma escolha s\u00e1bia e prazerosa!<\/p>\n<p><\/body><br \/>\n<figure style=\"width: 1024px\" class=\"wp-caption aligncenter\"><img decoding=\"async\" src=\"https:\/\/www.aarquiteta.com.br\/blog\/wp-content\/uploads\/2024\/09\/1_piso-para-area-externa-0-286x160.jpg\" alt=\"Piso para \u00e1rea externa.\" title=\"\"><figcaption class=\"wp-caption-text\">Piso para \u00e1rea externa.<\/figcaption><\/figure>\n<figure style=\"width: 1024px\" class=\"wp-caption aligncenter\"><img decoding=\"async\" src=\"https:\/\/www.aarquiteta.com.br\/blog\/wp-content\/uploads\/2024\/09\/pedra-para-calcada-00-730x449.webp\" alt=\"Uma cal\u00e7ada feita com pedras.\" title=\"\"><figcaption class=\"wp-caption-text\">Uma cal\u00e7ada feita com pedras.<\/figcaption><\/figure>\n","protected":false},"excerpt":{"rendered":"<p>Descubra 5 op\u00e7\u00f5es populares e acess\u00edveis de pedras para cal\u00e7ada que valorizam o seu im\u00f3vel com beleza e funcionalidade.<\/p>\n","protected":false},"author":102,"featured_media":128367,"comment_status":"closed","ping_status":"closed","sticky":false,"template":"","format":"standard","meta":{"footnotes":""},"categories":[35375,971,19206],"tags":[],"class_list":["post-128373","post","type-post","status-publish","format-standard","has-post-thumbnail","category-acabamentos","category-design-de-interiores","category-revestimentos"],"_wp_attached_file":null,"_wp_attachment_metadata":null,"_wp_attachment_context":null,"_wp_attachment_is_custom_header":null,"geo_longitude":null,"geo_public":null,"geo_latitude":null,"_publicize_done_external":null,"_wpas_done_3897181":null,"publicize_twitter_user":null,"_wpas_done_3897175":null,"_wpas_skip_3897181":null,"_wpas_skip_3897175":null,"_wpas_skip_3924723":null,"_wpas_mess":null,"_wpas_done_3924723":null,"wps_subtitle":"","_links":{"self":[{"href":"https:\/\/www.aarquiteta.com.br\/blog\/wp-json\/wp\/v2\/posts\/128373","targetHints":{"allow":["GET"]}}],"collection":[{"href":"https:\/\/www.aarquiteta.com.br\/blog\/wp-json\/wp\/v2\/posts"}],"about":[{"href":"https:\/\/www.aarquiteta.com.br\/blog\/wp-json\/wp\/v2\/types\/post"}],"author":[{"embeddable":true,"href":"https:\/\/www.aarquiteta.com.br\/blog\/wp-json\/wp\/v2\/users\/102"}],"replies":[{"embeddable":true,"href":"https:\/\/www.aarquiteta.com.br\/blog\/wp-json\/wp\/v2\/comments?post=128373"}],"version-history":[{"count":0,"href":"https:\/\/www.aarquiteta.com.br\/blog\/wp-json\/wp\/v2\/posts\/128373\/revisions"}],"wp:featuredmedia":[{"embeddable":true,"href":"https:\/\/www.aarquiteta.com.br\/blog\/wp-json\/wp\/v2\/media\/128367"}],"wp:attachment":[{"href":"https:\/\/www.aarquiteta.com.br\/blog\/wp-json\/wp\/v2\/media?parent=128373"}],"wp:term":[{"taxonomy":"category","embeddable":true,"href":"https:\/\/www.aarquiteta.com.br\/blog\/wp-json\/wp\/v2\/categories?post=128373"},{"taxonomy":"post_tag","embeddable":true,"href":"https:\/\/www.aarquiteta.com.br\/blog\/wp-json\/wp\/v2\/tags?post=128373"}],"curies":[{"name":"wp","href":"https:\/\/api.w.org\/{rel}","templated":true}]}}