{"id":128191,"date":"2024-09-10T19:22:50","date_gmt":"2024-09-10T22:22:50","guid":{"rendered":"https:\/\/www.aarquiteta.com.br\/blog\/casa-com-fachada-simples-tem-interior-surpreendente\/"},"modified":"2024-09-10T19:22:50","modified_gmt":"2024-09-10T22:22:50","slug":"casa-com-fachada-simples-tem-interior-surpreendente","status":"publish","type":"post","link":"https:\/\/www.aarquiteta.com.br\/blog\/casa-com-fachada-simples-tem-interior-surpreendente\/","title":{"rendered":"As apar\u00eancias enganam: casa com visual simples tem interior surpreendente"},"content":{"rendered":"<p><body><\/p>\n<p>\u00c0s vezes, a primeira impress\u00e3o pode ser enganadora, n\u00e3o \u00e9 mesmo? A Casa Lorena, em M\u00e9rida, M\u00e9xico, \u00e9 um exemplo poderoso de como uma fachada simples esconde um interior luxuoso e cheio de surpresas que nos faz sentir em um verdadeiro ref\u00fagio.<\/p>\n<h2>Apar\u00eancias que Enganam<\/h2>\n<p>Logo de cara, a <b>Casa Lorena<\/b> apresenta uma fachada com apenas 4,5 metros de frente, o que pode parecer humilde, mas quando voc\u00ea adentra essa obra, o jogo de luzes, cores e formas transforma completamente a percep\u00e7\u00e3o. \u00c9 como tirar a camada de uma cebola e descobrir, camada por camada, o que realmente faz esta casa especial.<\/p>\n<h2>O Charme da Simplicidade<\/h2>\n<h3>A Fachada Que Acalenta<\/h3>\n<p>Ao olhar para a fachada pastel da Casa Lorena, praticamente sinto uma m\u00e3o no ombro, dizendo: &#8220;Calma, entre devagar&#8221;. A cor suave proporciona um <b>sentimento acolhedor<\/b> e, ao mesmo tempo, discreto, dando aquela sensa\u00e7\u00e3o de que fizemos uma descoberta secreta, uma joia escondida em plena cidade de M\u00e9rida.<\/p>\n<h2>A Revolu\u00e7\u00e3o do Interior<\/h2>\n<h3>Transforma\u00e7\u00e3o Com Estilo<\/h3>\n<figure style=\"width: 1024px\" class=\"wp-caption aligncenter\"><img decoding=\"async\" src=\"https:\/\/www.aarquiteta.com.br\/blog\/wp-content\/uploads\/2024\/09\/casa-com-fachada-simples-tem-interior-surpreendente01.jpg\" alt=\"As apar\u00eancias enganam: casa com visual simples tem interior surpreendente\" width=\"1024\" height=\"1024\" title=\"\"><figcaption class=\"wp-caption-text\">As apar\u00eancias enganam: casa com visual simples tem interior surpreendente<\/figcaption><\/figure>\n<p>Projectada por duas mentes brilhantes, Francisco Bern\u00e9s e Fabi\u00e1n Guti\u00e9rrez, a Casa Lorena \u00e9 um <b>exemplo not\u00e1vel<\/b> de transforma\u00e7\u00e3o. Eles misturaram a mem\u00f3ria arquitet\u00f4nica da casa, que remete ao in\u00edcio do s\u00e9culo XX, com toques contempor\u00e2neos, criando uma harmonia perfeita entre o antigo e o novo.<\/p>\n<h3>Cores Que Falam<\/h3>\n<figure style=\"width: 1024px\" class=\"wp-caption aligncenter\"><img decoding=\"async\" src=\"https:\/\/www.aarquiteta.com.br\/blog\/wp-content\/uploads\/2024\/09\/casa-com-fachada-simples-surpreende-000.jpg\" alt=\"Casa com fachada simples, mas com um interior incr\u00edvel.\" title=\"\"><figcaption class=\"wp-caption-text\">Casa com fachada simples, mas com um interior incr\u00edvel.<\/figcaption><\/figure>\n<p>Logo ao entrar, as paredes internas em tom de rosa suave sussurram hist\u00f3rias do passado, enquanto os acabamentos modernos na cozinha, como a ilha central em quartzo branco, gritam inova\u00e7\u00e3o. \u00c9 uma sinfonia de <b>estilos<\/b> que torna o ambiente singular e acolhedor.<\/p>\n<h2>Integrando Espa\u00e7os com Eleg\u00e2ncia<\/h2>\n<h3>A Magia das Portas de Vidro<\/h3>\n<figure style=\"width: 1024px\" class=\"wp-caption aligncenter\"><img decoding=\"async\" src=\"https:\/\/www.aarquiteta.com.br\/blog\/wp-content\/uploads\/2024\/09\/casa-com-fachada-simples-tem-interior-surpreendente02.jpg\" alt=\"As apar\u00eancias enganam: casa com visual simples tem interior surpreendente\" width=\"1024\" height=\"1024\" title=\"\"><figcaption class=\"wp-caption-text\">As apar\u00eancias enganam: casa com visual simples tem interior surpreendente<\/figcaption><\/figure>\n<p>As enormes portas de vidro fazem mais do que apenas iluminar; elas quebram barreiras entre o interior da casa e o jardim, permitindo que a luz natural e a brisa fresca circulem livremente. \u00c9 como se a casa <b>respirasse<\/b>, convidando a natureza para fazer parte do cotidiano.<\/p>\n<h2>O P\u00e1tio Interno: Um Ref\u00fagio Tropical<\/h2>\n<h3>O Cora\u00e7\u00e3o da Casa<\/h3>\n<figure style=\"width: 1024px\" class=\"wp-caption aligncenter\"><img decoding=\"async\" src=\"https:\/\/www.aarquiteta.com.br\/blog\/wp-content\/uploads\/2024\/09\/casa-com-fachada-simples-surpreende-1jpeg-730x913.jpg\" alt=\"Foto de casa com fachada simples surpreende 1jpeg - 1.\" title=\"\"><figcaption class=\"wp-caption-text\">Foto de casa com fachada simples surpreende 1jpeg &#8211; 1.<\/figcaption><\/figure>\n<p>No centro dessa magia, encontramos um p\u00e1tio tropical que \u00e9 como um abra\u00e7o caloroso em um dia quente. Com uma pequena piscina e uma vegeta\u00e7\u00e3o exuberante, ele se destaca como um <b>espa\u00e7o privado<\/b> onde a tranquilidade reina e a vida flui com leveza, esquecendo-se por um instante das agita\u00e7\u00f5es urbanas.<\/p>\n<h2>Elementos de Design que Encantam<\/h2>\n<h3>Azulejos: Cores e Cultura<\/h3>\n<figure style=\"width: 1024px\" class=\"wp-caption aligncenter\"><img decoding=\"async\" src=\"https:\/\/www.aarquiteta.com.br\/blog\/wp-content\/uploads\/2024\/09\/casa-com-fachada-simples-tem-interior-surpreendente03.jpg\" alt=\"As apar\u00eancias enganam: casa com visual simples tem interior surpreendente\" width=\"1024\" height=\"1024\" title=\"\"><figcaption class=\"wp-caption-text\">As apar\u00eancias enganam: casa com visual simples tem interior surpreendente<\/figcaption><\/figure>\n<p>Ah, os <b>azulejos azuis!<\/b> Eles n\u00e3o est\u00e3o l\u00e1 apenas para enfeitar. Representam a rica cultura local e trazem autenticidade ao ambiente, fazendo a conex\u00e3o entre o presente e as tradi\u00e7\u00f5es do passado. \u00c9 um detalhe que encanta e que pode facilmente passar despercebido se n\u00e3o olharmos com aten\u00e7\u00e3o.<\/p>\n<h3>Texturas Que Falam por Si Mesmas<\/h3>\n<figure style=\"width: 1024px\" class=\"wp-caption aligncenter\"><img decoding=\"async\" src=\"https:\/\/www.aarquiteta.com.br\/blog\/wp-content\/uploads\/2024\/09\/Casa-em-favela-000-286x160.jpg\" alt=\"Casa em favela concorre a pr\u00eamio mundial de arquitetura.\" title=\"\"><figcaption class=\"wp-caption-text\">Casa em favela concorre a pr\u00eamio mundial de arquitetura.<\/figcaption><\/figure>\n<p>A escolha de deixar a alvenaria exposta nas paredes externas proporciona uma textura crua que contrasta com o refinamento dos interiores. Ao redor, as texturas se misturam como uma conversa entre o r\u00fastico e o sofisticado, enriquecendo nossa experi\u00eancia visual. Assim, cada canto da casa conta sua pr\u00f3pria hist\u00f3ria.<\/p>\n<h2>Dicas Para Reformas Inspiradas na Casa Lorena<\/h2>\n<h3>Como Transformar Espa\u00e7os Simples<\/h3>\n<figure style=\"width: 1024px\" class=\"wp-caption aligncenter\"><img decoding=\"async\" src=\"https:\/\/www.aarquiteta.com.br\/blog\/wp-content\/uploads\/2024\/09\/casa-com-fachada-simples-tem-interior-surpreendente4.jpg\" alt=\"As apar\u00eancias enganam: casa com visual simples tem interior surpreendente\" width=\"1024\" height=\"1024\" title=\"\"><figcaption class=\"wp-caption-text\">As apar\u00eancias enganam: casa com visual simples tem interior surpreendente<\/figcaption><\/figure>\n<p>Um ponto alto da Casa Lorena \u00e9 a prova viva de que a criatividade e o bom gosto podem transformar espa\u00e7os simples em verdadeiras obras de arte. Para quem est\u00e1 pensando em reformar, algumas dicas podem ajudar a maximizar o potencial de uma casa mais modesta:<\/p>\n<ul>\n<li><b>Pense na funcionalidade:<\/b> Use m\u00f3veis multifuncionais para economizar espa\u00e7o.<\/li>\n<li><b>Combine estilos:<\/b> N\u00e3o tenha medo de misturar o moderno com o vintage.<\/li>\n<li><b>Cores s\u00e3o suas amigas:<\/b> Escolha paletas de cores que transmitam a sensa\u00e7\u00e3o que voc\u00ea deseja.<\/li>\n<li><b>Invista em ilumina\u00e7\u00e3o:<\/b> A luz natural \u00e9 sempre a melhor aliada.<\/li>\n<\/ul>\n<h2>Conclus\u00e3o<\/h2>\n<p>Ao final das contas, <b>Casa Lorena<\/b> \u00e9 um <b>exemplo impressionante<\/b> de que as apar\u00eancias realmente podem enganar. Com seu exterior simples, ela nos ensina que a verdadeira beleza e o potencial de uma resid\u00eancia v\u00e3o muito al\u00e9m do que os olhos podem ver \u00e0 primeira vista. Reformas bem pensadas n\u00e3o apenas revitalizam um espa\u00e7o, mas tamb\u00e9m podem torn\u00e1-lo um lar cheio de vida e hist\u00f3rias.<\/p>\n<p><\/body><br \/>\n<figure style=\"width: 1024px\" class=\"wp-caption aligncenter\"><img decoding=\"async\" src=\"https:\/\/www.aarquiteta.com.br\/blog\/wp-content\/uploads\/2024\/09\/kaza-roots-1-286x160.webp\" alt=\"Casa r\u00fastica e aconchegante para uma fam\u00edlia que vive no campo.\" title=\"\"><figcaption class=\"wp-caption-text\">Casa r\u00fastica e aconchegante para uma fam\u00edlia que vive no campo.<\/figcaption><\/figure>\n<p><iframe title=\"YouTube video player\" src=\"https:\/\/www.youtube.com\/embed\/bFUIHMB6bVU\" width=\"560\" height=\"315\" frameborder=\"0\" allowfullscreen=\"allowfullscreen\"><\/iframe><\/p>\n<figure style=\"width: 1024px\" class=\"wp-caption aligncenter\"><img decoding=\"async\" src=\"https:\/\/www.aarquiteta.com.br\/blog\/wp-content\/uploads\/2024\/09\/casa-de-praia-00-286x160.jpg\" alt=\"Casa de praia: projetos para criar seu pr\u00f3prio ref\u00fagio.\" title=\"\"><figcaption class=\"wp-caption-text\">Casa de praia: projetos para criar seu pr\u00f3prio ref\u00fagio.<\/figcaption><\/figure>\n<figure style=\"width: 1024px\" class=\"wp-caption aligncenter\"><img decoding=\"async\" src=\"https:\/\/www.aarquiteta.com.br\/blog\/wp-content\/uploads\/2024\/09\/casa-com-fachada-simples-surpreende-2-730x730.jpg\" alt=\"Foto de casa com fachada simples surpreende 2 - 5.\" title=\"\"><figcaption class=\"wp-caption-text\">Foto de casa com fachada simples surpreende 2 &#8211; 5.<\/figcaption><\/figure>\n","protected":false},"excerpt":{"rendered":"<p>Descubra como uma casa com fachada simples revela um interior surpreendente e sofisticado, combinando hist\u00f3ria e modernidade.<\/p>\n","protected":false},"author":102,"featured_media":128184,"comment_status":"closed","ping_status":"closed","sticky":false,"template":"","format":"standard","meta":{"footnotes":""},"categories":[1507,249],"tags":[],"class_list":["post-128191","post","type-post","status-publish","format-standard","has-post-thumbnail","category-arquitetura","category-engenharia-e-construcao-civil"],"_wp_attached_file":null,"_wp_attachment_metadata":null,"_wp_attachment_context":null,"_wp_attachment_is_custom_header":null,"geo_longitude":null,"geo_public":null,"geo_latitude":null,"_publicize_done_external":null,"_wpas_done_3897181":null,"publicize_twitter_user":null,"_wpas_done_3897175":null,"_wpas_skip_3897181":null,"_wpas_skip_3897175":null,"_wpas_skip_3924723":null,"_wpas_mess":null,"_wpas_done_3924723":null,"wps_subtitle":"","_links":{"self":[{"href":"https:\/\/www.aarquiteta.com.br\/blog\/wp-json\/wp\/v2\/posts\/128191","targetHints":{"allow":["GET"]}}],"collection":[{"href":"https:\/\/www.aarquiteta.com.br\/blog\/wp-json\/wp\/v2\/posts"}],"about":[{"href":"https:\/\/www.aarquiteta.com.br\/blog\/wp-json\/wp\/v2\/types\/post"}],"author":[{"embeddable":true,"href":"https:\/\/www.aarquiteta.com.br\/blog\/wp-json\/wp\/v2\/users\/102"}],"replies":[{"embeddable":true,"href":"https:\/\/www.aarquiteta.com.br\/blog\/wp-json\/wp\/v2\/comments?post=128191"}],"version-history":[{"count":0,"href":"https:\/\/www.aarquiteta.com.br\/blog\/wp-json\/wp\/v2\/posts\/128191\/revisions"}],"wp:featuredmedia":[{"embeddable":true,"href":"https:\/\/www.aarquiteta.com.br\/blog\/wp-json\/wp\/v2\/media\/128184"}],"wp:attachment":[{"href":"https:\/\/www.aarquiteta.com.br\/blog\/wp-json\/wp\/v2\/media?parent=128191"}],"wp:term":[{"taxonomy":"category","embeddable":true,"href":"https:\/\/www.aarquiteta.com.br\/blog\/wp-json\/wp\/v2\/categories?post=128191"},{"taxonomy":"post_tag","embeddable":true,"href":"https:\/\/www.aarquiteta.com.br\/blog\/wp-json\/wp\/v2\/tags?post=128191"}],"curies":[{"name":"wp","href":"https:\/\/api.w.org\/{rel}","templated":true}]}}