{"id":128131,"date":"2024-09-10T10:40:22","date_gmt":"2024-09-10T13:40:22","guid":{"rendered":"https:\/\/www.aarquiteta.com.br\/blog\/minimalismo\/"},"modified":"2024-09-10T10:40:22","modified_gmt":"2024-09-10T13:40:22","slug":"minimalismo","status":"publish","type":"post","link":"https:\/\/www.aarquiteta.com.br\/blog\/minimalismo\/","title":{"rendered":"Minimalismo: conceito, estilo de vida e est\u00e9tica"},"content":{"rendered":"<p>&#8220;`html<br \/>\n<body><\/p>\n<p>Minimalismo \u00e9 um conceito que transcende a simples est\u00e9tica e penetra na filosofia de vida, valorizando a simplicidade e criatividade. Neste artigo, vamos entender sua ess\u00eancia, origens e como integr\u00e1-lo de forma pr\u00e1tica em nossos lares, tudo enquanto exploramos os impactos desse estilo no cotidiano e sua relev\u00e2ncia no mundo moderno.<\/p>\n<h2>Introdu\u00e7\u00e3o ao Minimalismo<\/h2>\n<p>Quando falo de <b>minimalismo<\/b>, n\u00e3o estou apenas me referindo a ambientes com poucos m\u00f3veis ou cores neutras. Para mim, \u00e9 uma <b>maneira de viver<\/b> que nos incita a valorizar o que realmente importa. \u00c9 quase como respirar fundo e deixar o excesso de lado.<\/p>\n<h2>O que \u00e9 Minimalismo?<\/h2>\n<h3>Defini\u00e7\u00e3o e Escopo<\/h3>\n<p>Minimalismo \u00e9 um estilo que emana do desejo de simplificar. Ao adotar o lema <b>\u201cmenos \u00e9 mais\u201d<\/b>, trago \u00e0 tona a import\u00e2ncia de cada elemento. Ele se aplica n\u00e3o apenas \u00e0 arquitetura, mas a v\u00e1rias \u00e1reas, desde o design at\u00e9 o nosso cotidiano.<\/p>\n<h3>Minimalismo nas Artes e Design<\/h3>\n<figure style=\"width: 1024px\" class=\"wp-caption aligncenter\"><img decoding=\"async\" src=\"https:\/\/www.aarquiteta.com.br\/blog\/wp-content\/uploads\/2024\/09\/minimalismo01.jpg\" alt=\"Minimalismo: conceito, estilo de vida e est\u00e9tica\" width=\"1024\" height=\"1024\" title=\"\"><figcaption class=\"wp-caption-text\">Minimalismo: conceito, estilo de vida e est\u00e9tica<\/figcaption><\/figure>\n<p>Na arte e no design, essa filosofia se revela na escolha de formas simples e cores ambientais. A ideia \u00e9 criar um espa\u00e7o que fortale\u00e7a a aprecia\u00e7\u00e3o do que est\u00e1 em foco. \u00c9 como olhar para um <b>quadro vazio<\/b> e deixar sua imagina\u00e7\u00e3o preencher cada canto.<\/p>\n<h2>Origem do Minimalismo<\/h2>\n<h3>A Influ\u00eancia da Bauhaus e Modernismo<\/h3>\n<figure style=\"width: 1024px\" class=\"wp-caption aligncenter\"><img decoding=\"async\" src=\"https:\/\/www.aarquiteta.com.br\/blog\/wp-content\/uploads\/2024\/09\/minimalismoabre-800x1200.jpg\" alt=\"Quarto de casal minimalista em tons de bege (Projeto: Traama Arquitetura e Design)\" title=\"\"><figcaption class=\"wp-caption-text\">Quarto de casal minimalista em tons de bege (Projeto: Traama Arquitetura e Design)<\/figcaption><\/figure>\n<p>A escola Bauhaus, a qual respeito profundamente, foi uma das respons\u00e1veis por dar vida ao minimalismo. Com suas linhas retas e sua \u00eanfase na funcionalidade, ela me mostrou que a arquitetura pode ser tanto bela quanto pr\u00e1tica.<\/p>\n<h3>A Consolida\u00e7\u00e3o do Movimento Minimalista<\/h3>\n<figure style=\"width: 1024px\" class=\"wp-caption aligncenter\"><img decoding=\"async\" src=\"https:\/\/www.aarquiteta.com.br\/blog\/wp-content\/uploads\/2024\/09\/minimalismo02.jpg\" alt=\"Minimalismo: conceito, estilo de vida e est\u00e9tica\" width=\"1024\" height=\"1024\" title=\"\"><figcaption class=\"wp-caption-text\">Minimalismo: conceito, estilo de vida e est\u00e9tica<\/figcaption><\/figure>\n<p>No p\u00f3s-guerra, o minimalismo ganhou for\u00e7a, refletindo um anseio por simplicidade em um mundo cheio de excessos. Ele se consolidou ao longo das d\u00e9cadas, mostrando que \u00e9 poss\u00edvel fazer muito com pouco.<\/p>\n<h2>Efeitos do Minimalismo no Mundo Contempor\u00e2neo<\/h2>\n<h3>Padroniza\u00e7\u00e3o e Desconex\u00e3o Cultural<\/h3>\n<figure style=\"width: 1024px\" class=\"wp-caption aligncenter\"><img decoding=\"async\" src=\"https:\/\/www.aarquiteta.com.br\/blog\/wp-content\/uploads\/2024\/09\/image-67-1200x901.jpg\" alt=\"Pr\u00e9dio da escola de design Bauhaus (Foto: PxHere)\" title=\"\"><figcaption class=\"wp-caption-text\">Pr\u00e9dio da escola de design Bauhaus (Foto: PxHere)<\/figcaption><\/figure>\n<p>Hoje, observamos que, embora o minimalismo ainda seja admirado, ele corre o risco de se tornar algo padronizado, muitas vezes <b>despersonalizado<\/b>. Essa \u00e9 uma grande preocupa\u00e7\u00e3o, j\u00e1 que o essencial deve sempre manter sua ess\u00eancia.<\/p>\n<h3>Impacto no Consumismo e Sustentabilidade<\/h3>\n<figure style=\"width: 1024px\" class=\"wp-caption aligncenter\"><img decoding=\"async\" src=\"https:\/\/www.aarquiteta.com.br\/blog\/wp-content\/uploads\/2024\/09\/minimalismo03.jpg\" alt=\"Minimalismo: conceito, estilo de vida e est\u00e9tica\" width=\"1024\" height=\"1024\" title=\"\"><figcaption class=\"wp-caption-text\">Minimalismo: conceito, estilo de vida e est\u00e9tica<\/figcaption><\/figure>\n<p>O minimalismo se op\u00f5e ao consumismo desenfreado. Em tempos de excessos, ele nos encoraja a repensar nossas escolhas. Ao optar por <b>compras conscientes<\/b>, estamos alinhando nossos valores a pr\u00e1ticas sustent\u00e1veis.<\/p>\n<h2>Minimalismo como Estilo de Vida<\/h2>\n<h3>A Filosofia do Menos \u00e9 Mais<\/h3>\n<figure style=\"width: 1024px\" class=\"wp-caption aligncenter\"><img decoding=\"async\" src=\"https:\/\/www.aarquiteta.com.br\/blog\/wp-content\/uploads\/2024\/09\/minimalismoabre-800x1200.jpg\" alt=\"Ambiente minimalista com parede com revestimento em relevo, cabideiro, banquinho, rack, prateleiras e folhas de vidro (Projeto: Portobello)\" title=\"\"><figcaption class=\"wp-caption-text\">Ambiente minimalista com parede com revestimento em relevo, cabideiro, banquinho, rack, prateleiras e folhas de vidro (Projeto: Portobello)<\/figcaption><\/figure>\n<p>Adotar um estilo de vida minimalista \u00e9 como fazer uma detox no dia a dia. Ao nos cercarmos apenas com o que \u00e9 <b>genuinamente necess\u00e1rio<\/b>, permitimos que a paz e a clareza prevale\u00e7am.<\/p>\n<h3>Pr\u00e1ticas de Desapego e Organiza\u00e7\u00e3o<\/h3>\n<figure style=\"width: 1024px\" class=\"wp-caption aligncenter\"><img decoding=\"async\" src=\"https:\/\/www.aarquiteta.com.br\/blog\/wp-content\/uploads\/2024\/09\/minimalismo4.jpg\" alt=\"Minimalismo: conceito, estilo de vida e est\u00e9tica\" width=\"1024\" height=\"1024\" title=\"\"><figcaption class=\"wp-caption-text\">Minimalismo: conceito, estilo de vida e est\u00e9tica<\/figcaption><\/figure>\n<p>Uma \u00f3tima pr\u00e1tica \u00e9 a do desapego. Quando olho para meus espa\u00e7os, busco o que n\u00e3o me serve mais, o que est\u00e1 apenas ocupando um lugar. Arrumar n\u00e3o \u00e9 s\u00f3 sobre limpeza; \u00e9 sobre criar um espa\u00e7o que ilumine nossas almas.<\/p>\n<h2>Est\u00e9tica Minimalista<\/h2>\n<h3>Estilos Relacionados: Wabi-Sabi e Escandinavo<\/h3>\n<figure style=\"width: 1024px\" class=\"wp-caption aligncenter\"><img decoding=\"async\" src=\"https:\/\/www.aarquiteta.com.br\/blog\/wp-content\/uploads\/2024\/09\/image-66-800x1200.jpg\" alt=\"Detalhe de ambiente em estilo minimalista, em tons neutros e claros (Projeto: Traama Arquitetura e Design)\" title=\"\"><figcaption class=\"wp-caption-text\">Detalhe de ambiente em estilo minimalista, em tons neutros e claros (Projeto: Traama Arquitetura e Design)<\/figcaption><\/figure>\n<p>O minimalismo n\u00e3o est\u00e1 sozinho; ele dialoga com o Wabi-Sabi, que aceita a beleza da imperfei\u00e7\u00e3o. A est\u00e9tica escandinava, por sua vez, tamb\u00e9m combina com essa simplicidade, mostrando que o natural \u00e9 o novo chique.<\/p>\n<h3>Novas Tend\u00eancias: Novo Minimalismo e Hide or Slide<\/h3>\n<h3>Para se aprofundar mais sobre o tema, veja a minha recomenda\u00e7\u00e3o sobre o tema deste artigo no v\u00eddeo a seguir abaixo:<\/h3>\n<p><iframe title=\"YouTube video player\" src=\"https:\/\/www.youtube.com\/embed\/llOSTT_-NuI\" width=\"560\" height=\"315\" frameborder=\"0\" allowfullscreen=\"allowfullscreen\"><\/iframe><\/p>\n<p>O Novo Minimalismo \u00e9 uma reinven\u00e7\u00e3o dessa filosofia, unindo design e tecnologia. A abordagem <b>Hide or Slide<\/b> traz solu\u00e7\u00f5es inteligentes de armazenamento, permitindo que espa\u00e7os pequenos pare\u00e7am amplos e confort\u00e1veis.<\/p>\n<h2>Como Implementar o Minimalismo na Decora\u00e7\u00e3o?<\/h2>\n<h3>Princ\u00edpios Fundamentais da Decora\u00e7\u00e3o Minimalista<\/h3>\n<figure style=\"width: 1024px\" class=\"wp-caption aligncenter\"><img decoding=\"async\" src=\"https:\/\/www.aarquiteta.com.br\/blog\/wp-content\/uploads\/2024\/09\/image-70-1200x798.jpg\" alt=\"Fachada minimalista, com cores neutras e linhas retas (Projeto: NEBR arquitetura)\" title=\"\"><figcaption class=\"wp-caption-text\">Fachada minimalista, com cores neutras e linhas retas (Projeto: NEBR arquitetura)<\/figcaption><\/figure>\n<p>Para realmente fingir um lar minimalista, \u00e9 preciso abra\u00e7ar princ\u00edpios fundamentais: quanto mais simples, melhor. Cada objeto deve trazer significado \u00e0 sua vida, como um bom vinho que se revela na ta\u00e7a ao nosso lado.<\/p>\n<h3>Dicas Pr\u00e1ticas para um Ambiente Minimalista<\/h3>\n<figure style=\"width: 1024px\" class=\"wp-caption aligncenter\"><img decoding=\"async\" src=\"https:\/\/www.aarquiteta.com.br\/blog\/wp-content\/uploads\/2024\/09\/image-72-800x1200.jpg\" alt=\"Cozinha, sala de jantar e sala de TV integradas, em estilo moderno e minimalista (Projeto: OSA - Osvaldo Segundo Arquitetos)\" title=\"\"><figcaption class=\"wp-caption-text\">Cozinha, sala de jantar e sala de TV integradas, em estilo moderno e minimalista (Projeto: OSA &#8211; Osvaldo Segundo Arquitetos)<\/figcaption><\/figure>\n<p>Considere usar cores em paletas neutras e po\u00e9ticas, explore franqueza na escolha do mobili\u00e1rio e valore a <b>ilumina\u00e7\u00e3o natural<\/b>. Ao inv\u00e9s de encher o espa\u00e7o, \u00e9 hora de soltar as correntes do excessivo e deixar entrar o ar fresco da liberdade.<\/p>\n<h2>Conclus\u00e3o<\/h2>\n<p><b>O minimalismo<\/b> \u00e9 um convite \u00e0 introspec\u00e7\u00e3o e \u00e0 busca do que realmente importa. Com um pouco de esfor\u00e7o e dedica\u00e7\u00e3o, \u00e9 poss\u00edvel criar um lar que n\u00e3o apenas abriga, mas que ressoa com quem somos e com o que valorizamos na vida.<\/p>\n<p><\/body><br \/>\n&#8220;`<\/p>\n","protected":false},"excerpt":{"rendered":"<p>Descubra o minimalismo: suas origens, caracter\u00edsticas e como aplic\u00e1-lo na decora\u00e7\u00e3o e no estilo de vida.<\/p>\n","protected":false},"author":102,"featured_media":128120,"comment_status":"closed","ping_status":"closed","sticky":false,"template":"","format":"standard","meta":{"footnotes":""},"categories":[1507],"tags":[],"class_list":["post-128131","post","type-post","status-publish","format-standard","has-post-thumbnail","category-arquitetura"],"_wp_attached_file":null,"_wp_attachment_metadata":null,"_wp_attachment_context":null,"_wp_attachment_is_custom_header":null,"geo_longitude":null,"geo_public":null,"geo_latitude":null,"_publicize_done_external":null,"_wpas_done_3897181":null,"publicize_twitter_user":null,"_wpas_done_3897175":null,"_wpas_skip_3897181":null,"_wpas_skip_3897175":null,"_wpas_skip_3924723":null,"_wpas_mess":null,"_wpas_done_3924723":null,"wps_subtitle":"","_links":{"self":[{"href":"https:\/\/www.aarquiteta.com.br\/blog\/wp-json\/wp\/v2\/posts\/128131","targetHints":{"allow":["GET"]}}],"collection":[{"href":"https:\/\/www.aarquiteta.com.br\/blog\/wp-json\/wp\/v2\/posts"}],"about":[{"href":"https:\/\/www.aarquiteta.com.br\/blog\/wp-json\/wp\/v2\/types\/post"}],"author":[{"embeddable":true,"href":"https:\/\/www.aarquiteta.com.br\/blog\/wp-json\/wp\/v2\/users\/102"}],"replies":[{"embeddable":true,"href":"https:\/\/www.aarquiteta.com.br\/blog\/wp-json\/wp\/v2\/comments?post=128131"}],"version-history":[{"count":0,"href":"https:\/\/www.aarquiteta.com.br\/blog\/wp-json\/wp\/v2\/posts\/128131\/revisions"}],"wp:featuredmedia":[{"embeddable":true,"href":"https:\/\/www.aarquiteta.com.br\/blog\/wp-json\/wp\/v2\/media\/128120"}],"wp:attachment":[{"href":"https:\/\/www.aarquiteta.com.br\/blog\/wp-json\/wp\/v2\/media?parent=128131"}],"wp:term":[{"taxonomy":"category","embeddable":true,"href":"https:\/\/www.aarquiteta.com.br\/blog\/wp-json\/wp\/v2\/categories?post=128131"},{"taxonomy":"post_tag","embeddable":true,"href":"https:\/\/www.aarquiteta.com.br\/blog\/wp-json\/wp\/v2\/tags?post=128131"}],"curies":[{"name":"wp","href":"https:\/\/api.w.org\/{rel}","templated":true}]}}