{"id":128065,"date":"2024-09-09T18:39:27","date_gmt":"2024-09-09T21:39:27","guid":{"rendered":"https:\/\/www.aarquiteta.com.br\/blog\/decoracao-de-corredores-como-aproveitar-cada-centimetro-com-estilo\/"},"modified":"2024-09-09T18:39:27","modified_gmt":"2024-09-09T21:39:27","slug":"decoracao-de-corredores-como-aproveitar-cada-centimetro-com-estilo","status":"publish","type":"post","link":"https:\/\/www.aarquiteta.com.br\/blog\/decoracao-de-corredores-como-aproveitar-cada-centimetro-com-estilo\/","title":{"rendered":"Decora\u00e7\u00e3o de Corredores: Como Aproveitar Cada Cent\u00edmetro com Estilo"},"content":{"rendered":"<p>&#8220;`html<br \/>\n<body><\/p>\n<p>Descubra como transformar corredores em espa\u00e7os funcionais e estilizados, aproveitando cada cent\u00edmetro com dicas pr\u00e1ticas e criativas de decora\u00e7\u00e3o.<\/p>\n<h2>Destaques principais<\/h2>\n<ul>\n<li><b>A Import\u00e2ncia da Decora\u00e7\u00e3o de Corredores:<\/b> Entenda como a decora\u00e7\u00e3o pode transformar um espa\u00e7o muitas vezes negligenciado em uma extens\u00e3o da sua casa.<\/li>\n<li><b>Escolhendo a Paleta de Cores Ideal:<\/b> Aprenda a selecionar cores que ampliam ou criam atmosfera, dependendo do efeito desejado.<\/li>\n<li><b>Ilumina\u00e7\u00e3o Estrat\u00e9gica:<\/b> Descubra como a ilumina\u00e7\u00e3o pode real\u00e7ar a beleza do corredor e torn\u00e1-lo mais acolhedor.<\/li>\n<\/ul>\n<h2>1. A Import\u00e2ncia da Decora\u00e7\u00e3o de Corredores<\/h2>\n<p>Corredores s\u00e3o frequentemente vistos como meros espa\u00e7os de passagem, mas <b>podem ser muito mais<\/b>. Ao investir na decora\u00e7\u00e3o desses ambientes, voc\u00ea n\u00e3o s\u00f3 melhora a est\u00e9tica da sua casa, mas tamb\u00e9m cria um espa\u00e7o que reflete sua personalidade. Um corredor bem decorado pode se tornar um <b>ponto focal<\/b> que surpreende e encanta quem passa por ali.<\/p>\n<h2>2. Escolhendo a Paleta de Cores Ideal<\/h2>\n<p>A escolha das cores \u00e9 fundamental para a decora\u00e7\u00e3o de qualquer ambiente, e os corredores n\u00e3o s\u00e3o exce\u00e7\u00e3o. A paleta de cores pode influenciar a percep\u00e7\u00e3o de espa\u00e7o e a atmosfera do local.<\/p>\n<h3>2.1 Cores Claras para Ampliar o Espa\u00e7o<\/h3>\n<figure style=\"width: 1024px\" class=\"wp-caption aligncenter\"><img decoding=\"async\" src=\"https:\/\/www.aarquiteta.com.br\/blog\/wp-content\/uploads\/2024\/09\/Decoracao-de-Corredores-Como-Aproveitar-Cada-Centimetro-com-Estilo04.jpg\" alt=\"Decora\u00e7\u00e3o de Corredores: Como Aproveitar Cada Cent\u00edmetro com Estilo\" width=\"1024\" height=\"1024\" title=\"\"><figcaption class=\"wp-caption-text\">Decora\u00e7\u00e3o de Corredores: Como Aproveitar Cada Cent\u00edmetro com Estilo<\/figcaption><\/figure>\n<p>Se o seu corredor \u00e9 pequeno, <b>cores claras<\/b> como branco, bege ou tons past\u00e9is podem ajudar a criar uma sensa\u00e7\u00e3o de amplitude. Essas cores refletem a luz e fazem o espa\u00e7o parecer mais aberto e arejado.<\/p>\n<h3>2.2 Cores Escuras para Criar Atmosfera<\/h3>\n<figure style=\"width: 1024px\" class=\"wp-caption aligncenter\"><img decoding=\"async\" src=\"https:\/\/www.aarquiteta.com.br\/blog\/wp-content\/uploads\/2024\/09\/Decoracao-de-Corredores-Como-Aproveitar-Cada-Centimetro-com-Estilo03.jpg\" alt=\"Decora\u00e7\u00e3o de Corredores: Como Aproveitar Cada Cent\u00edmetro com Estilo\" width=\"1024\" height=\"1024\" title=\"\"><figcaption class=\"wp-caption-text\">Decora\u00e7\u00e3o de Corredores: Como Aproveitar Cada Cent\u00edmetro com Estilo<\/figcaption><\/figure>\n<p>Por outro lado, se voc\u00ea deseja um ambiente mais aconchegante e intimista, <b>cores escuras<\/b> como azul marinho ou cinza profundo podem ser a escolha perfeita. Elas adicionam profundidade e um toque de sofistica\u00e7\u00e3o ao espa\u00e7o.<\/p>\n<h2>3. Ilumina\u00e7\u00e3o: O Toque Final<\/h2>\n<p>A ilumina\u00e7\u00e3o \u00e9 um dos elementos mais importantes na decora\u00e7\u00e3o de corredores. Uma boa ilumina\u00e7\u00e3o pode transformar completamente a percep\u00e7\u00e3o do espa\u00e7o.<\/p>\n<h3>3.1 Lumin\u00e1rias de Teto e Paredes<\/h3>\n<figure style=\"width: 1024px\" class=\"wp-caption aligncenter\"><img decoding=\"async\" src=\"https:\/\/www.aarquiteta.com.br\/blog\/wp-content\/uploads\/2024\/09\/Decoracao-de-Corredores-Como-Aproveitar-Cada-Centimetro-com-Estilo02.jpg\" alt=\"Decora\u00e7\u00e3o de Corredores: Como Aproveitar Cada Cent\u00edmetro com Estilo\" width=\"1024\" height=\"1024\" title=\"\"><figcaption class=\"wp-caption-text\">Decora\u00e7\u00e3o de Corredores: Como Aproveitar Cada Cent\u00edmetro com Estilo<\/figcaption><\/figure>\n<p>As <b>lumin\u00e1rias de teto<\/b> s\u00e3o essenciais para garantir que o corredor esteja bem iluminado. Opte por modelos que se integrem ao estilo da sua decora\u00e7\u00e3o, seja moderno ou cl\u00e1ssico.<\/p>\n<h3>3.2 Ilumina\u00e7\u00e3o Embutida<\/h3>\n<figure style=\"width: 1024px\" class=\"wp-caption aligncenter\"><img decoding=\"async\" src=\"https:\/\/www.aarquiteta.com.br\/blog\/wp-content\/uploads\/2024\/09\/Decoracao-de-Corredores-Como-Aproveitar-Cada-Centimetro-com-Estilo01.jpg\" alt=\"Decora\u00e7\u00e3o de Corredores: Como Aproveitar Cada Cent\u00edmetro com Estilo\" width=\"1024\" height=\"1024\" title=\"\"><figcaption class=\"wp-caption-text\">Decora\u00e7\u00e3o de Corredores: Como Aproveitar Cada Cent\u00edmetro com Estilo<\/figcaption><\/figure>\n<p>A <b>ilumina\u00e7\u00e3o embutida<\/b> \u00e9 uma excelente op\u00e7\u00e3o para corredores, pois proporciona uma luz suave e uniforme, sem ocupar espa\u00e7o. Al\u00e9m disso, pode ser utilizada para destacar elementos decorativos.<\/p>\n<h2>4. Mobili\u00e1rio Funcional e Estiloso<\/h2>\n<p>O mobili\u00e1rio em corredores deve ser escolhido com cuidado, pois deve ser funcional e ao mesmo tempo estiloso.<\/p>\n<h3>4.1 Prateleiras e Estantes<\/h3>\n<p>As <b>prateleiras<\/b> s\u00e3o uma \u00f3tima maneira de aproveitar o espa\u00e7o vertical. Elas podem ser usadas para exibir livros, plantas ou objetos decorativos, adicionando personalidade ao corredor.<\/p>\n<h3>4.2 Bancos e Mesas de Apoio<\/h3>\n<h3>Assista agora a minha recomenda\u00e7\u00e3o de video abaixo sobre o tema que estamos tratando neste artigo: <\/h3>\n<p><div class=\"youtube-embed\" data-video_id=\"Glx8FowUsLc\"><iframe title=\"12 DICAS R\u00c1PIDAS PARA DECORAR CORREDOR | #DicaDaP\u00e2\" width=\"696\" height=\"392\" src=\"https:\/\/www.youtube.com\/embed\/Glx8FowUsLc?feature=oembed&#038;enablejsapi=1\" frameborder=\"0\" allow=\"accelerometer; autoplay; clipboard-write; encrypted-media; gyroscope; picture-in-picture; web-share\" referrerpolicy=\"strict-origin-when-cross-origin\" allowfullscreen><\/iframe><\/div>\n<\/p>\n<p>Um <b>banco<\/b> ou uma mesa de apoio pode ser uma adi\u00e7\u00e3o pr\u00e1tica e elegante. Esses m\u00f3veis oferecem um lugar para sentar ou deixar itens como chaves e correspond\u00eancias.<\/p>\n<h2>5. Elementos Decorativos que Fazem a Diferen\u00e7a<\/h2>\n<p>Os detalhes decorativos s\u00e3o o que realmente traz vida a um corredor. Eles podem transformar um espa\u00e7o simples em algo especial.<\/p>\n<h3>5.1 Quadros e Fotografias<\/h3>\n<p>Adicionar <b>quadros<\/b> ou fotografias nas paredes \u00e9 uma maneira eficaz de personalizar o corredor. Escolha molduras que combinem com a decora\u00e7\u00e3o e crie uma galeria que conte sua hist\u00f3ria.<\/p>\n<h3>5.2 Plantas e Vasos<\/h3>\n<p>As <b>plantas<\/b> trazem frescor e vida ao ambiente. Vasos com plantas de diferentes tamanhos podem ser dispostos ao longo do corredor, criando um efeito visual interessante.<\/p>\n<h2>6. Dicas de Organiza\u00e7\u00e3o para Corredores Pequenos<\/h2>\n<p>Corredores pequenos podem ser desafiadores, mas com algumas dicas de organiza\u00e7\u00e3o, \u00e9 poss\u00edvel maximizar o espa\u00e7o.<\/p>\n<h3>6.1 Uso de Espelhos<\/h3>\n<p>Os <b>espelhos<\/b> s\u00e3o aliados poderosos na decora\u00e7\u00e3o de corredores pequenos. Eles criam a ilus\u00e3o de profundidade e ampliam a luz, fazendo o espa\u00e7o parecer maior.<\/p>\n<h3>6.2 Armazenamento Vertical<\/h3>\n<p>Utilizar <b>armazenamento vertical<\/b> \u00e9 uma excelente estrat\u00e9gia. Prateleiras altas e ganchos nas paredes ajudam a manter o corredor organizado sem ocupar muito espa\u00e7o.<\/p>\n<h2>Conclus\u00e3o: Transformando Corredores em Espa\u00e7os \u00danicos<\/h2>\n<p>Transformar corredores em espa\u00e7os funcionais e estilizados \u00e9 uma tarefa que requer planejamento e criatividade. Ao considerar a paleta de cores, a ilumina\u00e7\u00e3o, o mobili\u00e1rio e os elementos decorativos, voc\u00ea pode criar um ambiente que n\u00e3o s\u00f3 \u00e9 pr\u00e1tico, mas tamb\u00e9m reflete sua personalidade. Lembre-se, cada corredor tem potencial para ser um espa\u00e7o \u00fanico e encantador. Ent\u00e3o, que tal come\u00e7ar a transforma\u00e7\u00e3o hoje mesmo?<\/p>\n<p><\/body><br \/>\n&#8220;`<\/p>\n","protected":false},"excerpt":{"rendered":"<p>Saiba como transformar corredores de passagem em espa\u00e7os \u00fateis e estilosos, com prateleiras, quadros e ilumina\u00e7\u00e3o estrat\u00e9gica.<\/p>\n","protected":false},"author":102,"featured_media":128062,"comment_status":"closed","ping_status":"closed","sticky":false,"template":"","format":"standard","meta":{"footnotes":""},"categories":[1484,971,18792,18794],"tags":[],"class_list":["post-128065","post","type-post","status-publish","format-standard","has-post-thumbnail","category-decoracao","category-design-de-interiores","category-decoracao-de-apartamento","category-projetos-de-decoracao-de-casas"],"_wp_attached_file":null,"_wp_attachment_metadata":null,"_wp_attachment_context":null,"_wp_attachment_is_custom_header":null,"geo_longitude":null,"geo_public":null,"geo_latitude":null,"_publicize_done_external":null,"_wpas_done_3897181":null,"publicize_twitter_user":null,"_wpas_done_3897175":null,"_wpas_skip_3897181":null,"_wpas_skip_3897175":null,"_wpas_skip_3924723":null,"_wpas_mess":null,"_wpas_done_3924723":null,"wps_subtitle":"","_links":{"self":[{"href":"https:\/\/www.aarquiteta.com.br\/blog\/wp-json\/wp\/v2\/posts\/128065","targetHints":{"allow":["GET"]}}],"collection":[{"href":"https:\/\/www.aarquiteta.com.br\/blog\/wp-json\/wp\/v2\/posts"}],"about":[{"href":"https:\/\/www.aarquiteta.com.br\/blog\/wp-json\/wp\/v2\/types\/post"}],"author":[{"embeddable":true,"href":"https:\/\/www.aarquiteta.com.br\/blog\/wp-json\/wp\/v2\/users\/102"}],"replies":[{"embeddable":true,"href":"https:\/\/www.aarquiteta.com.br\/blog\/wp-json\/wp\/v2\/comments?post=128065"}],"version-history":[{"count":0,"href":"https:\/\/www.aarquiteta.com.br\/blog\/wp-json\/wp\/v2\/posts\/128065\/revisions"}],"wp:featuredmedia":[{"embeddable":true,"href":"https:\/\/www.aarquiteta.com.br\/blog\/wp-json\/wp\/v2\/media\/128062"}],"wp:attachment":[{"href":"https:\/\/www.aarquiteta.com.br\/blog\/wp-json\/wp\/v2\/media?parent=128065"}],"wp:term":[{"taxonomy":"category","embeddable":true,"href":"https:\/\/www.aarquiteta.com.br\/blog\/wp-json\/wp\/v2\/categories?post=128065"},{"taxonomy":"post_tag","embeddable":true,"href":"https:\/\/www.aarquiteta.com.br\/blog\/wp-json\/wp\/v2\/tags?post=128065"}],"curies":[{"name":"wp","href":"https:\/\/api.w.org\/{rel}","templated":true}]}}